{"id":309297,"date":"2025-08-10T11:18:09","date_gmt":"2025-08-10T11:18:09","guid":{"rendered":"https:\/\/www.europesays.com\/fr\/309297\/"},"modified":"2025-08-10T11:18:09","modified_gmt":"2025-08-10T11:18:09","slug":"il-realise-son-reve-et-ouvre-un-resto","status":"publish","type":"post","link":"https:\/\/www.europesays.com\/fr\/309297\/","title":{"rendered":"il r\u00e9alise son r\u00eave et ouvre un resto"},"content":{"rendered":"<p>            Par<br \/>\n        <strong><br \/>\n            <a href=\"https:\/\/actu.fr\/auteur\/nina-hossein-zadeh\" title=\"Consulter tous les articles de Nina Hossein-Zadeh\" rel=\"nofollow noopener\" target=\"_blank\">Nina Hossein-Zadeh<\/a><br \/>\n        <\/strong><\/p>\n<p>        Publi\u00e9 le<\/p>\n<p>            10 ao\u00fbt 2025 \u00e0 12h12        <\/p>\n<p>De bons produits locaux, des recettes all\u00e9chantes et un montage vid\u00e9o de qualit\u00e9. Sur les r\u00e9seaux sociaux,<strong> Jules, 22\u00a0ans, Toulousain de naissance, cartonne\u2009!<\/strong> Avec pr\u00e8s de 160\u2009000 abonn\u00e9s sur Instagram,<a href=\"https:\/\/www.instagram.com\/julios.irl\/\" rel=\"nofollow noopener\" target=\"_blank\"> julios.irl<\/a> de son pseudonyme, s\u2019active quotidiennement derri\u00e8re ses fourneaux pour partager ses bons plans. Recettes pas ch\u00e8res, gastronomique, revisite de plats traditionnels, il ne se limite pas. Mais alors que ses abonn\u00e9s r\u00e9clamaient l\u2019ouverture d\u2019un restaurant, ce sera chose faite en ce mois d\u2019ao\u00fbt \u00e0 <a href=\"https:\/\/actu.fr\/toulouse\/\" rel=\"nofollow noopener\" target=\"_blank\"><strong>Toulouse<\/strong><\/a>\u2026 Pour un temps restreint\u2009!<\/p>\n<p>Les internautes veulent un resto, Jules se lance<\/p>\n<p class=\" wall-content\">\u00ab\u2009Dans l\u2019id\u00e9e, j\u2019avais beaucoup de commentaires pour ouvrir un restaurant. Forc\u00e9ment, les gens voient les vid\u00e9os, ils veulent go\u00fbter\u2009\u00bb, s\u2019enthousiasme Jules. Mais c\u2019est aussi son r\u00eave. Finalement, pour se rapprocher du but, il ouvrira<strong> un restaurant \u00e9ph\u00e9m\u00e8re pendant une semaine du 11 au 16\u00a0ao\u00fbt 2025.<\/strong><\/p>\n<p class=\" wall-content\">Depuis deux mois d\u00e9j\u00e0, il a d\u00e9cid\u00e9 de tout mettre en \u0153uvre pour trouver un restaurant \u00e0 Toulouse pr\u00eat \u00e0 l\u2019accueillir. Jules, avec l\u2019aide d\u2019un ami, se d\u00e9m\u00e8ne, monte un dossier et candidate aupr\u00e8s de plusieurs restaurateurs.<\/p>\n<p class=\" wall-content\">\u00ab\u2009J\u2019ai eu des refus, donc<strong> j\u2019ai d\u00e9cid\u00e9 de faire une vid\u00e9o pour expliquer mon projet. \u00c7a a pris de l\u2019ampleur<\/strong> et finalement plusieurs restaurants m\u2019ont contact\u00e9.\u2009\u00bb Apr\u00e8s plusieurs rendez-vous, Jules d\u00e9cide de poser sa future cuisine au<strong><a href=\"https:\/\/actu.fr\/occitanie\/toulouse_31555\/toulouse-anais-et-son-restaurant-representent-la-haute-garonne-dans-le-combat-des-regions-sur-m6_52406163.html\" rel=\"nofollow noopener\" target=\"_blank\"> restaurant Franquette, tenu par Ana\u00efs Bergua<\/a><\/strong> dans le quartier Arnaud Bernard, au 31 rue de la Cha\u00eene.<\/p>\n<p class=\" wall-content\">\u00ab\u2009Le courant est directement pass\u00e9 avec la cheffe et puis le lieu me pla\u00eet. Ana\u00efs ne sera pas l\u00e0, elle me fait totalement confiance puisqu\u2019elle sera en vacances. Je vais donc proposer mon propre concept le temps d\u2019une semaine.\u2009\u00bb<\/p>\n<p>Vid\u00e9os : en ce moment sur Actu<\/p>\n<p class=\" wall-content\"><a href=\"https:\/\/www.instagram.com\/p\/DMqF0Oztaat\/embed\" title=\"Ouvrir le lien sur Instagram\" rel=\"nofollow noopener\" target=\"_blank\">Visualiser le contenu sur Instagram<\/a><\/p>\n<p>Un menu qui se raconte en histoire<\/p>\n<p class=\" wall-content\">Le restaurant \u00e9ph\u00e9m\u00e8re de Jules, il ressemblera \u00e0 quoi\u2009? Ou plut\u00f4t, quelle exp\u00e9rience promet le chef\u2009? <strong>Un menu \u00e0 50\u00a0euros d\u00e9j\u00e0 avec deux amuse-bouche, deux entr\u00e9es, deux plats, un dessert<\/strong> et <strong>une mignardise<\/strong>.<\/p>\n<p class=\" wall-content\">\u00ab\u2009Il y aura des produits locaux d\u00e9j\u00e0, c\u2019est important, du poisson, de la viande et un menu qui se raconte sur une histoire.\u2009\u00bb Un r\u00e9cit qui se racontera par une voix off au cours du repas et contera l\u2019histoire d\u2019un enfant perdu dans la for\u00eat.<\/p>\n<p class=\" wall-content\">\u00ab\u2009Il va passer pas diff\u00e9rentes \u00e9motions et \u00e9cosyst\u00e8mes. C\u2019est ce qu\u2019on va retrouver dans l\u2019assiette. Pour repr\u00e9senter la for\u00eat, on aura par exemple une tartelette aux champignons avec un m\u00e9lange de pousse d\u2019herbe assaisonn\u00e9 au citron, et sa mousse d\u2019arbre avec de l\u2019ail noir et de l\u2019estragon\u2009\u00bb, d\u00e9taille le jeune Toulousain.<\/p>\n<p class=\" wall-content\">Chaque soir, tous<strong> les convives mangeront en m\u00eame temps, sur une table unique de 15\u00a0personnes.<\/strong> \u00ab\u2009Je veux qu\u2019ils se rencontrent et \u00e9changent, j\u2019aime \u00e7a\u2009\u00bb, confie Jules. Coup d\u2019envoi \u00e0 19\u2009h\u200930\u2009!<\/p>\n<p class=\" wall-content\"><a href=\"https:\/\/www.instagram.com\/p\/DKugzsdtXuc\/embed\" title=\"Ouvrir le lien sur Instagram\" rel=\"nofollow noopener\" target=\"_blank\">Visualiser le contenu sur Instagram<\/a><\/p>\n<p>Jules, un touche \u00e0 tout<\/p>\n<p class=\" wall-content\">Jules est un cr\u00e9atif donc, un curieux surtout qui se passionne de tout ce qui touche \u00e0 la cuisine. \u00ab\u2009J\u2019ai un CAP et un BEP cuisine. J\u2019aime beaucoup les recettes travaill\u00e9es et surtout le fait maison, comme le fromage par exemple.\u2009\u00bb<\/p>\n<p class=\" wall-content\">Ce qu\u2019il pr\u00e9f\u00e8re cuisiner\u2009? <strong>\u00ab\u2009C\u2019est par \u00e9tapes. Parfois je suis passionn\u00e9 de chocolat, en ce moment ce sont les fermentations<\/strong> comme le miso ou la sauce soja. Demain ce sera peut-\u00eatre autre chose. Ce que j\u2019aime c\u2019est la d\u00e9couverte\u2009!\u2009\u00bb<\/p>\n<p class=\" wall-content\">Avec ses vid\u00e9os sur le web, il n\u2019a pas d\u2019objectif r\u00e9el. Des vid\u00e9os, de la musique et des recettes, voil\u00e0 trois sujets qui l\u2019animent et qu\u2019il a voulu combiner. Mais Jules n\u2019est pas insensible aux r\u00e9actions. \u00ab\u2009J\u2019ai beaucoup de jeunes qui m\u2019\u00e9crivent pour me dire que \u00e7a les motive \u00e0 cuisiner\u2009\u00bb, dit-il.<\/p>\n<p class=\" wall-content\">Suivez toute l\u2019actualit\u00e9 de vos villes et m\u00e9dias favoris en vous inscrivant \u00e0 <a href=\"https:\/\/moncompte.actu.fr\" title=\"D\u00e9couvez Mon Actu\" rel=\"nofollow noopener\" data-trk=\"{&quot;cta&quot;:{&quot;action&quot;:&quot;https:\\\/\\\/moncompte.actu.fr&quot;,&quot;category&quot;:&quot;mon compte&quot;,&quot;from&quot;:&quot;article footer&quot;,&quot;name&quot;:&quot;Mon actu&quot;,&quot;type&quot;:&quot;cta&quot;}}\" target=\"_blank\">Mon Actu<\/a>.<\/p>\n<p>                    <script async src=\"\/\/www.instagram.com\/embed.js\"><\/script><\/p>\n","protected":false},"excerpt":{"rendered":"Par Nina Hossein-Zadeh Publi\u00e9 le 10 ao\u00fbt 2025 \u00e0 12h12 De bons produits locaux, des recettes all\u00e9chantes et&hellip;\n","protected":false},"author":2,"featured_media":309298,"comment_status":"","ping_status":"","sticky":false,"template":"","format":"standard","meta":{"footnotes":""},"categories":[2816],"tags":[1111,11,902,1777,674,1011,27,2440,12,2680,25,2850,104,2312],"class_list":{"0":"post-309297","1":"post","2":"type-post","3":"status-publish","4":"format-standard","5":"has-post-thumbnail","7":"category-toulouse","8":"tag-actu","9":"tag-actualites","10":"tag-cuisine","11":"tag-eu","12":"tag-europe","13":"tag-fr","14":"tag-france","15":"tag-instagram","16":"tag-news","17":"tag-occitanie","18":"tag-republique-francaise","19":"tag-restaurants-de-toulouse","20":"tag-societe","21":"tag-toulouse"},"share_on_mastodon":{"url":"https:\/\/pubeurope.com\/@fr\/115004198331551100","error":""},"_links":{"self":[{"href":"https:\/\/www.europesays.com\/fr\/wp-json\/wp\/v2\/posts\/309297","targetHints":{"allow":["GET"]}}],"collection":[{"href":"https:\/\/www.europesays.com\/fr\/wp-json\/wp\/v2\/posts"}],"about":[{"href":"https:\/\/www.europesays.com\/fr\/wp-json\/wp\/v2\/types\/post"}],"author":[{"embeddable":true,"href":"https:\/\/www.europesays.com\/fr\/wp-json\/wp\/v2\/users\/2"}],"replies":[{"embeddable":true,"href":"https:\/\/www.europesays.com\/fr\/wp-json\/wp\/v2\/comments?post=309297"}],"version-history":[{"count":0,"href":"https:\/\/www.europesays.com\/fr\/wp-json\/wp\/v2\/posts\/309297\/revisions"}],"wp:featuredmedia":[{"embeddable":true,"href":"https:\/\/www.europesays.com\/fr\/wp-json\/wp\/v2\/media\/309298"}],"wp:attachment":[{"href":"https:\/\/www.europesays.com\/fr\/wp-json\/wp\/v2\/media?parent=309297"}],"wp:term":[{"taxonomy":"category","embeddable":true,"href":"https:\/\/www.europesays.com\/fr\/wp-json\/wp\/v2\/categories?post=309297"},{"taxonomy":"post_tag","embeddable":true,"href":"https:\/\/www.europesays.com\/fr\/wp-json\/wp\/v2\/tags?post=309297"}],"curies":[{"name":"wp","href":"https:\/\/api.w.org\/{rel}","templated":true}]}}