{"id":309303,"date":"2025-08-10T11:22:25","date_gmt":"2025-08-10T11:22:25","guid":{"rendered":"https:\/\/www.europesays.com\/fr\/309303\/"},"modified":"2025-08-10T11:22:25","modified_gmt":"2025-08-10T11:22:25","slug":"municipales-2026-5-questions-sur-la-reforme-du-scrutin-pour-paris-lyon-et-marseille","status":"publish","type":"post","link":"https:\/\/www.europesays.com\/fr\/309303\/","title":{"rendered":"Municipales\u00a02026 : 5 questions sur la r\u00e9forme du scrutin pour Paris, Lyon et Marseille"},"content":{"rendered":"<p>Les \u00e9lecteurs des trois plus grandes villes de France \u00e9liront directement leurs conseillers municipaux, d\u00e8s les municipales de mars\u00a02026. Le Conseil constitutionnel a rendu un avis favorable, jeudi 7\u00a0ao\u00fbt 2025, \u00e0 la r\u00e9forme du scrutin Paris-Lyon-Marseille. Port\u00e9e par le d\u00e9put\u00e9 Renaissance Sylvain Maillard, elle avait \u00e9t\u00e9 adopt\u00e9e le 10\u00a0juillet 2025 avec une \u00e9crasante majorit\u00e9 (112\u00a0voix contre 28), avant que les \u00e9lus d\u2019opposition ne saisissent le Conseil. Comment voteront <a href=\"https:\/\/rennes.maville.com\/actu\/actudet_-reforme-paris-lyon-marseille-adoptee-qu-est-ce-que-ca-change-pour-les-municipales-2-026-_54135-6894455_actu.Htm\" target=\"_self\" rel=\"nofollow noopener\">les Parisiens, Lyonnais et Marseillais<\/a> en mars\u00a02026\u00a0? Que reprochaient ses d\u00e9tracteurs \u00e0 la r\u00e9forme\u00a0? \u00c9l\u00e9ments de r\u00e9ponses avec Bernard Dolez, politologue sp\u00e9cialis\u00e9 dans les modes de scrutin.<\/p>\n<p>1. Comment fonctionnait le scrutin dans ces trois villes jusqu\u2019ici\u00a0?<\/p>\n<p>Paris, Lyon et Marseille disposaient jusqu\u2019ici d\u2019un mode de scrutin \u00e0 part, depuis le vote en 1982 de la loi dite \u00ab\u00a0PLM\u00a0\u00bb, port\u00e9e par l\u2019ancien ministre de l\u2019Int\u00e9rieur Gaston Defferre.<\/p>\n<p>Les \u00e9lecteurs des trois plus grandes villes de France se d\u00e9pla\u00e7aient aux urnes pour \u00e9lire une liste de conseillers d\u2019arrondissements &#8211; ou de secteurs. Un tiers de ces conseillers \u00e9lus si\u00e9geaient ensuite au conseil municipal, charg\u00e9, lui, d\u2019\u00e9lire le maire de la ville. L\u2019\u00e9dile \u00e9tait ainsi \u00e9lu au suffrage universel indirect.<\/p>\n<p>2. Qu\u2019est-ce qui \u00e9tait reproch\u00e9\u00a0?<\/p>\n<p><strong>\u00ab\u00a0Le d\u00e9coupage par arrondissement peut amener \u00e0 la t\u00eate de la mairie un candidat ayant recueilli moins de voix populaires, mais un nombre sup\u00e9rieur de conseillers municipaux\u00a0\u00bb<\/strong>, explique Bernard Dolez, politologue. Gaston Defferre, qui venait de faire r\u00e9former le mode de scrutin, en a profit\u00e9. Il a \u00e9t\u00e9 r\u00e9\u00e9lu maire de Marseille en 1983, ayant conquis une majorit\u00e9 de conseillers, alors qu\u2019il \u00e9tait devanc\u00e9 en nombre de voix populaires par son adversaire. L\u2019exemple reste anecdotique, et ne se v\u00e9rifie pas n\u00e9cessairement dans les derniers scrutins.<\/p>\n<p>Reste que selon les d\u00e9coupages, l\u2019issue du vote pouvait \u00eatre affect\u00e9e.<strong> \u00ab\u00a0\u00c0 Paris, la droite \u00e9tait structurellement d\u00e9savantag\u00e9e depuis 1982\u00a0\u00bb,<\/strong> explique le politologue.<strong> \u00ab\u00a0\u00c0 Marseille, au contraire, la r\u00e9forme de 2025 profitera \u00e0 la gauche.\u00a0\u00bb<\/strong><\/p>\n<p>3. Comment vont voter les concern\u00e9s en 2026\u00a0?<\/p>\n<p>La r\u00e9forme du scrutin \u00ab\u00a0PLM\u00a0\u00bb a pour objectif d\u2019appliquer aux trois villes le mode de scrutin qui pr\u00e9vaut partout en France\u00a0: une circonscription unique d\u2019\u00e9lecteurs, qui d\u00e9signent au suffrage universel direct les conseillers de leur mairie centrale.<\/p>\n<p>Il sera ainsi demand\u00e9 aux Parisiens, Lyonnais et Marseillais de voter deux fois le m\u00eame jour (simultan\u00e9ment, dans le m\u00eame bureau de vote) pour les conseillers d\u2019arrondissement et pour les conseillers municipaux &#8211; le maire en devenir figurant en t\u00eate de liste. Les Lyonnais, eux, voteront m\u00eame trois fois, puisqu\u2019ils \u00e9lisent \u00e9galement leurs conseillers si\u00e9geant \u00e0 la M\u00e9tropole.<\/p>\n<p>4. Pourquoi avoir saisi le Conseil Constitutionnel\u00a0?<\/p>\n<p>Selon Bernard Dolez, <strong>\u00ab\u00a0le principal reproche qu\u2019on pouvait faire au texte est celui de la prime majoritaire \u00e0 25\u00a0%\u00a0\u00bb.<\/strong> Dans les autres communes fran\u00e7aises, la liste municipale qui arrive en t\u00eate obtient d\u2019office 50\u00a0% des si\u00e8ges, la moiti\u00e9 restante \u00e9tant remise en jeu \u00e0 la proportionnelle selon les scores des diff\u00e9rentes listes. Or, la r\u00e9forme du scrutin PLM pr\u00e9voit une prime majoritaire de seulement 25\u00a0% dans les trois villes. Ainsi, un quart des si\u00e8ges seront accord\u00e9s \u00e0 la liste gagnante, les \u00be restants r\u00e9partis entre l\u2019ensemble des listes.<\/p>\n<p>Un changement qui <strong>\u00ab\u00a0permet une meilleure repr\u00e9sentation des listes d\u2019opposition\u00a0\u00bb,<\/strong> mais aussi une moins grande stabilit\u00e9 dans les conseils municipaux. Le Conseil constitutionnel a statu\u00e9 que cela ne posait pas de probl\u00e8me, voire permettait de <strong>\u00ab\u00a0favoriser le pluralisme des courants de pens\u00e9es et d\u2019opinions, qui est en lui-m\u00eame un objectif de valeur constitutionnelle\u00a0\u00bb,<\/strong> dans sa d\u00e9cision rendue le 7\u00a0ao\u00fbt 2025.<\/p>\n<p>5. Quelle place sera accord\u00e9e aux conseillers d\u2019arrondissements\u00a0?<\/p>\n<p><strong>\u00ab\u00a0Les comp\u00e9tences des conseillers et maires d\u2019arrondissements sont totalement inchang\u00e9es\u00a0\u00bb,<\/strong> rassure Bernard Dolez. Mais cette r\u00e9forme \u00ab<strong>\u00a0va fortement d\u00e9corr\u00e9ler les deux scrutins\u00a0\u00bb<\/strong>, poursuit le politologue.<\/p>\n<p>Maintenant que la campagne se m\u00e8ne \u00e0 l\u2019\u00e9chelle de la ville enti\u00e8re,<strong> \u00ab\u00a0la visibilit\u00e9 des \u00e9lus connus dans leur arrondissement, \u00e0 l\u2019image de Francis Szpiner<\/strong> [ancien maire du XVIe\u00a0arrondissement parisien et candidat \u00e0 la mairie de Paris en 2026, ndlr]<strong>, va se diluer derri\u00e8re les grandes figures connues de tous, comme Rachida Dati\u00a0\u00bb,<\/strong> maire du VIIe\u00a0arrondissement, ministre de la Culture et candidate \u00e0 la mairie de Paris. La fin des \u00ab\u00a0barons\u00a0\u00bb locaux, en somme.<\/p>\n<p>\u00a0<\/p>\n","protected":false},"excerpt":{"rendered":"Les \u00e9lecteurs des trois plus grandes villes de France \u00e9liront directement leurs conseillers municipaux, d\u00e8s les municipales de&hellip;\n","protected":false},"author":2,"featured_media":309304,"comment_status":"","ping_status":"","sticky":false,"template":"","format":"standard","meta":{"footnotes":""},"categories":[2814],"tags":[5734,9638,1111,11,1777,674,1011,27,2428,884,3554,12,626,882,1426,4190,25,4189,12326],"class_list":{"0":"post-309303","1":"post","2":"type-post","3":"status-publish","4":"format-standard","5":"has-post-thumbnail","7":"category-marseille","8":"tag-5734","9":"tag-9638","10":"tag-actu","11":"tag-actualites","12":"tag-eu","13":"tag-europe","14":"tag-fr","15":"tag-france","16":"tag-lyon","17":"tag-marseille","18":"tag-municipales","19":"tag-news","20":"tag-paris","21":"tag-provence-alpes-cote-dazur","22":"tag-questions","23":"tag-reforme","24":"tag-republique-francaise","25":"tag-scrutin","26":"tag-seyne"},"share_on_mastodon":{"url":"https:\/\/pubeurope.com\/@fr\/115004214069823733","error":""},"_links":{"self":[{"href":"https:\/\/www.europesays.com\/fr\/wp-json\/wp\/v2\/posts\/309303","targetHints":{"allow":["GET"]}}],"collection":[{"href":"https:\/\/www.europesays.com\/fr\/wp-json\/wp\/v2\/posts"}],"about":[{"href":"https:\/\/www.europesays.com\/fr\/wp-json\/wp\/v2\/types\/post"}],"author":[{"embeddable":true,"href":"https:\/\/www.europesays.com\/fr\/wp-json\/wp\/v2\/users\/2"}],"replies":[{"embeddable":true,"href":"https:\/\/www.europesays.com\/fr\/wp-json\/wp\/v2\/comments?post=309303"}],"version-history":[{"count":0,"href":"https:\/\/www.europesays.com\/fr\/wp-json\/wp\/v2\/posts\/309303\/revisions"}],"wp:featuredmedia":[{"embeddable":true,"href":"https:\/\/www.europesays.com\/fr\/wp-json\/wp\/v2\/media\/309304"}],"wp:attachment":[{"href":"https:\/\/www.europesays.com\/fr\/wp-json\/wp\/v2\/media?parent=309303"}],"wp:term":[{"taxonomy":"category","embeddable":true,"href":"https:\/\/www.europesays.com\/fr\/wp-json\/wp\/v2\/categories?post=309303"},{"taxonomy":"post_tag","embeddable":true,"href":"https:\/\/www.europesays.com\/fr\/wp-json\/wp\/v2\/tags?post=309303"}],"curies":[{"name":"wp","href":"https:\/\/api.w.org\/{rel}","templated":true}]}}