{"id":309307,"date":"2025-08-10T11:24:13","date_gmt":"2025-08-10T11:24:13","guid":{"rendered":"https:\/\/www.europesays.com\/fr\/309307\/"},"modified":"2025-08-10T11:24:13","modified_gmt":"2025-08-10T11:24:13","slug":"metropole-de-lyon-la-course-poursuite-depuis-la-place-bellecour-se-termine-sur-la7-trois-interpellations","status":"publish","type":"post","link":"https:\/\/www.europesays.com\/fr\/309307\/","title":{"rendered":"M\u00e9tropole de Lyon. La course-poursuite depuis la place Bellecour se termine sur l\u2019A7\u00a0: trois interpellations"},"content":{"rendered":"<p>Une voiture, immatricul\u00e9e en Suisse, circulait aux abords de la place Bellecour vers cinq heures du matin ce dimanche 10 ao\u00fbt. Elle a grill\u00e9 un feu rouge, attirant l\u2019attention de la BAC (Brigade anti-criminalit\u00e9). Les policiers ont donc signifi\u00e9 au v\u00e9hicule de s\u2019arr\u00eater. En vain. Au contraire, la voiture suisse a heurt\u00e9 celle des forces de l\u2019ordre en tentant d\u2019\u00e9chapper au contr\u00f4le.<\/p>\n<p>Une course-poursuite a alors commenc\u00e9, menant les deux v\u00e9hicules sur l\u2019autoroute A7, aux abords du mus\u00e9e des Confluences. Ils se sont immobilis\u00e9s sur l\u2019axe, dans le sens nord-sud, bloquant un temps la circulation, heureusement tr\u00e8s peu dense \u00e0 cette heure de la nuit.<\/p>\n<p>Les trois hommes occupant le v\u00e9hicule en fuite ont \u00e9t\u00e9 interpell\u00e9s.\u00a0Dimanche, ils \u00e9taient en garde \u00e0 vue. L\u2019enqu\u00eate devra d\u00e9terminer pourquoi le conducteur a refus\u00e9 d\u2019obtemp\u00e9rer.<\/p>\n<p>Dans le m\u00eame secteur de Bellecour, le 11\u00a0juin, un automobiliste avait \u00e9t\u00e9 <a href=\"https:\/\/www.leprogres.fr\/faits-divers-justice\/2025\/06\/13\/rodeo-en-voiture-dans-le-centre-de-lyon-apres-avoir-fume-du-cannabis\" target=\"_blank\" rel=\"noopener\">rep\u00e9r\u00e9 en train de faire du rod\u00e9o<\/a>. Ce dernier avait donn\u00e9 davantage de fil \u00e0 retordre aux policiers apr\u00e8s un refus d\u2019obtemp\u00e9rer. Il avait fini par \u00eatre arr\u00eat\u00e9 dans la zone industrielle de Grigny, au sud de Lyon apr\u00e8s avoir \u00e9t\u00e9 pris en chasse.<\/p>\n","protected":false},"excerpt":{"rendered":"Une voiture, immatricul\u00e9e en Suisse, circulait aux abords de la place Bellecour vers cinq heures du matin ce&hellip;\n","protected":false},"author":2,"featured_media":309308,"comment_status":"","ping_status":"","sticky":false,"template":"","format":"standard","meta":{"footnotes":""},"categories":[1889],"tags":[1111,11,2430,271,272,2757,3154,1777,674,274,107,1011,27,44596,2428,12,25,2429],"class_list":{"0":"post-309307","1":"post","2":"type-post","3":"status-publish","4":"format-standard","5":"has-post-thumbnail","7":"category-lyon","8":"tag-actu","9":"tag-actualites","10":"tag-auvergne-rhone-alpes","11":"tag-crime","12":"tag-delit-et-contravention","13":"tag-edition-lyon-villeurbanne","14":"tag-edition-sud-lyonnais","15":"tag-eu","16":"tag-europe","17":"tag-faits-divers-justice","18":"tag-fil-info","19":"tag-fr","20":"tag-france","21":"tag-grigny-sur-rhone","22":"tag-lyon","23":"tag-news","24":"tag-republique-francaise","25":"tag-rhone"},"share_on_mastodon":{"url":"https:\/\/pubeurope.com\/@fr\/115004222045899090","error":""},"_links":{"self":[{"href":"https:\/\/www.europesays.com\/fr\/wp-json\/wp\/v2\/posts\/309307","targetHints":{"allow":["GET"]}}],"collection":[{"href":"https:\/\/www.europesays.com\/fr\/wp-json\/wp\/v2\/posts"}],"about":[{"href":"https:\/\/www.europesays.com\/fr\/wp-json\/wp\/v2\/types\/post"}],"author":[{"embeddable":true,"href":"https:\/\/www.europesays.com\/fr\/wp-json\/wp\/v2\/users\/2"}],"replies":[{"embeddable":true,"href":"https:\/\/www.europesays.com\/fr\/wp-json\/wp\/v2\/comments?post=309307"}],"version-history":[{"count":0,"href":"https:\/\/www.europesays.com\/fr\/wp-json\/wp\/v2\/posts\/309307\/revisions"}],"wp:featuredmedia":[{"embeddable":true,"href":"https:\/\/www.europesays.com\/fr\/wp-json\/wp\/v2\/media\/309308"}],"wp:attachment":[{"href":"https:\/\/www.europesays.com\/fr\/wp-json\/wp\/v2\/media?parent=309307"}],"wp:term":[{"taxonomy":"category","embeddable":true,"href":"https:\/\/www.europesays.com\/fr\/wp-json\/wp\/v2\/categories?post=309307"},{"taxonomy":"post_tag","embeddable":true,"href":"https:\/\/www.europesays.com\/fr\/wp-json\/wp\/v2\/tags?post=309307"}],"curies":[{"name":"wp","href":"https:\/\/api.w.org\/{rel}","templated":true}]}}