{"id":309309,"date":"2025-08-10T11:25:14","date_gmt":"2025-08-10T11:25:14","guid":{"rendered":"https:\/\/www.europesays.com\/fr\/309309\/"},"modified":"2025-08-10T11:25:14","modified_gmt":"2025-08-10T11:25:14","slug":"un-homme-blesse-aux-jambes","status":"publish","type":"post","link":"https:\/\/www.europesays.com\/fr\/309309\/","title":{"rendered":"un homme bless\u00e9 aux jambes"},"content":{"rendered":"<p>Un homme d\u2019une vingtaine d\u2019ann\u00e9es a \u00e9t\u00e9 bless\u00e9 par balles samedi soir \u00e0 Villeurbanne. Il a \u00e9t\u00e9 retrouv\u00e9 \u00e0 terre all\u00e9e des c\u00e8dres, dans le quartier des Brosses, le 9\u00a0ao\u00fbt aux environs de 21\u00a0h. Des habitants ont pr\u00e9venu la police qui s\u2019est aussit\u00f4t rendue sur les lieux.<\/p>\n<p>L\u2019homme bless\u00e9, pris en charge par les secours, a \u00e9t\u00e9 op\u00e9r\u00e9 durant la nuit. Il avait re\u00e7u deux balles dans les jambes. Actuellement en soins, on n\u2019en sait pas davantage sur les circonstances de cette agression.<\/p>\n<p>Les faits se sont d\u00e9roul\u00e9s \u00e0 proximit\u00e9 d\u2019un point de deal connu de la police, dans un secteur qui a r\u00e9cemment \u00e9t\u00e9 le th\u00e9\u00e2tre d\u2019autres coups de feu, avec une s\u00e9rie noire fin mai dans le quartier de Grandcl\u00e9ment, tout proche. Samedi 24\u00a0mai, trois hommes <a href=\"https:\/\/www.leprogres.fr\/faits-divers-justice\/2025\/05\/25\/villeurbanne-trois-jeunes-blesses-par-balles-les-auteurs-en-fuite\" target=\"_blank\" rel=\"noopener\">avaient \u00e9t\u00e9 bless\u00e9s aux jambes rue L\u00e9on Blum<\/a>.<\/p>\n<p>Sur fond de trafic de drogue ?<\/p>\n<p>Deux jours plus tard, lundi 26\u00a0mai, peu avant 20 heures, <a href=\"https:\/\/www.leprogres.fr\/faits-divers-justice\/2025\/05\/26\/villeurbanne-un-homme-abattu-pres-d-un-point-de-deal-le-suspect-recherche\" target=\"_blank\" rel=\"noopener\">un homme de 23 ans a \u00e9t\u00e9 tu\u00e9 par balle<\/a> rue du 8-Mai-1945, \u00e0 proximit\u00e9 d\u2019un point de deal. Toujours dans le quartier Grandcl\u00e9ment, dans la rue Burais \u00e0 environ un kilom\u00e8tre de l\u2019all\u00e9e des C\u00e8dres, un homme <a href=\"https:\/\/www.leprogres.fr\/faits-divers-justice\/2025\/05\/30\/un-homme-blesse-par-balle-a-grandclement\" target=\"_blank\" rel=\"noopener\">avait \u00e9t\u00e9 touch\u00e9 au mollet<\/a> en plein apr\u00e8s-midi vendredi 30\u00a0mai par un tireur circulant \u00e0 trottinette.<\/p>\n<p>Il n\u2019est pas exclu que les coups de feu de ce samedi constituent un nouvel \u00e9pisode de la guerre \u00e0 laquelle se livrent des narco-trafiquants dans cette commune voisine de Lyon.<\/p>\n","protected":false},"excerpt":{"rendered":"Un homme d\u2019une vingtaine d\u2019ann\u00e9es a \u00e9t\u00e9 bless\u00e9 par balles samedi soir \u00e0 Villeurbanne. Il a \u00e9t\u00e9 retrouv\u00e9&hellip;\n","protected":false},"author":2,"featured_media":309310,"comment_status":"","ping_status":"","sticky":false,"template":"","format":"standard","meta":{"footnotes":""},"categories":[1889],"tags":[1111,11,2430,271,272,2757,1777,674,274,107,1011,27,2428,12,25,2429,6345],"class_list":{"0":"post-309309","1":"post","2":"type-post","3":"status-publish","4":"format-standard","5":"has-post-thumbnail","7":"category-lyon","8":"tag-actu","9":"tag-actualites","10":"tag-auvergne-rhone-alpes","11":"tag-crime","12":"tag-delit-et-contravention","13":"tag-edition-lyon-villeurbanne","14":"tag-eu","15":"tag-europe","16":"tag-faits-divers-justice","17":"tag-fil-info","18":"tag-fr","19":"tag-france","20":"tag-lyon","21":"tag-news","22":"tag-republique-francaise","23":"tag-rhone","24":"tag-villeurbanne"},"share_on_mastodon":{"url":"https:\/\/pubeurope.com\/@fr\/115004225783010829","error":""},"_links":{"self":[{"href":"https:\/\/www.europesays.com\/fr\/wp-json\/wp\/v2\/posts\/309309","targetHints":{"allow":["GET"]}}],"collection":[{"href":"https:\/\/www.europesays.com\/fr\/wp-json\/wp\/v2\/posts"}],"about":[{"href":"https:\/\/www.europesays.com\/fr\/wp-json\/wp\/v2\/types\/post"}],"author":[{"embeddable":true,"href":"https:\/\/www.europesays.com\/fr\/wp-json\/wp\/v2\/users\/2"}],"replies":[{"embeddable":true,"href":"https:\/\/www.europesays.com\/fr\/wp-json\/wp\/v2\/comments?post=309309"}],"version-history":[{"count":0,"href":"https:\/\/www.europesays.com\/fr\/wp-json\/wp\/v2\/posts\/309309\/revisions"}],"wp:featuredmedia":[{"embeddable":true,"href":"https:\/\/www.europesays.com\/fr\/wp-json\/wp\/v2\/media\/309310"}],"wp:attachment":[{"href":"https:\/\/www.europesays.com\/fr\/wp-json\/wp\/v2\/media?parent=309309"}],"wp:term":[{"taxonomy":"category","embeddable":true,"href":"https:\/\/www.europesays.com\/fr\/wp-json\/wp\/v2\/categories?post=309309"},{"taxonomy":"post_tag","embeddable":true,"href":"https:\/\/www.europesays.com\/fr\/wp-json\/wp\/v2\/tags?post=309309"}],"curies":[{"name":"wp","href":"https:\/\/api.w.org\/{rel}","templated":true}]}}