{"id":309311,"date":"2025-08-10T11:27:11","date_gmt":"2025-08-10T11:27:11","guid":{"rendered":"https:\/\/www.europesays.com\/fr\/309311\/"},"modified":"2025-08-10T11:27:11","modified_gmt":"2025-08-10T11:27:11","slug":"entre-zones-gratuites-et-activites-payantes-lile-de-loisirs-de-cergy-tente-de-rester-accessible-aux-budgets-serres","status":"publish","type":"post","link":"https:\/\/www.europesays.com\/fr\/309311\/","title":{"rendered":"Entre zones gratuites et activit\u00e9s payantes, l\u2019\u00eele de loisirs de Cergy tente de rester accessible aux budgets serr\u00e9s"},"content":{"rendered":"<p class=\"paragraph text_align_left lp-f-body-02\">L\u2019\u00eele de loisirs de Cergy (Val-d\u2019Oise) brandit justement cette mission depuis sa cr\u00e9ation : \u00eatre le jardin de ceux qui n\u2019en ont pas. Pourtant, depuis quelques ann\u00e9es, dans un souci d\u2019\u00e9quilibre \u00e9conomique, les habitu\u00e9s ont vu se multiplier les propositions d\u2019activit\u00e9s tarif\u00e9es, \u00e0 des prix pas forc\u00e9ment abordables pour tous. Alors, l\u2019\u00eele de loisirs continue-t-elle vraiment d\u2019assurer son r\u00f4le de service public ?<\/p>\n","protected":false},"excerpt":{"rendered":"L\u2019\u00eele de loisirs de Cergy (Val-d\u2019Oise) brandit justement cette mission depuis sa cr\u00e9ation : \u00eatre le jardin de&hellip;\n","protected":false},"author":2,"featured_media":309312,"comment_status":"","ping_status":"","sticky":false,"template":"","format":"standard","meta":{"footnotes":""},"categories":[1592],"tags":[1111,11,1777,674,1011,27,662,1944,12,626,25,6601],"class_list":{"0":"post-309311","1":"post","2":"type-post","3":"status-publish","4":"format-standard","5":"has-post-thumbnail","7":"category-ile-de-france","8":"tag-actu","9":"tag-actualites","10":"tag-eu","11":"tag-europe","12":"tag-fr","13":"tag-france","14":"tag-ile-de-france","15":"tag-ma-ville","16":"tag-news","17":"tag-paris","18":"tag-republique-francaise","19":"tag-val-d-oise"},"share_on_mastodon":{"url":"https:\/\/pubeurope.com\/@fr\/115004233792163214","error":""},"_links":{"self":[{"href":"https:\/\/www.europesays.com\/fr\/wp-json\/wp\/v2\/posts\/309311","targetHints":{"allow":["GET"]}}],"collection":[{"href":"https:\/\/www.europesays.com\/fr\/wp-json\/wp\/v2\/posts"}],"about":[{"href":"https:\/\/www.europesays.com\/fr\/wp-json\/wp\/v2\/types\/post"}],"author":[{"embeddable":true,"href":"https:\/\/www.europesays.com\/fr\/wp-json\/wp\/v2\/users\/2"}],"replies":[{"embeddable":true,"href":"https:\/\/www.europesays.com\/fr\/wp-json\/wp\/v2\/comments?post=309311"}],"version-history":[{"count":0,"href":"https:\/\/www.europesays.com\/fr\/wp-json\/wp\/v2\/posts\/309311\/revisions"}],"wp:featuredmedia":[{"embeddable":true,"href":"https:\/\/www.europesays.com\/fr\/wp-json\/wp\/v2\/media\/309312"}],"wp:attachment":[{"href":"https:\/\/www.europesays.com\/fr\/wp-json\/wp\/v2\/media?parent=309311"}],"wp:term":[{"taxonomy":"category","embeddable":true,"href":"https:\/\/www.europesays.com\/fr\/wp-json\/wp\/v2\/categories?post=309311"},{"taxonomy":"post_tag","embeddable":true,"href":"https:\/\/www.europesays.com\/fr\/wp-json\/wp\/v2\/tags?post=309311"}],"curies":[{"name":"wp","href":"https:\/\/api.w.org\/{rel}","templated":true}]}}