{"id":309313,"date":"2025-08-10T11:28:13","date_gmt":"2025-08-10T11:28:13","guid":{"rendered":"https:\/\/www.europesays.com\/fr\/309313\/"},"modified":"2025-08-10T11:28:13","modified_gmt":"2025-08-10T11:28:13","slug":"buvez-leau-des-ruisseaux-des-pyrenees-risquez-lintoxication-les-autorites-alertent-sur-les-consequences-des-fortes-chaleurs","status":"publish","type":"post","link":"https:\/\/www.europesays.com\/fr\/309313\/","title":{"rendered":"Buvez l\u2019eau des ruisseaux des Pyr\u00e9n\u00e9es, risquez l\u2019intoxication\u202f! Les autorit\u00e9s alertent sur les cons\u00e9quences des fortes chaleurs"},"content":{"rendered":"<p class=\"article__intro\">Avec la hausse des temp\u00e9ratures, la pr\u00e9fecture des Hautes-Pyr\u00e9n\u00e9es met en garde contre les risques d\u2019intoxication li\u00e9s \u00e0 la consommation d\u2019eau pr\u00e9lev\u00e9e directement dans les ruisseaux et torrents de montagne. Malgr\u00e9 leur apparente puret\u00e9, ces eaux peuvent contenir des agents pathog\u00e8nes dangereux pour la sant\u00e9.<\/p>\n<p>\n      La Quotidienne Soci\u00e9t\u00e9\n    <\/p>\n<p>\n      De la vie quotidienne aux grands enjeux, recevez tous les jours les sujets qui font la soci\u00e9t\u00e9 locale, comme la justice, l\u2019\u00e9ducation, la sant\u00e9 et la famille.\n    <\/p>\n<p>    France T\u00e9l\u00e9visions utilise votre adresse e-mail afin de vous envoyer la newsletter \u00ab\u00a0La Quotidienne Soci\u00e9t\u00e9\u00a0\u00bb. Vous pouvez vous d\u00e9sinscrire \u00e0 tout moment via le lien en bas de cette newsletter. <a target=\"_blank\" href=\"https:\/\/www.francetelevisions.fr\/groupe\/confidentialite\/politique-de-confidentialite\/politique-de-confidentialite-de-france-televisions-6503\" rel=\"nofollow noopener\">Notre politique de confidentialit\u00e9<\/a><\/p>\n<p>En randonn\u00e9e, s\u2019hydrater r\u00e9guli\u00e8rement est vital, surtout en p\u00e9riode de canicule. Mais la pr\u00e9fecture des Hautes-Pyr\u00e9n\u00e9es met en garde : l\u2019eau pr\u00e9lev\u00e9e directement dans les ruisseaux, torrents ou lacs peut pr\u00e9senter de s\u00e9rieux risques sanitaires.<\/p>\n<p>Cette alerte fait suite \u00e0 plusieurs interventions, cette semaine, du peloton de gendarmerie de haute montagne (PGHM) aupr\u00e8s de personnes victimes d&rsquo;intoxication \u00e0 l&rsquo;eau. Le d\u00e9partement a \u00e9galement enregistr\u00e9 de nombreux passages aux urgences pour le m\u00eame motif.<\/p>\n<\/p>\n<p>M\u00eame limpide, fra\u00eeche et apparemment pure, l\u2019eau de montagne peut transporter divers agents pathog\u00e8nes provoquant naus\u00e9es, diarrh\u00e9es ou vomissements, et parfois des maladies gastro-intestinales graves.\u00a0<\/p>\n<p>La pr\u00e9fecture insiste sur le fait que l\u2019usage de gourdes filtrantes ne suffit pas \u00e0 \u00e9liminer tous les risques. Il est important de privil\u00e9gier des sources d\u2019eau s\u00fbres comme celles du robinet ou l\u2019eau en bouteille.<\/p>\n<\/p>\n<p>L\u2019eau des lacs, torrents et ruisseaux, loin d\u2019\u00eatre pure, comporte des risques sanitaires majeurs :<\/p>\n<ul>\n<li><strong>Une contamination microbiologique<\/strong> : l&rsquo;eau peut contenir des bact\u00e9ries, des virus et des parasites qui peuvent provoquer des maladies gastro-intestinales graves.<\/li>\n<\/ul>\n<ul>\n<li><strong>Une pollution animale et humaine<\/strong> : l\u2019eau peut \u00e9galement \u00eatre contamin\u00e9e par des d\u00e9jections d\u2019animaux sauvages ou domestiques, ainsi que par des d\u00e9chets humains ou agricoles.<\/li>\n<\/ul>\n<p>Avec les fortes chaleurs, les risques de d\u00e9shydratation et d\u2019insolation augmentent. Il est donc essentiel d\u2019adapter son hydratation \u00e0 l\u2019effort. <a href=\"https:\/\/lannuaire.service-public.fr\/occitanie\/hautes-pyrenees\/b144d9f6-b256-4a8b-b7f5-73a3d2277b5a\" target=\"_blank\" rel=\"noopener nofollow\">Le peloton de gendarmerie de haute montagne<\/a> recommande plusieurs mesures de s\u00e9curit\u00e9 \u00e0 suivre :<\/p>\n<ul>\n<li>Emporter une quantit\u00e9 d&rsquo;eau suffisante. 1\/2 litre d&rsquo;eau par heure de marche est conseill\u00e9.<\/li>\n<li>Faire des pauses \u00e0 l\u2019ombre et \u00e9viter, autant que possible, de marcher durant les heures les plus chaudes.\u00a0<\/li>\n<li>Boire r\u00e9guli\u00e8rement tout au long de la randonn\u00e9e et n\u2019utiliser une gourde filtrante qu\u2019en dernier recours.<\/li>\n<li>Privil\u00e9gier l&rsquo;approvisionnement en eau dans les refuges.\u00a0<\/li>\n<\/ul>\n","protected":false},"excerpt":{"rendered":"Avec la hausse des temp\u00e9ratures, la pr\u00e9fecture des Hautes-Pyr\u00e9n\u00e9es met en garde contre les risques d\u2019intoxication li\u00e9s \u00e0&hellip;\n","protected":false},"author":2,"featured_media":309314,"comment_status":"","ping_status":"","sticky":false,"template":"","format":"standard","meta":{"footnotes":""},"categories":[1888],"tags":[1111,1928,11,1927,1777,674,1011,27,12,1926,626,1925,25],"class_list":{"0":"post-309313","1":"post","2":"type-post","3":"status-publish","4":"format-standard","5":"has-post-thumbnail","7":"category-paris","8":"tag-actu","9":"tag-actu-paris","10":"tag-actualites","11":"tag-actualites-paris","12":"tag-eu","13":"tag-europe","14":"tag-fr","15":"tag-france","16":"tag-news","17":"tag-news-paris","18":"tag-paris","19":"tag-paris-news","20":"tag-republique-francaise"},"share_on_mastodon":{"url":"https:\/\/pubeurope.com\/@fr\/115004237727121069","error":""},"_links":{"self":[{"href":"https:\/\/www.europesays.com\/fr\/wp-json\/wp\/v2\/posts\/309313","targetHints":{"allow":["GET"]}}],"collection":[{"href":"https:\/\/www.europesays.com\/fr\/wp-json\/wp\/v2\/posts"}],"about":[{"href":"https:\/\/www.europesays.com\/fr\/wp-json\/wp\/v2\/types\/post"}],"author":[{"embeddable":true,"href":"https:\/\/www.europesays.com\/fr\/wp-json\/wp\/v2\/users\/2"}],"replies":[{"embeddable":true,"href":"https:\/\/www.europesays.com\/fr\/wp-json\/wp\/v2\/comments?post=309313"}],"version-history":[{"count":0,"href":"https:\/\/www.europesays.com\/fr\/wp-json\/wp\/v2\/posts\/309313\/revisions"}],"wp:featuredmedia":[{"embeddable":true,"href":"https:\/\/www.europesays.com\/fr\/wp-json\/wp\/v2\/media\/309314"}],"wp:attachment":[{"href":"https:\/\/www.europesays.com\/fr\/wp-json\/wp\/v2\/media?parent=309313"}],"wp:term":[{"taxonomy":"category","embeddable":true,"href":"https:\/\/www.europesays.com\/fr\/wp-json\/wp\/v2\/categories?post=309313"},{"taxonomy":"post_tag","embeddable":true,"href":"https:\/\/www.europesays.com\/fr\/wp-json\/wp\/v2\/tags?post=309313"}],"curies":[{"name":"wp","href":"https:\/\/api.w.org\/{rel}","templated":true}]}}