{"id":309317,"date":"2025-08-10T11:30:14","date_gmt":"2025-08-10T11:30:14","guid":{"rendered":"https:\/\/www.europesays.com\/fr\/309317\/"},"modified":"2025-08-10T11:30:14","modified_gmt":"2025-08-10T11:30:14","slug":"deguises-en-facteurs-ils-volent-une-montre-estimee-a-115-000-euros-a-chatenay-malabry","status":"publish","type":"post","link":"https:\/\/www.europesays.com\/fr\/309317\/","title":{"rendered":"D\u00e9guis\u00e9s en facteurs, ils volent une montre estim\u00e9e \u00e0 115\u00a0000\u00a0euros \u00e0 Ch\u00e2tenay-Malabry"},"content":{"rendered":"<p class=\"paragraph text_align_left lp-f-body-02\">Une enqu\u00eate est ouverte apr\u00e8s qu\u2019une personne a port\u00e9 plainte pour le vol de sa montre de luxe, ce samedi 9 ao\u00fbt, \u00e0 <a href=\"https:\/\/www.leparisien.fr\/hauts-de-seine-92\/chatenay-malabry-92290\/\" target=\"_self\" rel=\"noopener\">Ch\u00e2tenay-Malabry<\/a> (Hauts-de-Seine). La victime n\u2019a pas \u00e9t\u00e9 bless\u00e9e mais elle en a sans doute \u00e9t\u00e9 quitte pour une belle frayeur.<\/p>\n<p class=\"paragraph text_align_left lp-f-body-02\">Ce matin-l\u00e0, cette personne qui habite un immeuble sort de son logement et entre dans l\u2019ascenseur. Dans la cage l\u2019attendent deux hommes, v\u00eatus en facteurs. Un des deux individus porte sur lui un couteau d\u2019une lame d\u2019environ 15 cm.<\/p>\n<p class=\"paragraph text_align_left lp-f-body-02\">Il menace alors la victime, lui d\u00e9robe sa montre du poignet et s\u2019enfuit avec son complice. L\u2019objet vol\u00e9 est une Patek Philippe, une marque d\u2019horlogerie suisse, estim\u00e9e \u00e0 115 000 euros.<\/p>\n<p class=\"paragraph text_align_left lp-f-body-02\">Fin juin dernier, \u00e0 Paris, <a href=\"https:\/\/www.leparisien.fr\/paris-75\/paris-un-touriste-se-fait-voler-a-larrache-sa-montre-a-200-000-euros-26-06-2025-JCXTSQARYREKVL2AOHJJZ42A3Y.php\" target=\"_blank\" rel=\"noreferrer noopener\">un touriste s\u2019\u00e9tait d\u00e9j\u00e0 fait voler une montre de la m\u00eame marque<\/a>, celle-ci d\u2019une valeur de 200 000 euros. L\u2019agresseur avait arrach\u00e9 l\u2019accessoire avant de s\u2019enfuir dans le jardin des Tuileries.<\/p>\n<p class=\"paragraph text_align_left lp-f-body-02\">Plus g\u00e9n\u00e9ralement, des vols de bijoux sont r\u00e9guli\u00e8rement constat\u00e9s dans les Hauts-de-Seine. Il y a une semaine, un faux pompier et ses complices avaient d\u00e9rob\u00e9 pour <a href=\"https:\/\/www.leparisien.fr\/hauts-de-seine-92\/neuilly-un-faux-pompier-et-ses-complices-derobent-pour-500-000-euros-de-montres-et-bijoux-lors-dun-home-jacking-03-08-2025-XE37IT54RZAZ7AHBESDS4U2RTM.php\" target=\"_blank\" rel=\"noreferrer noopener\">300 000 euros de montres et bijoux<\/a> lors d\u2019un home jacking \u00e0 Neuilly-sur-Seine.<\/p>\n","protected":false},"excerpt":{"rendered":"Une enqu\u00eate est ouverte apr\u00e8s qu\u2019une personne a port\u00e9 plainte pour le vol de sa montre de luxe,&hellip;\n","protected":false},"author":2,"featured_media":309318,"comment_status":"","ping_status":"","sticky":false,"template":"","format":"standard","meta":{"footnotes":""},"categories":[1888],"tags":[11,1777,674,1011,27,3314,1944,12,626,25],"class_list":{"0":"post-309317","1":"post","2":"type-post","3":"status-publish","4":"format-standard","5":"has-post-thumbnail","7":"category-paris","8":"tag-actualites","9":"tag-eu","10":"tag-europe","11":"tag-fr","12":"tag-france","13":"tag-hauts-de-seine","14":"tag-ma-ville","15":"tag-news","16":"tag-paris","17":"tag-republique-francaise"},"share_on_mastodon":{"url":"https:\/\/pubeurope.com\/@fr\/115004245540489216","error":""},"_links":{"self":[{"href":"https:\/\/www.europesays.com\/fr\/wp-json\/wp\/v2\/posts\/309317","targetHints":{"allow":["GET"]}}],"collection":[{"href":"https:\/\/www.europesays.com\/fr\/wp-json\/wp\/v2\/posts"}],"about":[{"href":"https:\/\/www.europesays.com\/fr\/wp-json\/wp\/v2\/types\/post"}],"author":[{"embeddable":true,"href":"https:\/\/www.europesays.com\/fr\/wp-json\/wp\/v2\/users\/2"}],"replies":[{"embeddable":true,"href":"https:\/\/www.europesays.com\/fr\/wp-json\/wp\/v2\/comments?post=309317"}],"version-history":[{"count":0,"href":"https:\/\/www.europesays.com\/fr\/wp-json\/wp\/v2\/posts\/309317\/revisions"}],"wp:featuredmedia":[{"embeddable":true,"href":"https:\/\/www.europesays.com\/fr\/wp-json\/wp\/v2\/media\/309318"}],"wp:attachment":[{"href":"https:\/\/www.europesays.com\/fr\/wp-json\/wp\/v2\/media?parent=309317"}],"wp:term":[{"taxonomy":"category","embeddable":true,"href":"https:\/\/www.europesays.com\/fr\/wp-json\/wp\/v2\/categories?post=309317"},{"taxonomy":"post_tag","embeddable":true,"href":"https:\/\/www.europesays.com\/fr\/wp-json\/wp\/v2\/tags?post=309317"}],"curies":[{"name":"wp","href":"https:\/\/api.w.org\/{rel}","templated":true}]}}