{"id":309319,"date":"2025-08-10T11:31:10","date_gmt":"2025-08-10T11:31:10","guid":{"rendered":"https:\/\/www.europesays.com\/fr\/309319\/"},"modified":"2025-08-10T11:31:10","modified_gmt":"2025-08-10T11:31:10","slug":"paris-et-si-vous-deveniez-musicien-du-metro","status":"publish","type":"post","link":"https:\/\/www.europesays.com\/fr\/309319\/","title":{"rendered":"Paris : et si vous deveniez musicien du m\u00e9tro ?"},"content":{"rendered":"<p class=\"paragraph text_align_left lp-f-body-02\">C\u2019est probablement la plus grande \u00ab sc\u00e8ne musicale \u00bb de la capitale et sans aucun doute celle qui permet de toucher le public le plus diversifi\u00e9. Les dizaines de kilom\u00e8tres de couloirs et les centaines de salles d\u2019\u00e9changes du m\u00e9tro parisien sont tr\u00e8s convoit\u00e9s par les musiciens amateurs (ou semi-professionnels) pour la visibilit\u00e9 qu\u2019elle peut leur apporter. Mais pas question de s\u2019y installer au d\u00e9bott\u00e9, guitare \u00e0 la main, pour faire la manche. <\/p>\n<p class=\"paragraph text_align_left lp-f-body-02\">La sc\u00e8ne musicale souterraine est en effet r\u00e9serv\u00e9e aux artistes ayant obtenu<a href=\"https:\/\/www.leparisien.fr\/info-paris-ile-de-france-oise\/transports\/des-couloirs-de-correspondance-a-une-vraie-scene-le-chouette-casting-des-musiciens-du-metro-22-03-2025-3343WFHZSVFNFGE43HI2QZKGLE.php\" target=\"_self\" rel=\"noopener\"> le label \u00abmusiciens du m\u00e9tro\u00bb <\/a>qui les autorise \u00e0 se produire durant 6 mois sur le r\u00e9seau. La RATP en attribue 300 (\u00e0 peu pr\u00e8s autant que le nombre de stations sur le r\u00e9seau historique) par semestre, \u00e0 l\u2019issue d\u2019une s\u00e9rie de castings pour d\u00e9partager les candidats. La prochaine, qui servira \u00e0 s\u00e9lectionner la promotion des musiciens du m\u00e9tro pour la p\u00e9riode octobre 2025\/mars 2026, d\u00e9butera \u00e0 la rentr\u00e9e. <\/p>\n<p class=\"paragraph text_align_left lp-f-body-02\">Les artistes qui souhaitent y participer ont jusqu\u2019au jeudi 28 ao\u00fbt (inclus) pour faire acte de candidature \u00e0 la RATP. Pas de \u00ab d\u00e9mo \u00bb \u00e0 adresser. Dans un premier temps, les candidats n\u2019ont qu\u2019\u00e0 envoyer un mail \u00e0 musiciensdumetro@ratp avec leurs coordonn\u00e9es (nom, pr\u00e9nom, adresse, t\u00e9l\u00e9phone, date et lieu de naissance) et des pr\u00e9cisions sur l\u2019instrument (ou les instruments dans le cas de candidatures de groupes) jou\u00e9 et le style musical pratiqu\u00e9. Les artistes qui ont d\u00e9j\u00e0 diffus\u00e9 des titres sur des plateformes d\u2019\u00e9coute sont invit\u00e9s \u00e0 ins\u00e9rer un lien dans leur mail.<\/p>\n<p>Un tremplin pour de nombreux artistes<\/p>\n<p class=\"paragraph text_align_left lp-f-body-02\">Les candidats, souvent 5 \u00e0 6 fois plus nombreux que le nombre de places accord\u00e9es, seront \u00ab convoqu\u00e9s \u00bb en septembre pour des castings devant des jurys compos\u00e9s d\u2019agents RATP ou<a href=\"https:\/\/www.leparisien.fr\/info-paris-ile-de-france-oise\/transports\/grand-paris-maintenant-ce-sont-les-pros-qui-auditionnent-les-musiciens-du-metro-29-03-2022-4LXZZRHWZVBJLOHH6GBVZXZXQA.php\" target=\"_self\" rel=\"noopener\"> dans certains cas de professionnels de la musique<\/a>. Ils auront deux titres pour convaincre les jur\u00e9s qui devront veiller \u00e0 la diversit\u00e9 des styles musicaux des artistes accr\u00e9dit\u00e9s. Contrairement \u00e0 ce qu\u2019on pourrait croire, les musiciens labellis\u00e9s par la RATP ne sont pas tenus de se produire dans une station pr\u00e9cise mais sont autoris\u00e9s, durant 6 mois, \u00e0 s\u2019installer o\u00f9 ils le souhaitent sur le r\u00e9seau\u2026 pour peu qu\u2019un autre musiciens du m\u00e9tro n\u2019est d\u00e9j\u00e0 pris la place.<\/p>\n<p class=\"paragraph text_align_left lp-f-body-02\">Mis en place depuis 1997, le dispositif des musiciens du m\u00e9tro a servi de <a href=\"https:\/\/www.leparisien.fr\/info-paris-ile-de-france-oise\/transports\/ben-harper-claudio-capeo-michel-polnareff-ces-musiciens-celebres-qui-ont-debute-dans-le-metro-parisien-21-09-2023-3WI77HHC25ETZKJLBDLEKRNP4U.php\" target=\"_self\" rel=\"noopener\">tremplin \u00e0 de nombreux artistes<\/a> qui ont commenc\u00e9 en souterrain avant d\u2019arriver en pleine lumi\u00e8re comme Ben Harper, Claudio Cap\u00e9o ou m\u00eame Michel Polnareff. Parmi les derniers en date, on peut citer Zaz dans les ann\u00e9es 2000, ou la chanteuse Vernis Rouge, r\u00e9v\u00e9l\u00e9e dans l\u2019\u00e9mission the Voice en 2024 apr\u00e8s avoir \u00e9t\u00e9 rep\u00e9r\u00e9e pour ses performances dans le m\u00e9tro un an plus t\u00f4t.<\/p>\n","protected":false},"excerpt":{"rendered":"C\u2019est probablement la plus grande \u00ab sc\u00e8ne musicale \u00bb de la capitale et sans aucun doute celle qui&hellip;\n","protected":false},"author":2,"featured_media":309320,"comment_status":"","ping_status":"","sticky":false,"template":"","format":"standard","meta":{"footnotes":""},"categories":[1888],"tags":[11,1777,674,1011,27,1944,12,626,25,2382],"class_list":{"0":"post-309319","1":"post","2":"type-post","3":"status-publish","4":"format-standard","5":"has-post-thumbnail","7":"category-paris","8":"tag-actualites","9":"tag-eu","10":"tag-europe","11":"tag-fr","12":"tag-france","13":"tag-ma-ville","14":"tag-news","15":"tag-paris","16":"tag-republique-francaise","17":"tag-transport-idf-oise"},"share_on_mastodon":{"url":"https:\/\/pubeurope.com\/@fr\/115004249424431531","error":""},"_links":{"self":[{"href":"https:\/\/www.europesays.com\/fr\/wp-json\/wp\/v2\/posts\/309319","targetHints":{"allow":["GET"]}}],"collection":[{"href":"https:\/\/www.europesays.com\/fr\/wp-json\/wp\/v2\/posts"}],"about":[{"href":"https:\/\/www.europesays.com\/fr\/wp-json\/wp\/v2\/types\/post"}],"author":[{"embeddable":true,"href":"https:\/\/www.europesays.com\/fr\/wp-json\/wp\/v2\/users\/2"}],"replies":[{"embeddable":true,"href":"https:\/\/www.europesays.com\/fr\/wp-json\/wp\/v2\/comments?post=309319"}],"version-history":[{"count":0,"href":"https:\/\/www.europesays.com\/fr\/wp-json\/wp\/v2\/posts\/309319\/revisions"}],"wp:featuredmedia":[{"embeddable":true,"href":"https:\/\/www.europesays.com\/fr\/wp-json\/wp\/v2\/media\/309320"}],"wp:attachment":[{"href":"https:\/\/www.europesays.com\/fr\/wp-json\/wp\/v2\/media?parent=309319"}],"wp:term":[{"taxonomy":"category","embeddable":true,"href":"https:\/\/www.europesays.com\/fr\/wp-json\/wp\/v2\/categories?post=309319"},{"taxonomy":"post_tag","embeddable":true,"href":"https:\/\/www.europesays.com\/fr\/wp-json\/wp\/v2\/tags?post=309319"}],"curies":[{"name":"wp","href":"https:\/\/api.w.org\/{rel}","templated":true}]}}