{"id":309324,"date":"2025-08-10T11:34:13","date_gmt":"2025-08-10T11:34:13","guid":{"rendered":"https:\/\/www.europesays.com\/fr\/309324\/"},"modified":"2025-08-10T11:34:13","modified_gmt":"2025-08-10T11:34:13","slug":"le-droit-de-vote-des-femmes-remis-en-cause-dans-une-video-partagee-par-un-membre-du-gouvernement-trump","status":"publish","type":"post","link":"https:\/\/www.europesays.com\/fr\/309324\/","title":{"rendered":"Le droit de vote des femmes remis en cause dans une vid\u00e9o partag\u00e9e par un membre du gouvernement Trump"},"content":{"rendered":"<p>Le secr\u00e9taire \u00e0 la D\u00e9fense des \u00c9tats-Unis, <a href=\"https:\/\/www.20minutes.fr\/politique\/pete-hegseth\/\" target=\"_blank\" class=\"color-ultramarine c-link\" rel=\"noopener\">Pete Hegseth<\/a>, ne cache pas ses positions radicales sur les droits des femmes. L\u2019homme politique a repartag\u00e9 une vid\u00e9o vendredi, rep\u00e9r\u00e9e par le <a href=\"https:\/\/www.huffingtonpost.fr\/international\/article\/retirer-le-droit-de-vote-aux-femmes-hegseth-le-secretaire-a-la-defense-americain-partage-une-video-en-ce-sens_253433.html\" rel=\"nofollow noopener\" target=\"_blank\" class=\"color-ultramarine c-link\">HuffPost<\/a>, dans laquelle plusieurs pasteurs affirment que les femmes devraient perdre leur <a href=\"https:\/\/www.20minutes.fr\/politique\/4086055-20240421-80-ans-droit-vote-femmes-decortique-quatre-idees-recues\" target=\"_blank\" class=\"color-ultramarine c-link\" rel=\"noopener\">droit de vote<\/a> et se soumettre \u00e0 leurs maris.<\/p>\n<p>Cette vid\u00e9o issue du reportage \u00ab\u00a0Croisade pour la domination chr\u00e9tienne dans l\u2019\u00e8re de <a href=\"https:\/\/www.20minutes.fr\/dossier\/donald_trump\" target=\"_blank\" class=\"color-ultramarine c-link\" rel=\"noopener\">Trump<\/a>\u00a0\u00bb et diffus\u00e9 sur la cha\u00eene am\u00e9ricaine CNN, est un extrait de l\u2019interview du pasteur Douglas Wilson, connu pour ses positions radicales et conservatrices. Ce dernier est notamment le cofondateur de la Communion des \u00c9glises \u00e9vang\u00e9liques r\u00e9form\u00e9es (CREC), un groupe qui promeut la soumission de la femme \u00e0 son mari.<\/p>\n<p class=\"mb-xxl@xs color-ultramarine font-weight-semi-bold@xs font-source-serif-pro heading-s@xs\">L\u2019acc\u00e8s \u00e0 ce contenu a \u00e9t\u00e9 bloqu\u00e9 afin de respecter votre choix de consentement<\/p>\n<p class=\"mb-m@xs text-l@xs\">En cliquant sur\u00ab J\u2019accepte \u00bb, vous acceptez le d\u00e9p\u00f4t de cookies par des services externes et aurez ainsi acc\u00e8s aux contenus de nos partenaires.<\/p>\n<p class=\"mb-xl@xs text-s@xs\">Plus d\u2019informations sur la page<a href=\"https:\/\/www.20minutes.fr\/gestion-cookies\" class=\"mx-xxs@xs color-ultramarine\" target=\"_blank\" rel=\"noopener\">Politique de gestion des cookies<\/a><\/p>\n<p>J\u2019accepte\u00ab\u00a0Je serai celui qui vote\u00a0\u00bb<\/p>\n<p>Dans cette interview le pasteur estime que cela \u00ab\u00a0ne demande aucun talent de se reproduire biologiquement\u00a0\u00bb. Plus tard, il mentionne que les femmes ne devraient pas occuper des postes de direction dans l\u2019arm\u00e9e ou \u00eatre en mesure d\u2019occuper des r\u00f4les de combat. Et d\u2019ajouter qu\u2019elles ne devraient pas avoir de postes haut plac\u00e9s dans l\u2019<a href=\"https:\/\/www.20minutes.fr\/dossier\/eglise\" target=\"_blank\" class=\"color-ultramarine c-link\" rel=\"noopener\">\u00c9glise<\/a>.<\/p>\n<p><a href=\"https:\/\/www.20minutes.fr\/monde\/etats-unis\/\" target=\"_blank\" class=\"c-link c-btn c-btn--primary\" rel=\"noopener\">Tous nos articles sur les Etats-Unis<\/a><\/p>\n<p>Plus tard dans cet extrait, des pr\u00eacheurs et pasteurs affirment que les femmes ne sont pas l\u2019\u00e9gale des hommes, qu\u2019elles doivent <a href=\"https:\/\/www.20minutes.fr\/arts-stars\/culture\/musique\/4158395-20250613-sabrina-carpenter-fait-apologie-soumission-femmes\" target=\"_blank\" class=\"color-ultramarine c-link\" rel=\"noopener\">se soumettre \u00e0 leur mari <\/a>ou tout simplement qu\u2019elles ne m\u00e9ritent pas le droit de vote. \u00ab\u00a0Dans ma soci\u00e9t\u00e9 id\u00e9ale, nous voterions par foyer. Je serai celui qui vote, mais apr\u00e8s en avoir discut\u00e9 avec ma famille\u00a0\u00bb, explique le pasteur Toby Sumpter.<\/p>\n<p>Un second pasteur, Jared Longshore, affirme de son c\u00f4t\u00e9 \u00eatre favorable \u00e0 l\u2019abolition du 19e amendement de la Constitution des <a href=\"https:\/\/www.20minutes.fr\/monde\/etats-unis\/\" target=\"_blank\" class=\"color-ultramarine c-link\" rel=\"noopener\">Etats-Unis<\/a>. Cet amendement entr\u00e9 en vigueur en\u00a01920 a \u00e9largi le droit de vote aux femmes dans l\u2019ensemble du pays.<\/p>\n<\/p>\n<p>Sur son r\u00e9seau social, Pete Hegseth accompagne la vid\u00e9o d\u2019une l\u00e9gende dans laquelle il \u00e9crit\u00a0: \u00ab\u00a0Tout du Christ pour toute la vie\u00a0\u00bb, signe de son approbation pour les propos tenus dans cette vid\u00e9o. Certains internautes s\u2019indignent devant de tels propos, d\u2019autres commentent des \u00ab\u00a0Amen\u00a0\u00bb en signe d\u2019adh\u00e9sion.<\/p>\n","protected":false},"excerpt":{"rendered":"Le secr\u00e9taire \u00e0 la D\u00e9fense des \u00c9tats-Unis, Pete Hegseth, ne cache pas ses positions radicales sur les droits&hellip;\n","protected":false},"author":2,"featured_media":309325,"comment_status":"","ping_status":"","sticky":false,"template":"","format":"standard","meta":{"footnotes":""},"categories":[1589],"tags":[47,11,75,6121,73,1866,74,12,1066,938,1864,1865,1863,308,5995],"class_list":{"0":"post-309324","1":"post","2":"type-post","3":"status-publish","4":"format-standard","5":"has-post-thumbnail","7":"category-etats-unis","8":"tag-actualite","9":"tag-actualites","10":"tag-donald-trump","11":"tag-droits-des-femmes","12":"tag-etats-unis","13":"tag-etats-unis-damerique","14":"tag-monde","15":"tag-news","16":"tag-pete-hegseth","17":"tag-reseaux-sociaux","18":"tag-united-states","19":"tag-united-states-of-america","20":"tag-us","21":"tag-usa","22":"tag-vote"},"share_on_mastodon":{"url":"https:\/\/pubeurope.com\/@fr\/115004261297111858","error":""},"_links":{"self":[{"href":"https:\/\/www.europesays.com\/fr\/wp-json\/wp\/v2\/posts\/309324","targetHints":{"allow":["GET"]}}],"collection":[{"href":"https:\/\/www.europesays.com\/fr\/wp-json\/wp\/v2\/posts"}],"about":[{"href":"https:\/\/www.europesays.com\/fr\/wp-json\/wp\/v2\/types\/post"}],"author":[{"embeddable":true,"href":"https:\/\/www.europesays.com\/fr\/wp-json\/wp\/v2\/users\/2"}],"replies":[{"embeddable":true,"href":"https:\/\/www.europesays.com\/fr\/wp-json\/wp\/v2\/comments?post=309324"}],"version-history":[{"count":0,"href":"https:\/\/www.europesays.com\/fr\/wp-json\/wp\/v2\/posts\/309324\/revisions"}],"wp:featuredmedia":[{"embeddable":true,"href":"https:\/\/www.europesays.com\/fr\/wp-json\/wp\/v2\/media\/309325"}],"wp:attachment":[{"href":"https:\/\/www.europesays.com\/fr\/wp-json\/wp\/v2\/media?parent=309324"}],"wp:term":[{"taxonomy":"category","embeddable":true,"href":"https:\/\/www.europesays.com\/fr\/wp-json\/wp\/v2\/categories?post=309324"},{"taxonomy":"post_tag","embeddable":true,"href":"https:\/\/www.europesays.com\/fr\/wp-json\/wp\/v2\/tags?post=309324"}],"curies":[{"name":"wp","href":"https:\/\/api.w.org\/{rel}","templated":true}]}}