{"id":309326,"date":"2025-08-10T11:35:11","date_gmt":"2025-08-10T11:35:11","guid":{"rendered":"https:\/\/www.europesays.com\/fr\/309326\/"},"modified":"2025-08-10T11:35:11","modified_gmt":"2025-08-10T11:35:11","slug":"le-royaume-uni-met-les-bouchees-doubles-pour-relancer-le-nucleaire","status":"publish","type":"post","link":"https:\/\/www.europesays.com\/fr\/309326\/","title":{"rendered":"Le Royaume-Uni met les bouch\u00e9es doubles pour relancer le nucl\u00e9aire"},"content":{"rendered":"<p>                         <img loading=\"lazy\" decoding=\"async\" src=\"https:\/\/www.europesays.com\/fr\/wp-content\/uploads\/2025\/08\/bbe7dcc_upload-1-wmvjhs8vopge-000-672d7ln.jpg\" alt=\"Le chantier de la centrale nucl\u00e9aire de Hinkley Point C, dans le Somerset, dans le sud-ouest de l\u2019Angleterre, le 17\u00a0juillet\u00a02025.\"   width=\"664\" height=\"443\"\/>    Le chantier de la centrale nucl\u00e9aire de Hinkley Point C, dans le Somerset, dans le sud-ouest de l\u2019Angleterre, le 17\u00a0juillet\u00a02025.  ADRIAN DENNIS \/ AFP                 <\/p>\n<p class=\"article__paragraph  \">Comme la France, le Royaume-Uni joue la carte du nucl\u00e9aire. En compl\u00e9ment des \u00e9nergies renouvelables, le pays, qui a ferm\u00e9 sa derni\u00e8re centrale \u00e0 charbon en\u00a02024, veut d\u00e9carboner son \u00e9lectricit\u00e9 et assurer sa souverainet\u00e9 \u00e9nerg\u00e9tique. Disposant aujourd\u2019hui de neuf r\u00e9acteurs nucl\u00e9aires r\u00e9partis dans cinq\u00a0centrales vieillissantes, le gouvernement britannique acc\u00e9l\u00e8re pour construire de nouveaux r\u00e9acteurs et souhaite \u00ab\u00a0ouvrir un nouvel \u00e2ge d\u2019or [du] nucl\u00e9aire\u00a0\u00bb, comme il l\u2019a annonc\u00e9, le 22\u00a0juillet, en donnant son <a href=\"https:\/\/www.lemonde.fr\/economie\/article\/2025\/07\/22\/nucleaire-le-royaume-uni-valide-l-investissement-record-d-investisseurs-prives-et-d-edf-au-capital-de-la-centrale-sizewell-c_6622975_3234.html\" rel=\"nofollow noopener\" target=\"_blank\">feu vert final \u00e0 la construction de la centrale de Sizewell C<\/a>, dans le Suffolk, pour un co\u00fbt de 38\u00a0milliards de livres (43,9\u00a0milliards d\u2019euros).<\/p>\n<p class=\"article__paragraph  \">L\u2019Etat britannique fournira la quasi-totalit\u00e9 de l\u2019enveloppe, sous la forme d\u2019emprunts. Les particuliers seront \u00e9galement mis \u00e0 contribution. Leur facture \u00e9nerg\u00e9tique sera augment\u00e9e d\u2019environ 1 euro chaque mois pendant la dur\u00e9e de construction. Le reste proviendra d\u2019investisseurs ou d\u2019industriels, dont le fran\u00e7ais EDF, qui est charg\u00e9 du projet, la Caisse (anciennement Caisse de d\u00e9p\u00f4t et placement du Qu\u00e9bec) et le groupe gazier britannique Centrica.<\/p>\n<p class=\"reading-mode-only \"><strong>Il vous reste 80.14% de cet article \u00e0 lire. La suite est r\u00e9serv\u00e9e aux abonn\u00e9s.<\/strong><\/p>\n","protected":false},"excerpt":{"rendered":"Le chantier de la centrale nucl\u00e9aire de Hinkley Point C, dans le Somerset, dans le sud-ouest de l\u2019Angleterre,&hellip;\n","protected":false},"author":2,"featured_media":309327,"comment_status":"","ping_status":"","sticky":false,"template":"","format":"standard","meta":{"footnotes":""},"categories":[1588],"tags":[11,1777,674,12,473,1853,1851,1850,1852],"class_list":{"0":"post-309326","1":"post","2":"type-post","3":"status-publish","4":"format-standard","5":"has-post-thumbnail","7":"category-royaume-uni","8":"tag-actualites","9":"tag-eu","10":"tag-europe","11":"tag-news","12":"tag-royaume-uni","13":"tag-royaume-uni-de-grande-bretagne-et-dirlande-du-nord","14":"tag-uk","15":"tag-united-kingdom","16":"tag-united-kingdom-of-great-britain-and-northern-ireland"},"share_on_mastodon":{"url":"https:\/\/pubeurope.com\/@fr\/115004265622964259","error":""},"_links":{"self":[{"href":"https:\/\/www.europesays.com\/fr\/wp-json\/wp\/v2\/posts\/309326","targetHints":{"allow":["GET"]}}],"collection":[{"href":"https:\/\/www.europesays.com\/fr\/wp-json\/wp\/v2\/posts"}],"about":[{"href":"https:\/\/www.europesays.com\/fr\/wp-json\/wp\/v2\/types\/post"}],"author":[{"embeddable":true,"href":"https:\/\/www.europesays.com\/fr\/wp-json\/wp\/v2\/users\/2"}],"replies":[{"embeddable":true,"href":"https:\/\/www.europesays.com\/fr\/wp-json\/wp\/v2\/comments?post=309326"}],"version-history":[{"count":0,"href":"https:\/\/www.europesays.com\/fr\/wp-json\/wp\/v2\/posts\/309326\/revisions"}],"wp:featuredmedia":[{"embeddable":true,"href":"https:\/\/www.europesays.com\/fr\/wp-json\/wp\/v2\/media\/309327"}],"wp:attachment":[{"href":"https:\/\/www.europesays.com\/fr\/wp-json\/wp\/v2\/media?parent=309326"}],"wp:term":[{"taxonomy":"category","embeddable":true,"href":"https:\/\/www.europesays.com\/fr\/wp-json\/wp\/v2\/categories?post=309326"},{"taxonomy":"post_tag","embeddable":true,"href":"https:\/\/www.europesays.com\/fr\/wp-json\/wp\/v2\/tags?post=309326"}],"curies":[{"name":"wp","href":"https:\/\/api.w.org\/{rel}","templated":true}]}}