{"id":309328,"date":"2025-08-10T11:36:24","date_gmt":"2025-08-10T11:36:24","guid":{"rendered":"https:\/\/www.europesays.com\/fr\/309328\/"},"modified":"2025-08-10T11:36:24","modified_gmt":"2025-08-10T11:36:24","slug":"luka-doncic-menage-pour-la-revanche-face-a-lallemagne","status":"publish","type":"post","link":"https:\/\/www.europesays.com\/fr\/309328\/","title":{"rendered":"Luka Doncic m\u00e9nag\u00e9 pour la revanche face \u00e0 l\u2019Allemagne"},"content":{"rendered":"<p><img fetchpriority=\"high\" decoding=\"async\" class=\"aligncenter size-full wp-image-764691\" src=\"https:\/\/www.europesays.com\/fr\/wp-content\/uploads\/2025\/08\/https:\/\/www.basketusa.com\/app\/uploads\/2025\/08\/doncic-dos.webp.webp\" alt=\"luka doncic\" width=\"1600\" height=\"1067\"  \/><\/p>\n<p>On imagine que la Slov\u00e9nie ne veut prendre aucun risque avec sa superstar <strong>Luka Doncic<\/strong>. On esp\u00e8re surtout qu&rsquo;il n&rsquo;y a pas un p\u00e9pin physique derri\u00e8re l&rsquo;annonce de la s\u00e9lection <a href=\"https:\/\/x.com\/kzs_si\/status\/1954241664450527649\" rel=\"prefetch nofollow\">qui va se passer son meneur<\/a> pour son deuxi\u00e8me match de pr\u00e9paration \u00e0 l&rsquo;Eurobasket 2025, toujours face \u00e0 l&rsquo;Allemagne, ce soir \u00e0 Mannheim.<\/p>\n<p>Vendredi soir \u00e0 Ljubjana, <a href=\"https:\/\/www.basketusa.com\/news\/764521\/luka-doncic-debute-la-prepa-par-une-defaite-et-une-embrouille\/\" rel=\"prefetch nofollow noopener\" target=\"_blank\">la Slov\u00e9nie s&rsquo;est inclin\u00e9e 103-89<\/a> face aux champions du monde en titre, et Luka Doncic avait rendu 19 points, 3 rebonds et 5 passes d\u00e9cisives en 24 minutes pour sa grande premi\u00e8re. <a href=\"https:\/\/www.basketusa.com\/tag\/luka-doncic\/\" rel=\"prefetch nofollow noopener\" target=\"_blank\">Le meneur des Lakers<\/a> \u00e9tait par ailleurs sorti \u00e0 trois minutes de la fin du troisi\u00e8me quart-temps, et n&rsquo;\u00e9tait plus entr\u00e9 en jeu ensuite, l&rsquo;Allemagne ayant vir\u00e9 \u00e0 +22 \u00e0 dix minutes du terme (60-82).<\/p>\n<p>On en saura certainement plus d&rsquo;ici le prochain match amical des Slov\u00e8nes, programm\u00e9 vendredi face \u00e0 la Lituanie. Pour le match de ce soir, Ed Muric sera \u00e9galement absent. La Slov\u00e9nie a \u00e9galement remerci\u00e9 le jeune Vit Hrabar pour services rendus.<\/p>\n<p>C\u00f4t\u00e9 Allemand, Dennis Schr\u00f6der, qui n&rsquo;a rejoint la s\u00e9lection que samedi, pourrait \u00eatre en tenue. Encore en convalescence, Daniel Theis et Maodo Lo devraient en revanche rester sur la touche.<\/p>\n<\/p>\n<tr class=\"column\">\n\t\t\t\t\t\t\t\t\t\t\t\t\t\t\tLuka Doncic<br \/>\n\t\t\t\t\t\t\t\t\t\t\t\t\t\t\tPourcentage<br \/>\n\t\t\t\t\t\t\t\t\t\t\t\t\t\t\tRebonds<\/p>\n<\/tr>\n<tr class=\"section_title\">\n\t\t\t\t\t\t\t\t\t\t\t\t\t\t\tSaison<br \/>\n\t\t\t\t\t\t\t\t\t\t\t\t\t\t\tEquipe<br \/>\n\t\t\t\t\t\t\t\t\t\t\t\t\t\t\tMJ<br \/>\n\t\t\t\t\t\t\t\t\t\t\t\t\t\t\tMin<br \/>\n\t\t\t\t\t\t\t\t\t\t\t\t\t\t\tTirs<br \/>\n\t\t\t\t\t\t\t\t\t\t\t\t\t\t\t3pts<br \/>\n\t\t\t\t\t\t\t\t\t\t\t\t\t\t\tLF<br \/>\n\t\t\t\t\t\t\t\t\t\t\t\t\t\t\tOff<br \/>\n\t\t\t\t\t\t\t\t\t\t\t\t\t\t\tDef<br \/>\n\t\t\t\t\t\t\t\t\t\t\t\t\t\t\tTot<br \/>\n\t\t\t\t\t\t\t\t\t\t\t\t\t\t\tPd<br \/>\n\t\t\t\t\t\t\t\t\t\t\t\t\t\t\tFte<br \/>\n\t\t\t\t\t\t\t\t\t\t\t\t\t\t\tInt<br \/>\n\t\t\t\t\t\t\t\t\t\t\t\t\t\t\tBp<br \/>\n\t\t\t\t\t\t\t\t\t\t\t\t\t\t\tCt<br \/>\n\t\t\t\t\t\t\t\t\t\t\t\t\t\t\tPts<br \/>\n\t\t\t\t\t\t\t\t\t\t\t\t\t\t<\/tr>\n<tr class=\"line_1\">\n<td class=\"title\">2018-19<\/td>\n<td class=\"title\">DAL<\/td>\n<td>72<\/td>\n<td style=\"border-right:1px solid #DDD\">32<\/td>\n<td title=\"504\/1188\">42.7<\/td>\n<td title=\"165\/165\">32.7<\/td>\n<td title=\"345\/482\" style=\"border-right:1px solid #DDD\">71.3<\/td>\n<td>1.2<\/td>\n<td>6.6<\/td>\n<td style=\"border-right:1px solid #DDD\">7.8<\/td>\n<td>6.0<\/td>\n<td>1.9<\/td>\n<td>1.1<\/td>\n<td>3.4<\/td>\n<td>0.3<\/td>\n<td class=\"sort-by\" style=\"border-right:1px solid #DDD\">21.2<\/td>\n<\/tr>\n<tr class=\"line_2\">\n<td class=\"title\">2019-20 \u2606<\/td>\n<td class=\"title\">DAL<\/td>\n<td>61<\/td>\n<td style=\"border-right:1px solid #DDD\">34<\/td>\n<td title=\"579\/1256\">46.3<\/td>\n<td title=\"170\/170\">31.6<\/td>\n<td title=\"427\/561\" style=\"border-right:1px solid #DDD\">75.8<\/td>\n<td>1.3<\/td>\n<td>8.1<\/td>\n<td style=\"border-right:1px solid #DDD\">9.4<\/td>\n<td>8.8<\/td>\n<td>2.5<\/td>\n<td>1.0<\/td>\n<td>4.3<\/td>\n<td>0.2<\/td>\n<td class=\"sort-by\" style=\"border-right:1px solid #DDD\">28.8<\/td>\n<\/tr>\n<tr class=\"line_1\">\n<td class=\"title\">2020-21 \u2606<\/td>\n<td class=\"title\">DAL<\/td>\n<td>66<\/td>\n<td style=\"border-right:1px solid #DDD\">34<\/td>\n<td title=\"646\/1353\">47.9<\/td>\n<td title=\"191\/191\">35.0<\/td>\n<td title=\"343\/468\" style=\"border-right:1px solid #DDD\">73.0<\/td>\n<td>0.8<\/td>\n<td>7.2<\/td>\n<td style=\"border-right:1px solid #DDD\">8.0<\/td>\n<td>8.6<\/td>\n<td>2.3<\/td>\n<td>1.0<\/td>\n<td>4.3<\/td>\n<td>0.5<\/td>\n<td class=\"sort-by\" style=\"border-right:1px solid #DDD\">27.7<\/td>\n<\/tr>\n<tr class=\"line_2\">\n<td class=\"title\">2021-22 \u2606<\/td>\n<td class=\"title\">DAL<\/td>\n<td>65<\/td>\n<td style=\"border-right:1px solid #DDD\">35<\/td>\n<td title=\"643\/1404\">45.7<\/td>\n<td title=\"201\/201\">35.3<\/td>\n<td title=\"364\/487\" style=\"border-right:1px solid #DDD\">74.4<\/td>\n<td>0.9<\/td>\n<td>8.3<\/td>\n<td style=\"border-right:1px solid #DDD\">9.1<\/td>\n<td>8.7<\/td>\n<td>2.2<\/td>\n<td>1.2<\/td>\n<td>4.5<\/td>\n<td>0.6<\/td>\n<td class=\"sort-by\" style=\"border-right:1px solid #DDD\">28.4<\/td>\n<\/tr>\n<tr class=\"line_1\">\n<td class=\"title\">2022-23 \u2606<\/td>\n<td class=\"title\">DAL<\/td>\n<td>66<\/td>\n<td style=\"border-right:1px solid #DDD\">36<\/td>\n<td title=\"719\/1452\">49.6<\/td>\n<td title=\"184\/184\">34.2<\/td>\n<td title=\"514\/693\" style=\"border-right:1px solid #DDD\">74.2<\/td>\n<td>0.8<\/td>\n<td>7.8<\/td>\n<td style=\"border-right:1px solid #DDD\">8.6<\/td>\n<td>8.0<\/td>\n<td>2.5<\/td>\n<td>1.4<\/td>\n<td>3.6<\/td>\n<td>0.5<\/td>\n<td class=\"sort-by\" style=\"border-right:1px solid #DDD\">32.4<\/td>\n<\/tr>\n<tr class=\"line_2\">\n<td class=\"title\">2023-24 \u2606<\/td>\n<td class=\"title\">DAL<\/td>\n<td>70<\/td>\n<td style=\"border-right:1px solid #DDD\">38<\/td>\n<td title=\"805\/1652\">48.7<\/td>\n<td title=\"287\/287\">38.2<\/td>\n<td title=\"476\/609\" style=\"border-right:1px solid #DDD\">78.6<\/td>\n<td>0.8<\/td>\n<td>8.4<\/td>\n<td style=\"border-right:1px solid #DDD\">9.2<\/td>\n<td>9.8<\/td>\n<td>2.1<\/td>\n<td>1.4<\/td>\n<td>4.0<\/td>\n<td>0.5<\/td>\n<td class=\"sort-by\" style=\"border-right:1px solid #DDD\">33.9<\/td>\n<\/tr>\n<tr class=\"line_1\">\n<td class=\"title\">2024-25 *<\/td>\n<td class=\"title\">All Teams<\/td>\n<td>50<\/td>\n<td style=\"border-right:1px solid #DDD\">35<\/td>\n<td title=\"459\/1025\">45.0<\/td>\n<td title=\"175\/175\">36.8<\/td>\n<td title=\"310\/395\" style=\"border-right:1px solid #DDD\">78.2<\/td>\n<td>0.8<\/td>\n<td>7.4<\/td>\n<td style=\"border-right:1px solid #DDD\">8.2<\/td>\n<td>7.7<\/td>\n<td>2.5<\/td>\n<td>1.8<\/td>\n<td>3.6<\/td>\n<td>0.4<\/td>\n<td class=\"sort-by\" style=\"border-right:1px solid #DDD\">28.2<\/td>\n<\/tr>\n<tr class=\"line_2\">\n<td class=\"title\">2024-25 *<\/td>\n<td class=\"title\">LAL<\/td>\n<td>28<\/td>\n<td style=\"border-right:1px solid #DDD\">35<\/td>\n<td title=\"246\/560\">43.8<\/td>\n<td title=\"100\/100\">37.9<\/td>\n<td title=\"196\/249\" style=\"border-right:1px solid #DDD\">79.1<\/td>\n<td>0.9<\/td>\n<td>7.2<\/td>\n<td style=\"border-right:1px solid #DDD\">8.1<\/td>\n<td>7.5<\/td>\n<td>2.4<\/td>\n<td>1.6<\/td>\n<td>3.7<\/td>\n<td>0.4<\/td>\n<td class=\"sort-by\" style=\"border-right:1px solid #DDD\">28.2<\/td>\n<\/tr>\n<tr class=\"line_1\">\n<td class=\"title\">2024-25 *<\/td>\n<td class=\"title\">DAL<\/td>\n<td>22<\/td>\n<td style=\"border-right:1px solid #DDD\">36<\/td>\n<td title=\"215\/466\">46.4<\/td>\n<td title=\"74\/74\">35.4<\/td>\n<td title=\"112\/145\" style=\"border-right:1px solid #DDD\">76.7<\/td>\n<td>0.7<\/td>\n<td>7.6<\/td>\n<td style=\"border-right:1px solid #DDD\">8.3<\/td>\n<td>7.8<\/td>\n<td>2.6<\/td>\n<td>2.0<\/td>\n<td>3.4<\/td>\n<td>0.4<\/td>\n<td class=\"sort-by\" style=\"border-right:1px solid #DDD\">28.1<\/td>\n<\/tr>\n<p style=\"font-size: 14px;line-height: 20px;color: #666;\"><strong>Comment lire les stats ?<\/strong> MJ = matches jou\u00e9s ; Min = Minutes ;    Tirs = Tirs r\u00e9ussis \/ Tirs tent\u00e9s ; 3pts = 3-points \/ 3-points tent\u00e9s ; LF = lancers-francs r\u00e9ussis \/ lancers-francs tent\u00e9s ; Off = rebond offensif ; Def= rebond d\u00e9fensif ; Tot = Total des rebonds ; Pd = passes d\u00e9cisives ; Fte : Fautes personnelles ; Int = Interceptions ; Bp = Balles perdues ; Ct : Contres ; Pts = Points.<\/p>\n","protected":false},"excerpt":{"rendered":"On imagine que la Slov\u00e9nie ne veut prendre aucun risque avec sa superstar Luka Doncic. On esp\u00e8re surtout&hellip;\n","protected":false},"author":2,"featured_media":309329,"comment_status":"","ping_status":"","sticky":false,"template":"","format":"standard","meta":{"footnotes":""},"categories":[1587],"tags":[11,672,1804,1805,1803,1777,674,1801,12,1802],"class_list":{"0":"post-309328","1":"post","2":"type-post","3":"status-publish","4":"format-standard","5":"has-post-thumbnail","7":"category-allemagne","8":"tag-actualites","9":"tag-allemagne","10":"tag-bundesrepublik-deutschland","11":"tag-de","12":"tag-deutschland","13":"tag-eu","14":"tag-europe","15":"tag-germany","16":"tag-news","17":"tag-republique-federale-dallemagne"},"share_on_mastodon":{"url":"https:\/\/pubeurope.com\/@fr\/115004269074311482","error":""},"_links":{"self":[{"href":"https:\/\/www.europesays.com\/fr\/wp-json\/wp\/v2\/posts\/309328","targetHints":{"allow":["GET"]}}],"collection":[{"href":"https:\/\/www.europesays.com\/fr\/wp-json\/wp\/v2\/posts"}],"about":[{"href":"https:\/\/www.europesays.com\/fr\/wp-json\/wp\/v2\/types\/post"}],"author":[{"embeddable":true,"href":"https:\/\/www.europesays.com\/fr\/wp-json\/wp\/v2\/users\/2"}],"replies":[{"embeddable":true,"href":"https:\/\/www.europesays.com\/fr\/wp-json\/wp\/v2\/comments?post=309328"}],"version-history":[{"count":0,"href":"https:\/\/www.europesays.com\/fr\/wp-json\/wp\/v2\/posts\/309328\/revisions"}],"wp:featuredmedia":[{"embeddable":true,"href":"https:\/\/www.europesays.com\/fr\/wp-json\/wp\/v2\/media\/309329"}],"wp:attachment":[{"href":"https:\/\/www.europesays.com\/fr\/wp-json\/wp\/v2\/media?parent=309328"}],"wp:term":[{"taxonomy":"category","embeddable":true,"href":"https:\/\/www.europesays.com\/fr\/wp-json\/wp\/v2\/categories?post=309328"},{"taxonomy":"post_tag","embeddable":true,"href":"https:\/\/www.europesays.com\/fr\/wp-json\/wp\/v2\/tags?post=309328"}],"curies":[{"name":"wp","href":"https:\/\/api.w.org\/{rel}","templated":true}]}}