{"id":309340,"date":"2025-08-10T11:44:10","date_gmt":"2025-08-10T11:44:10","guid":{"rendered":"https:\/\/www.europesays.com\/fr\/309340\/"},"modified":"2025-08-10T11:44:10","modified_gmt":"2025-08-10T11:44:10","slug":"exclu-midol-transferts-le-fc-grenoble-soffre-un-perpignanais-en-pret","status":"publish","type":"post","link":"https:\/\/www.europesays.com\/fr\/309340\/","title":{"rendered":"Exclu Midol. Transferts &#8211; Le FC Grenoble s&rsquo;offre un Perpignanais en pr\u00eat"},"content":{"rendered":"<p>\n                Apr\u00e8s de nombreuses p\u00e9rip\u00e9ties dans ce dossier, le FC Grenoble a trouv\u00e9 le deuxi\u00e8me ligne qu&rsquo;il recherchait. Et l&rsquo;op\u00e9ration se fera sous la forme d&rsquo;un pr\u00eat.\n            <\/p>\n<p>On ne peut pas reprocher au finaliste malheureux de Pro D2 de ne pas se montrer pers\u00e9v\u00e9rant. Ainsi, apr\u00e8s la non-venue du Gallois James Fender (pour qui la F\u00e9d\u00e9ration galloise n\u2019a jamais donn\u00e9 de lettre de sortie) et la d\u00e9sillusion sur le dossier du Briviste Janse Roux (r\u00e9cup\u00e9r\u00e9 sur le fil par Lyon pour compenser le d\u00e9part de Lavanini), les Is\u00e9rois ont lanc\u00e9 une troisi\u00e8me piste, qui s\u2019est av\u00e9r\u00e9e la bonne. Laquelle les a dirig\u00e9s du c\u00f4t\u00e9 de Perpignan au milieu de la semaine, avant de s\u2019acc\u00e9l\u00e9rer dans le week-end\u2026<\/p>\n<p>Ainsi, selon nos informations, le club is\u00e9rois a obtenu un accord quant \u00e0 la lib\u00e9ration sous forme de pr\u00eat de Tristan Labouteley (30 ans, 2,02 m, 107 kg) utilis\u00e9 \u00e0 14 reprises par Franck Az\u00e9ma la saison derni\u00e8re avec l\u2019Usap, mais qui \u00e9tait sorti des plans du boss catalan en fin de saison. Son arriv\u00e9e devrait \u00eatre effective d\u00e8s le d\u00e9but de la semaine. Un joli coup pour les deux parties puisqu\u2019au-del\u00e0 de son ann\u00e9e de pr\u00eat, Labouteley s\u2019est vu offrir un contrat de deux ans par le FCG, auquel il serait ainsi li\u00e9 jusqu\u2019en 2028.<\/p>\n","protected":false},"excerpt":{"rendered":"Apr\u00e8s de nombreuses p\u00e9rip\u00e9ties dans ce dossier, le FC Grenoble a trouv\u00e9 le deuxi\u00e8me ligne qu&rsquo;il recherchait. Et&hellip;\n","protected":false},"author":2,"featured_media":309341,"comment_status":"","ping_status":"","sticky":false,"template":"","format":"standard","meta":{"footnotes":""},"categories":[1416],"tags":[1011,27,479,1468,60],"class_list":{"0":"post-309340","1":"post","2":"type-post","3":"status-publish","4":"format-standard","5":"has-post-thumbnail","7":"category-rugby","8":"tag-fr","9":"tag-france","10":"tag-rugby","11":"tag-rugby-football","12":"tag-sports"},"share_on_mastodon":{"url":"https:\/\/pubeurope.com\/@fr\/115004300600320443","error":""},"_links":{"self":[{"href":"https:\/\/www.europesays.com\/fr\/wp-json\/wp\/v2\/posts\/309340","targetHints":{"allow":["GET"]}}],"collection":[{"href":"https:\/\/www.europesays.com\/fr\/wp-json\/wp\/v2\/posts"}],"about":[{"href":"https:\/\/www.europesays.com\/fr\/wp-json\/wp\/v2\/types\/post"}],"author":[{"embeddable":true,"href":"https:\/\/www.europesays.com\/fr\/wp-json\/wp\/v2\/users\/2"}],"replies":[{"embeddable":true,"href":"https:\/\/www.europesays.com\/fr\/wp-json\/wp\/v2\/comments?post=309340"}],"version-history":[{"count":0,"href":"https:\/\/www.europesays.com\/fr\/wp-json\/wp\/v2\/posts\/309340\/revisions"}],"wp:featuredmedia":[{"embeddable":true,"href":"https:\/\/www.europesays.com\/fr\/wp-json\/wp\/v2\/media\/309341"}],"wp:attachment":[{"href":"https:\/\/www.europesays.com\/fr\/wp-json\/wp\/v2\/media?parent=309340"}],"wp:term":[{"taxonomy":"category","embeddable":true,"href":"https:\/\/www.europesays.com\/fr\/wp-json\/wp\/v2\/categories?post=309340"},{"taxonomy":"post_tag","embeddable":true,"href":"https:\/\/www.europesays.com\/fr\/wp-json\/wp\/v2\/tags?post=309340"}],"curies":[{"name":"wp","href":"https:\/\/api.w.org\/{rel}","templated":true}]}}