{"id":309343,"date":"2025-08-10T11:47:10","date_gmt":"2025-08-10T11:47:10","guid":{"rendered":"https:\/\/www.europesays.com\/fr\/309343\/"},"modified":"2025-08-10T11:47:10","modified_gmt":"2025-08-10T11:47:10","slug":"motogp-alex-marquez-surpris-par-son-nouveau-statut-les-equipes-viennent-a-moi","status":"publish","type":"post","link":"https:\/\/www.europesays.com\/fr\/309343\/","title":{"rendered":"MotoGP &#8211; \u00c1lex M\u00e1rquez surpris par son nouveau statut : \u00ab Les \u00e9quipes viennent \u00e0 moi \u00bb"},"content":{"rendered":"<p>En d\u00e9but de saison, il semblait en effet assez improbable de pronostiquer un tel classement au moment de la tr\u00eave estivale. Bien que la domination de Marc M\u00e1rquez n\u2019\u00e9tonne que tr\u00e8s peu les observateurs, celle d\u2019\u00c1lex M\u00e1rquez est quant \u00e0 elle due \u00e0 un faisceau de facteurs notable. D\u2019une part, la r\u00e9gularit\u00e9 de l\u2019Espagnol appara\u00eet comme sa principale force, lui qui a longtemps encha\u00een\u00e9 les deuxi\u00e8mes places sans le moindre succ\u00e8s cette saison.<\/p>\n<p>De cette mani\u00e8re, sa prudence, mais \u00e9galement sa capacit\u00e9 \u00e0 se montrer efficace en qualifications lui permet ensuite de g\u00e9rer la plupart de ses courses, bien que la premi\u00e8re place apparaisse encore comme un plafond de verre persistant.<\/p>\n<p>D\u2019autre part, les contreperformances, et l\u2019irr\u00e9gularit\u00e9 de ses concurrents ont de quoi r\u00e9mun\u00e9rer \u00c1lex M\u00e1rquez en points. Francesco Bagnaia encha\u00eenant bonnes performances et week-ends d\u00e9cevants ne parvient pas \u00e0 r\u00e9aliser la saison qui lui \u00e9tait promise, tandis que d\u2019autres pilotes tels que Marco Bezzechi ou bien Pedro Acosta, \u00e0 l\u2019image de la Tch\u00e9quie, se montrent capables de truster des podiums d\u00e9sormais.<\/p>\n<p>Quel avenir pour \u00c1lex M\u00e1rquez\u00a0?<\/p>\n<p>Pilote Gresini, \u00c1lex M\u00e1rquez peut-il viser plus haut encore\u00a0? \u00ab Aujourd\u2019hui, je n\u2019ai plus besoin d\u2019aller frapper aux portes. Les \u00e9quipes viennent \u00e0 moi, se r\u00e9jouit-il. J\u2019aurai plus d\u2019options pour l\u2019avenir si je continue comme \u00e7a. \u00bb N\u2019oubliant pas pour autant de temp\u00e9rer d\u2019\u00e9ventuelles ardeurs \u00e0 son \u00e9gard, le pilote espagnol garde en t\u00eate qu\u2019un tel travail n\u2019aura pas la m\u00eame valeur si l\u2019effort ne se poursuit pas apr\u00e8s l\u2019\u00e9t\u00e9. \u00ab Dans ce sport, deux mauvais week-ends et tout le monde oublie tes bons r\u00e9sultats. Il faut \u00eatre r\u00e9gulier, performant et humble. \u00bb<\/p>\n<p>Capable de se sublimer au regard de ses pr\u00e9c\u00e9dentes saisons, vainqueur du Grand Prix d\u2019Espagne \u00e0 Jerez ainsi que du Sprint \u00e0 Silverstone, l\u2019int\u00e9ress\u00e9 ne cache pas son \u00e9tonnement face \u00e0 la situation. \u00ab C\u2019est un vrai plaisir d\u2019\u00eatre dans cette position. Franchement, personne ne s\u2019y attendait, pas m\u00eame nous. J\u2019ai toujours eu du mal sur les entr\u00e9es de virage, conc\u00e8de-t-il. J\u2019ai donc travaill\u00e9 \u00e9norm\u00e9ment dessus l\u2019an pass\u00e9, et maintenant \u00e7a paie.\u00a0\u00bb<\/p>\n<p>Bien qu\u2019il avoue se contenter d\u2019une deuxi\u00e8me place lorsque cela appara\u00eet comme le meilleur r\u00e9sultat envisageable lors d\u2019un week-end de course, \u00c1lex M\u00e1rquez visera certainement le gain de nouvelles \u00e9tapes au cours des dix manches restant encore \u00e0 disputer. Un nouveau succ\u00e8s est-il envisageable pour l\u2019actuel deuxi\u00e8me du championnat\u00a0?<\/p>\n<p><strong>\u00c0 LIRE AUSSI &gt; <a href=\"https:\/\/www.autohebdo.fr\/actualites\/motogp\/classement-motogp-2025-le-championnat-apres-le-gp-ditalie.html\" target=\"_blank\" rel=\"noopener nofollow\">Classement MotoGP 2025 \u2013 Le championnat apr\u00e8s le Grand Prix de Tch\u00e9quie<\/a><\/strong><\/p>\n","protected":false},"excerpt":{"rendered":"En d\u00e9but de saison, il semblait en effet assez improbable de pronostiquer un tel classement au moment de&hellip;\n","protected":false},"author":2,"featured_media":309344,"comment_status":"","ping_status":"","sticky":false,"template":"","format":"standard","meta":{"footnotes":""},"categories":[1413],"tags":[1011,27,1457,1456,60],"class_list":{"0":"post-309343","1":"post","2":"type-post","3":"status-publish","4":"format-standard","5":"has-post-thumbnail","7":"category-moto","8":"tag-fr","9":"tag-france","10":"tag-moto","11":"tag-motocycle","12":"tag-sports"},"share_on_mastodon":{"url":"https:\/\/pubeurope.com\/@fr\/115004312435061379","error":""},"_links":{"self":[{"href":"https:\/\/www.europesays.com\/fr\/wp-json\/wp\/v2\/posts\/309343","targetHints":{"allow":["GET"]}}],"collection":[{"href":"https:\/\/www.europesays.com\/fr\/wp-json\/wp\/v2\/posts"}],"about":[{"href":"https:\/\/www.europesays.com\/fr\/wp-json\/wp\/v2\/types\/post"}],"author":[{"embeddable":true,"href":"https:\/\/www.europesays.com\/fr\/wp-json\/wp\/v2\/users\/2"}],"replies":[{"embeddable":true,"href":"https:\/\/www.europesays.com\/fr\/wp-json\/wp\/v2\/comments?post=309343"}],"version-history":[{"count":0,"href":"https:\/\/www.europesays.com\/fr\/wp-json\/wp\/v2\/posts\/309343\/revisions"}],"wp:featuredmedia":[{"embeddable":true,"href":"https:\/\/www.europesays.com\/fr\/wp-json\/wp\/v2\/media\/309344"}],"wp:attachment":[{"href":"https:\/\/www.europesays.com\/fr\/wp-json\/wp\/v2\/media?parent=309343"}],"wp:term":[{"taxonomy":"category","embeddable":true,"href":"https:\/\/www.europesays.com\/fr\/wp-json\/wp\/v2\/categories?post=309343"},{"taxonomy":"post_tag","embeddable":true,"href":"https:\/\/www.europesays.com\/fr\/wp-json\/wp\/v2\/tags?post=309343"}],"curies":[{"name":"wp","href":"https:\/\/api.w.org\/{rel}","templated":true}]}}