{"id":309345,"date":"2025-08-10T11:48:17","date_gmt":"2025-08-10T11:48:17","guid":{"rendered":"https:\/\/www.europesays.com\/fr\/309345\/"},"modified":"2025-08-10T11:48:17","modified_gmt":"2025-08-10T11:48:17","slug":"2027-marquera-un-gros-redemarrage","status":"publish","type":"post","link":"https:\/\/www.europesays.com\/fr\/309345\/","title":{"rendered":"2027 marquera \u00ab\u00a0un gros red\u00e9marrage\u00a0\u00bb"},"content":{"rendered":"<p>Les chiffres de Ducati continuent \u00e0 donner le tournis cette saison. Une campagne qui ne fait que confirmer que le constructeur italien est v\u00e9ritablement la r\u00e9f\u00e9rence absolue du MotoGP, tant techniquement depuis qu&rsquo;il a d\u00e9velopp\u00e9 les solutions avant-gardistes ensuite adopt\u00e9es par tous, que sportivement avec des r\u00e9sultats toujours plus impressionnants d&rsquo;ann\u00e9e en ann\u00e9e.<\/p>\n<p>Le MotoGP est en plein c\u0153ur d&rsquo;une \u00e8re Ducati, personne ne dira le contraire. Pourtant, \u00e0 la direction de la marque, on \u00e9rige la prudence en fondement d&rsquo;une bonne gestion. Malgr\u00e9 un gros d\u00e9but de championnat, port\u00e9 notamment par un <a href=\"https:\/\/fr.motorsport.com\/driver\/marc-marquez\/92646\/\" target=\"_blank\" rel=\"noopener\">Marc M\u00e1rquez<\/a> incontestablement lanc\u00e9 vers la qu\u00eate d&rsquo;un septi\u00e8me titre dans la cat\u00e9gorie, Claudio Domenicali se tient d\u00e9j\u00e0 sur ses gardes pour ce qui attend son groupe dans les mois et ann\u00e9es \u00e0 venir.<\/p>\n<p>\u00ab\u00a0Les r\u00e9sultats sont formidables. [\u2026] Le sport est ainsi fait, il y a des cycles et nous sommes dans un cycle tr\u00e8s positif. Nous avons gagn\u00e9 les cinq derniers championnats constructeurs et les trois derniers parmi les pilotes. Cette ann\u00e9e aussi, les r\u00e9sultats ne sont, disons, pas trop mauvais\u00a0\u00bb, sourit le directeur g\u00e9n\u00e9ral de Ducati, faussement modeste.<\/p>\n<p>\u00ab\u00a0Nous avons de tr\u00e8s bons pilotes et nous continuons \u00e0 d\u00e9velopper la moto. Il y a un bon groupe de personnes entre ceux qui sont \u00e0 Bologne et ceux qui travaillent [au circuit], et je crois que nous tirons le meilleur de notre \u00e9quipe d&rsquo;usine et des teams satellites qui travaillent avec nous.\u00a0\u00bb<\/p>\n<p>Lire aussi :<\/p>\n<p>Cette premi\u00e8re partie de championnat a certes vu Ducati imposer sa loi, mais aussi deux autres marques l&#8217;emporter\u00a0:\u00a0Honda, avec <a href=\"https:\/\/fr.motorsport.com\/driver\/johann-zarco\/96107\/\" target=\"_blank\" rel=\"noopener\">Johann Zarco<\/a> triomphant sous la pluie du Mans\u00a0;\u00a0et Aprilia, qui a gagn\u00e9 \u00e0 Silverstone avec <a href=\"https:\/\/fr.motorsport.com\/driver\/marco-bezzecchi\/441839\/\" target=\"_blank\" rel=\"noopener\">Marco Bezzecchi<\/a>. Par ailleurs, chacun des constructeurs a obtenu plusieurs podiums et Yamaha s&rsquo;est particuli\u00e8rement illustr\u00e9e sur le tour lanc\u00e9, avec quatre pole positions d\u00e9croch\u00e9es par <a href=\"https:\/\/fr.motorsport.com\/driver\/fabio-quartararo\/109400\/\" target=\"_blank\" rel=\"noopener\">Fabio Quartararo<\/a>.<\/p>\n<p>Vue de Borgo Panigale, cette situation d\u00e9coule directement des\u00a0<a href=\"https:\/\/fr.motorsport.com\/motogp\/news\/concessions-motogp-differences-constructeurs-reglement\/10692129\/\" target=\"_self\" rel=\"noopener\">concessions<\/a> telles qu&rsquo;elles ont \u00e9t\u00e9 repens\u00e9es l&rsquo;an dernier pour r\u00e9duire les \u00e9carts. \u00ab\u00a0Je pense que la comp\u00e9tition se resserre de plus en plus. Le syst\u00e8me permet aux \u00e9quipes qui manquent un peu de performance de faire plus de tests et d&rsquo;essayer plus de choses, et ce syst\u00e8me fonctionne. On sent donc que l&rsquo;\u00e9cart se r\u00e9duit \u00e0 chaque course\u00a0\u00bb, observe Claudio Domenicali.<\/p>\n<p>   <img decoding=\"async\" draggable=\"false\" src=\"https:\/\/www.europesays.com\/fr\/wp-content\/uploads\/2025\/08\/luigi-dall-igna-ducati-lenovo-.jpg\" alt=\"Gigi Dall'Igna pense d\u00e9j\u00e0 \u00e0 r\u00e9affirmer la supr\u00e9matie de Ducati.\" width=\"1200\" height=\"800\" loading=\"lazy\"\/> <\/p>\n<p class=\"title\">Gigi Dall&rsquo;Igna pense d\u00e9j\u00e0 \u00e0 r\u00e9affirmer la supr\u00e9matie de Ducati.<\/p>\n<p class=\"photographer\">Photo de: Gold and Goose Photography \/ LAT Images \/ via Getty Images<\/p>\n<p>Quel constructeur adverse craint-il le plus d\u00e9sormais\u00a0?\u00a0\u00ab\u00a0Je n&rsquo;en citerais pas un seul en particulier. Selon les courses, nous avons vu chacun de nos adversaires se rapprocher. Au d\u00e9but de l&rsquo;ann\u00e9e, Honda \u00e9tait tr\u00e8s proche sur certaines courses, ensuite Yamaha a fait de formidables pole positions, et KTM et Aprilia sont tr\u00e8s proches \u00e9galement en fonction des courses. Je pense en fait que, d&rsquo;une mani\u00e8re g\u00e9n\u00e9rale, le championnat est tr\u00e8s bon par rapport aux \u00e9carts serr\u00e9s entre nous.\u00a0\u00bb<\/p>\n<blockquote>\n<p>Le moment est venu de trouver des solutions meilleures que celles que nous avons.<\/p>\n<\/blockquote>\n<p>\u00ab\u00a0Tous les autres ont plus de concessions que nous, \u00e0 commencer par le nombre de pneus \u00e0 disposition pour d\u00e9velopper les motos\u00a0\u00bb, insiste Gigi Dall&rsquo;Igna, interrog\u00e9 par Sky Sport MotoGP. Et le p\u00e8re de la Desmosedici actuelle voit \u00e9galement une autre explication \u00e0 ces \u00e9carts quelque peu r\u00e9duits\u00a0:\u00a0\u00ab\u00a0Cette ann\u00e9e, nous avons aussi \u00e9t\u00e9 tr\u00e8s conservateurs dans les d\u00e9veloppements que nous avons apport\u00e9s au d\u00e9but de la saison, il \u00e9tait donc pr\u00e9visible qu&rsquo;il y ait un nivellement de performances vers la mi-saison.\u00a0\u00bb<\/p>\n<p>\u00ab\u00a0Je crois donc que le moment est venu de trouver des solutions meilleures que celles que nous avons\u00a0\u00bb, embraye l&rsquo;ing\u00e9nieur. Car si, \u00e0 ce stade de la saison, Ducati a gagn\u00e9 les 12 courses sprints disput\u00e9es et dix des courses principales, Dall&rsquo;Igna sent que la concurrence progresse\u00a0:\u00a0\u00ab\u00a0Les autres ont vraiment relev\u00e9 la t\u00eate, alors il me semble judicieux de reprendre le travail plus que de penser aux vacances. Jusqu&rsquo;ici, la saison a \u00e9t\u00e9 tr\u00e8s positive, mais l&rsquo;avantage que nous avions au d\u00e9but de la saison s&rsquo;est peu \u00e0 peu r\u00e9duit. Je crois donc qu&rsquo;il faut que nous nous remettions \u00e0 \u00e9tudier.\u00a0\u00bb<\/p>\n<p>   <img decoding=\"async\" draggable=\"false\" src=\"https:\/\/www.europesays.com\/fr\/wp-content\/uploads\/2025\/08\/1754826497_932_pedro-acosta-red-bull-ktm-fact.jpg\" alt=\"La concurrence peut-elle vraiment se rapprocher ?\" width=\"1200\" height=\"800\" loading=\"lazy\"\/> <\/p>\n<p class=\"title\">La concurrence peut-elle vraiment se rapprocher ?<\/p>\n<p class=\"photographer\">Photo de: Red Bull Content Pool<\/p>\n<p>Une nouvelle \u00e8re se profile pour 2027<\/p>\n<p>Le rapprochement de la concurrence reste timide et personne ne s&rsquo;imagine v\u00e9ritablement que la domination de Ducati pourra \u00eatre mise \u00e0 mal la saison prochaine. M\u00eame si Yamaha devait introduire son V4, il s&rsquo;agirait probablement de l&rsquo;unique changement majeur mis en place dans une ann\u00e9e qui n&rsquo;incitera pas aux investissements.<\/p>\n<p>La situation que conna\u00eetra le championnat \u00e0 partir de 2027 est en revanche plus susceptible de rebattre les cartes, aussi puissante qu&rsquo;ait pu \u00eatre la domination de Ducati jusqu&rsquo;ici. <a href=\"https:\/\/fr.motorsport.com\/motogp\/news\/motogp-officialise-reglement-technique-2027\/10607624\/\" target=\"_self\" rel=\"noopener\">L&rsquo;introduction d&rsquo;un nouveau r\u00e8glement<\/a> verra en effet la production de toutes nouvelles motos, avec une cylindr\u00e9e r\u00e9duite, moins d&rsquo;a\u00e9ro, le retrait des variateurs de hauteur, et m\u00eame un changement de manufacturier.<\/p>\n<p>\u00ab\u00a0Le changement apport\u00e9 au r\u00e8glement est tr\u00e8s gros et \u00e7a va marquer une coupure nette parce que les motos seront diff\u00e9rentes. Elles seront plus simples, moins sophistiqu\u00e9es, mais cela va \u00eatre un gros red\u00e9marrage\u00a0\u00bb, pressent Claudio Domenicali, qui sait aussi qu&rsquo;il faut d\u00e8s \u00e0 pr\u00e9sent se pr\u00e9parer pour avoir une chance d&rsquo;afficher un niveau similaire dans ce nouveau cadre r\u00e9glementaire.<\/p>\n<blockquote>\n<p>Dans la configuration actuelle, nous avons d\u00e9velopp\u00e9 une sorte de leadership. Une fois qu&rsquo;on enl\u00e8ve cela, tout le monde repart de z\u00e9ro.<\/p>\n<\/blockquote>\n<p>\u00ab\u00a0La planification est tr\u00e8s importante mais chacun de nous fait son travail. Pour nous, ce sera un gros challenge car je pense que dans la configuration actuelle, avec le syst\u00e8me a\u00e9rodynamique actuel et en particulier le syst\u00e8me d&rsquo;ajustement de la machine, nous avons d\u00e9velopp\u00e9 une sorte de leadership. Nous avons introduit ce syst\u00e8me dans le championnat et il est certain qu&rsquo;une fois qu&rsquo;on enl\u00e8ve cela, tout le monde repart de z\u00e9ro, donc ce sera un challenge.\u00a0\u00bb<\/p>\n<p>\u00ab\u00a0Quand on gagne beaucoup, c&rsquo;est un peu compliqu\u00e9 car on s&rsquo;habitue en quelque sorte \u00e0 gagner, mais il est tr\u00e8s important de conserver le bon \u00e9tat d&rsquo;esprit. Si on veut rester comp\u00e9titif, il faut faire comme si on n&rsquo;avait jamais gagn\u00e9\u00a0\u00bb, conseille Claudio Domenicali. \u00ab\u00a0\u00c7a n&rsquo;est pas facile mais Gigi et l&rsquo;\u00e9quipe font beaucoup pour s&rsquo;y pr\u00e9parer. Nous devons commencer cette nouvelle \u00e8re de 2027 avec des motos qui, sur le papier, vont contribuer \u00e0 offrir un meilleur sport, un meilleur spectacle, et je crois que cela se fera au b\u00e9n\u00e9fice de tous.\u00a0\u00bb<\/p>\n<p>Lire aussi :<\/p>\n<p>Dans cet article<\/p>\n<p>Soyez le premier inform\u00e9 et souscrivez aux alertes mails pour recevoir les infos en temps r\u00e9el<\/p>\n<p>    S&rsquo;abonner aux alertes de news<\/p>\n","protected":false},"excerpt":{"rendered":"Les chiffres de Ducati continuent \u00e0 donner le tournis cette saison. Une campagne qui ne fait que confirmer&hellip;\n","protected":false},"author":2,"featured_media":309346,"comment_status":"","ping_status":"","sticky":false,"template":"","format":"standard","meta":{"footnotes":""},"categories":[1412],"tags":[44918,4950,1451,1452,1453,1454,1455,1011,27,1458,60],"class_list":{"0":"post-309345","1":"post","2":"type-post","3":"status-publish","4":"format-standard","5":"has-post-thumbnail","7":"category-f1","8":"tag-ducati-sur-ses-gardes-2027-marquera-un-gros-redu00e9marrage","9":"tag-ducati-team","10":"tag-f1","11":"tag-formula-1","12":"tag-formula1","13":"tag-formule-1","14":"tag-formule1","15":"tag-fr","16":"tag-france","17":"tag-motogp","18":"tag-sports"},"share_on_mastodon":{"url":"https:\/\/pubeurope.com\/@fr\/115004316311724138","error":""},"_links":{"self":[{"href":"https:\/\/www.europesays.com\/fr\/wp-json\/wp\/v2\/posts\/309345","targetHints":{"allow":["GET"]}}],"collection":[{"href":"https:\/\/www.europesays.com\/fr\/wp-json\/wp\/v2\/posts"}],"about":[{"href":"https:\/\/www.europesays.com\/fr\/wp-json\/wp\/v2\/types\/post"}],"author":[{"embeddable":true,"href":"https:\/\/www.europesays.com\/fr\/wp-json\/wp\/v2\/users\/2"}],"replies":[{"embeddable":true,"href":"https:\/\/www.europesays.com\/fr\/wp-json\/wp\/v2\/comments?post=309345"}],"version-history":[{"count":0,"href":"https:\/\/www.europesays.com\/fr\/wp-json\/wp\/v2\/posts\/309345\/revisions"}],"wp:featuredmedia":[{"embeddable":true,"href":"https:\/\/www.europesays.com\/fr\/wp-json\/wp\/v2\/media\/309346"}],"wp:attachment":[{"href":"https:\/\/www.europesays.com\/fr\/wp-json\/wp\/v2\/media?parent=309345"}],"wp:term":[{"taxonomy":"category","embeddable":true,"href":"https:\/\/www.europesays.com\/fr\/wp-json\/wp\/v2\/categories?post=309345"},{"taxonomy":"post_tag","embeddable":true,"href":"https:\/\/www.europesays.com\/fr\/wp-json\/wp\/v2\/tags?post=309345"}],"curies":[{"name":"wp","href":"https:\/\/api.w.org\/{rel}","templated":true}]}}