{"id":309351,"date":"2025-08-10T11:51:14","date_gmt":"2025-08-10T11:51:14","guid":{"rendered":"https:\/\/www.europesays.com\/fr\/309351\/"},"modified":"2025-08-10T11:51:14","modified_gmt":"2025-08-10T11:51:14","slug":"sagas-de-lete-que-sont-devenus-les-acteurs-de-la-vengeance-aux","status":"publish","type":"post","link":"https:\/\/www.europesays.com\/fr\/309351\/","title":{"rendered":"SAGAS DE L\u2019\u00c9T\u00c9. Que sont devenus les acteurs de La Vengeance aux &#8230;"},"content":{"rendered":"<p>La plong\u00e9e dans les <a href=\"https:\/\/www.telestar.fr\/serie_tv\/sagas-de-lete-ingrid-chauvin-bruno-madinier-nicole-croisille-que-sont-devenus-les-acteurs-de-dolmen-1731498\" rel=\"nofollow noopener\" target=\"_blank\">sagas<\/a> qui ont marqu\u00e9 nos \u00e9t\u00e9s continue avec cette<br \/>\nfois-ci un focus sur un feuilleton assez r\u00e9cent. La Vengeance<br \/>\naux yeux clairs a eu le droit \u00e0 <strong>deux saisons,<br \/>\ndiffus\u00e9es en 2016 et 2017<\/strong> sur <a href=\"https:\/\/www.tf1.fr\/\" rel=\"nofollow noopener\" target=\"_blank\">TF1<\/a>. Et ce n\u2019est pas tout<br \/>\npuisqu\u2019un spin-off sobrement intitul\u00e9 Olivia d\u2019apr\u00e8s le<br \/>\nnom de son personnage principal a ensuite \u00e9t\u00e9 diffus\u00e9 en 2019.<br \/>\nMalheureusement le succ\u00e8s n\u2019a pas \u00e9t\u00e9 au rendez-vous, et c\u2019est l\u00e0<br \/>\nque l\u2019aventure s\u2019est arr\u00eat\u00e9e pour La\u00ebtitia Milot.<\/p>\n<p>L\u2019actrice de Plus belle la vie aura en tout cas eu le<br \/>\ntemps de faire ses preuves sous les traits d\u2019Olivia Alessandri,<br \/>\navocate revenue dans sa ville natale pour venger la mort de sa m\u00e8re<br \/>\net de son fr\u00e8re. Mais justement, qu\u2019est-il arriv\u00e9 \u00e0 <a href=\"https:\/\/www.telestar.fr\/serie_tv\/nouveau-jour-m6-cette-seule-chose-que-laetitia-milot-consent-a-dire-sur-son-personnage-trouble-1728093\" rel=\"nofollow noopener\" target=\"_blank\">La\u00ebtitia Milot<\/a> apr\u00e8s les deux saisons de La<br \/>\nVengeance aux yeux clairs et l\u2019unique saison du spin-off<br \/>\nOlivia\u00a0? Les fans de p\u00e2tisserie ont pu la voir sur M6<br \/>\npuisque <strong>La\u00ebtitia Milot remplace d\u00e9sormais<\/strong> <a href=\"https:\/\/www.telestar.fr\/people\/pierre-menes-pestifere-il-dezingue-marie-portolano-et-porte-plainte-elle-a-niqu-ma-vie-1730292\" rel=\"nofollow noopener\" target=\"_blank\"><br \/>\nMarie Portolano<\/a> en tant qu\u2019animatrice du Meilleur<br \/>\np\u00e2tissier.<\/p>\n<p>La\u00ebtitia Milot \u00e0 l\u2019affiche d\u2019un nouveau feuilleton<\/p>\n<p>En plus de l\u2019\u00e9criture de plusieurs livres, la com\u00e9dienne est<br \/>\naussi apparue dans le feuilleton TF1 Demain nous<br \/>\nappartient. Elle tient par ailleurs <strong>un des r\u00f4les<br \/>\nprincipaux dans le nouveau feuilleton Nouveau<br \/>\njour<\/strong> diffus\u00e9 sur M6. De son c\u00f4t\u00e9 Claire Borotra,<br \/>\nalias P\u00e9n\u00e9lope Chevalier dans La Vengeance aux yeux<br \/>\nclaire, a poursuivi ses apparitions sur le petit \u00e9cran. Elle a<br \/>\nnotamment jou\u00e9 dans Crimes parfaits, Cassandre, La Faute \u00e0<br \/>\nRousseau ou encore Les Randonneuses.<\/p>\n<p>L\u2019interpr\u00e8te d\u2019Etienne Chevalier, Bernard Yerl\u00e8s, tient<br \/>\nd\u00e9sormais un des r\u00f4les principaux de la s\u00e9rie <a href=\"https:\/\/www.telestar.fr\/serie_tv\/alexandra-ehle-france-3-ou-a-ete-tourne-lepisode-leffet-miroir-1713876\" rel=\"nofollow noopener\" target=\"_blank\"><br \/>\nAlexandra Ehle<\/a> diffus\u00e9e sur France 3 apr\u00e8s avoir fait<br \/>\n<strong>quelques apparitions dans d\u2019autres s\u00e9ries et dans des<br \/>\npi\u00e8ces de th\u00e9\u00e2tre<\/strong>. M\u00eame son de cloche pour Beno\u00eet Michel,<br \/>\nalias Alexandre Chevalier, qui a fait de nombreuses apparitions<br \/>\ndans des s\u00e9ries telles que Munch, Camping Paradis ou<br \/>\nencore Jos\u00e9phine ange gardien, en plus de son r\u00f4le dans<br \/>\nUn si grand soleil. Il joue d\u00e9sormais le r\u00f4le de Nicolas<br \/>\nPerran dans Astrid et Rapha\u00eblle.<\/p>\n<p>Qu\u2019ont-ils fait apr\u00e8s La Vengeance aux<br \/>\nyeux clairs\u00a0?<\/p>\n<p>Lannick Gautry a quant \u00e0 lui multipli\u00e9 les r\u00f4les sur le grand<br \/>\n\u00e9cran, comme dans les films Bronx, Flashback ou encore<br \/>\nBaby Phone. Mais il n\u2019a pas \u00e9t\u00e9 moins prolifique sur le<br \/>\npetit \u00e9cran avec <strong>une trentaine de s\u00e9ries<\/strong> depuis<br \/>\nLa Vengeance aux yeux clairs. Enfin apr\u00e8s avoir jou\u00e9 le<br \/>\nr\u00f4le de la polici\u00e8re Pauline Jordan, <a href=\"https:\/\/www.telestar.fr\/people\/lola-dewaere-astrid-et-raphaelle-fait-une-rare-confidence-sur-son-pere-1696744\" rel=\"nofollow noopener\" target=\"_blank\"><br \/>\nLola Dewaere<\/a> a \u00e9t\u00e9 vue dans plusieurs s\u00e9ries et notamment<br \/>\nMademoiselle Holmes diffus\u00e9e sur TF1, mais aussi dans le<br \/>\nfilm Mince alors 2\u00a0!.<\/p>\n<p>Diaporama<br \/>\n<img decoding=\"async\" class=\"diapo_img img-responsive lazy-load\" loading=\"lazy\" src=\"https:\/\/www.europesays.com\/fr\/wp-content\/uploads\/2025\/08\/untitled-design-7.png\"\/><\/p>\n<p>\u00a9 TF1\/BESTIMAGE<\/p>\n<p>1\/6 La\u00ebtitia Milot<\/p>\n<p>Personnage principal de La Vengeance aux yeux clairs, La\u00ebtitia<br \/>\nMilot est d\u00e9sormais sur M6 dans Nouveau Jour.<\/p>\n<p><img decoding=\"async\" class=\"diapo_img img-responsive lazy-load\" loading=\"lazy\" src=\"https:\/\/www.europesays.com\/fr\/wp-content\/uploads\/2025\/08\/untitled-design-1-1.png\"\/><\/p>\n<p>TF1\/BESTIMAGE<\/p>\n<p>2\/6 Claire Borotra<\/p>\n<p>P\u00e9n\u00e9lope Chevalier dans La Vengeance aux yeux claire, elle a<br \/>\npoursuivi ses apparitions sur le petit \u00e9cran, notamment jou\u00e9 dans<br \/>\nCrimes parfaits, Cassandre, La Faute \u00e0 Rousseau ou encore Les<br \/>\nRandonneuses.<\/p>\n<p><img decoding=\"async\" class=\"diapo_img img-responsive lazy-load\" loading=\"lazy\" src=\"https:\/\/www.europesays.com\/fr\/wp-content\/uploads\/2025\/08\/untitled-design-2-1.png\"\/><\/p>\n<p>TF1\/BESTIMAGE<\/p>\n<p>3\/6 Bernard Yerl\u00e8s<\/p>\n<p>Il tient d\u00e9sormais un des r\u00f4les principaux de la s\u00e9rie Alexandra<br \/>\nEhle diffus\u00e9e sur France 3 apr\u00e8s avoir fait quelques apparitions<br \/>\ndans d\u2019autres s\u00e9ries et dans des pi\u00e8ces de th\u00e9\u00e2tre.<\/p>\n<p><img decoding=\"async\" class=\"diapo_img img-responsive lazy-load\" loading=\"lazy\" src=\"https:\/\/www.europesays.com\/fr\/wp-content\/uploads\/2025\/08\/untitled-design-3-1.png\"\/><\/p>\n<p>TF1\/BESTIMAGE<\/p>\n<p>4\/6 Lannick Gautry<\/p>\n<p>Il a multipli\u00e9 les r\u00f4les sur le grand \u00e9cran, comme dans les<br \/>\nfilms Bronx, Flashback ou encore Baby Phone<\/p>\n<p><img decoding=\"async\" class=\"diapo_img img-responsive lazy-load\" loading=\"lazy\" src=\"https:\/\/www.europesays.com\/fr\/wp-content\/uploads\/2025\/08\/untitled-design-4-1.png\"\/><\/p>\n<p>TF1\/BESTIMAGE<\/p>\n<p>5\/6 Beno\u00eet Michel<\/p>\n<p>L&rsquo;interpr\u00e8te d&rsquo;Alexandre Chevalier a fait de nombreuses<br \/>\napparitions dans des s\u00e9ries telles que Munch, Camping Paradis ou<br \/>\nencore Jos\u00e9phine ange gardien, en plus de son r\u00f4le dans Un si grand<br \/>\nsoleil.<\/p>\n<p><img decoding=\"async\" class=\"diapo_img img-responsive lazy-load\" loading=\"lazy\" src=\"https:\/\/www.europesays.com\/fr\/wp-content\/uploads\/2025\/08\/untitled-design-6-1.png\"\/><\/p>\n<p>TF1\/BESTIMAGE<\/p>\n<p>6\/6 Lola Dewaere<\/p>\n<p>Elle a \u00e9t\u00e9 vue dans plusieurs s\u00e9ries et notamment Mademoiselle<br \/>\nHolmes diffus\u00e9e sur TF1, mais aussi dans le film Mince alors<br \/>\n2\u00a0!.\u00a0<\/p>\n","protected":false},"excerpt":{"rendered":"La plong\u00e9e dans les sagas qui ont marqu\u00e9 nos \u00e9t\u00e9s continue avec cette fois-ci un focus sur un&hellip;\n","protected":false},"author":2,"featured_media":309352,"comment_status":"","ping_status":"","sticky":false,"template":"","format":"standard","meta":{"footnotes":""},"categories":[1359],"tags":[58,59,1011,27,1638,10839,973],"class_list":{"0":"post-309351","1":"post","2":"type-post","3":"status-publish","4":"format-standard","5":"has-post-thumbnail","7":"category-people","8":"tag-divertissement","9":"tag-entertainment","10":"tag-fr","11":"tag-france","12":"tag-has_diapo","13":"tag-laetitia-milot","14":"tag-people"},"share_on_mastodon":{"url":"https:\/\/pubeurope.com\/@fr\/115004328283109527","error":""},"_links":{"self":[{"href":"https:\/\/www.europesays.com\/fr\/wp-json\/wp\/v2\/posts\/309351","targetHints":{"allow":["GET"]}}],"collection":[{"href":"https:\/\/www.europesays.com\/fr\/wp-json\/wp\/v2\/posts"}],"about":[{"href":"https:\/\/www.europesays.com\/fr\/wp-json\/wp\/v2\/types\/post"}],"author":[{"embeddable":true,"href":"https:\/\/www.europesays.com\/fr\/wp-json\/wp\/v2\/users\/2"}],"replies":[{"embeddable":true,"href":"https:\/\/www.europesays.com\/fr\/wp-json\/wp\/v2\/comments?post=309351"}],"version-history":[{"count":0,"href":"https:\/\/www.europesays.com\/fr\/wp-json\/wp\/v2\/posts\/309351\/revisions"}],"wp:featuredmedia":[{"embeddable":true,"href":"https:\/\/www.europesays.com\/fr\/wp-json\/wp\/v2\/media\/309352"}],"wp:attachment":[{"href":"https:\/\/www.europesays.com\/fr\/wp-json\/wp\/v2\/media?parent=309351"}],"wp:term":[{"taxonomy":"category","embeddable":true,"href":"https:\/\/www.europesays.com\/fr\/wp-json\/wp\/v2\/categories?post=309351"},{"taxonomy":"post_tag","embeddable":true,"href":"https:\/\/www.europesays.com\/fr\/wp-json\/wp\/v2\/tags?post=309351"}],"curies":[{"name":"wp","href":"https:\/\/api.w.org\/{rel}","templated":true}]}}