{"id":309357,"date":"2025-08-10T11:54:10","date_gmt":"2025-08-10T11:54:10","guid":{"rendered":"https:\/\/www.europesays.com\/fr\/309357\/"},"modified":"2025-08-10T11:54:10","modified_gmt":"2025-08-10T11:54:10","slug":"audiences-quel-bilan-pour-la-saison-1-de-the-detective-club-sur-w9-derniere-tele-realite-diffusee-a-20h-avant-larrivee-de-cyril-hanouna-puremedias","status":"publish","type":"post","link":"https:\/\/www.europesays.com\/fr\/309357\/","title":{"rendered":"Audiences : Quel bilan pour la saison 1 de &quot;The Detective Club&quot; sur W9, derni\u00e8re t\u00e9l\u00e9-r\u00e9alit\u00e9 diffus\u00e9e \u00e0 20h avant l&#039;arriv\u00e9e de Cyril Hanouna ? &#8211; puremedias"},"content":{"rendered":"<ol>\n<li><a href=\"https:\/\/news.google.com\/rss\/articles\/CBMi_AFBVV95cUxPczFBWGJnZklRT1Q5clZpSjhsZF9CcTVhUFRYMFZaZ2xkdUpXaVF3bTdlN0lES01weHhISm8yMkZzODBPU1RFVkJ1bVl3bkdpQjdVY0FCcU1pZ1gyaEJaa3owdDhfSUdmeTVwSnZNNzBGZ3RhcVRQVGstN0NkbVBkaE95SFRQMjhLYUdINEZQNk5UYzZzdlVEUEpIRUhwdEViNmduS1gwRUhNS3FrOTY3MzZoNzVHTjRaX0xQc0FfNEIzYUpyMjhlZVI5dW9vZ1R6bTlzREpnU1lrdFNFYTRKaklTMlFDYXNoSEdjVHpFVGg4SUpYWENtQ2U0Zno?oc=5\" target=\"_blank\" rel=\"nofollow noopener\">Audiences : Quel bilan pour la saison 1 de \u00ab\u00a0The Detective Club\u00a0\u00bb sur W9, derni\u00e8re t\u00e9l\u00e9-r\u00e9alit\u00e9 diffus\u00e9e \u00e0 20h avant l&rsquo;arriv\u00e9e de Cyril Hanouna ?<\/a>&nbsp;&nbsp;puremedias<\/li>\n<li><a href=\"https:\/\/news.google.com\/rss\/articles\/CBMipgJBVV95cUxOMWdwX1ZLQVN5cUVWeGU2cjh3X3VjbXk2RTVCeUdscGEtME81OUlsUlpaWFJkcFZ2N05qdFhLeGZmb2N0MTNocDVaVnZNTzVEUkExQV9TbThVVG5LNlVob05JU3Y0NVh1T09RYkpvRTQtNkVLU2xwNDRWMzEwWjQyLTNHenNjWHRYU3VobHBlS0ZBVnNkMEc1d01jU1BtT1otUkFrTUxsVkVzd0xvWTI4eGZOa0tnWVdxS0JrZVVxWlNvS0VQY3FhMC13SDY0LUhDUVV3Ukk4ZGxtZlo4ZjRKTFcwaVZBLUY5MGF2aExaTzBJd1lySlBpM3NCV3BBcGFRdjJ5VmNWZGZ2U1ZlMEhTSzFjTWhWRU1hQ21ORmJ2UVpGT2dCeUE?oc=5\" target=\"_blank\" rel=\"nofollow noopener\">\u00ab\u00a0\u00c7a a \u00e9t\u00e9 un v\u00e9ritable coup dur\u00a0\u00bb : Giuseppa Ciurleo (The Detective Club) sort du silence apr\u00e8s sa victoire, la compagne de Paga \u00e9voque son grand regret<\/a>&nbsp;&nbsp;programme-tv.net<\/li>\n<li><a href=\"https:\/\/news.google.com\/rss\/articles\/CBMifkFVX3lxTE1rNnZpcGctQWdMWUFTaXRkbVJDY0dDMFZjc1ZTNGpwQzVBZHNFU2c3Vl9MWXkxckc4Nm0tZHNzd0hhRGRMbWstZnBtUUF6S2FLdVYzaEFqZVlWYWluRjlBOTlaT2taRVJfQWJ5YVhIZEREYW1vOVJhdVAxZzdtZw?oc=5\" target=\"_blank\" rel=\"nofollow noopener\">\u201cL\u2019amour et le calme\u201d : Giuseppa se ressource apr\u00e8s une aventure pas comme les autres<\/a>&nbsp;&nbsp;Yahoo Actualit\u00e9s<\/li>\n<li><a href=\"https:\/\/news.google.com\/rss\/articles\/CBMikAFBVV95cUxOYno2RDVCa3NuUExna1hPYy14NDJWTnBna3hkQ25wTXRhWkdQb0ptc3dlSXdHckRReVNUQ1V5X1hBVTFQTWxMVDRKbzZ5Y3Z3Wjl3dHd2Z2pTeUdJc0l1ZHlGNF9iZFZpcmhHMlNseVhMbm9UdkFlWjRSZWRleHMxRkhzMjBjTTJCc0NSYlZDYU0?oc=5\" target=\"_blank\" rel=\"nofollow noopener\">Qui a gagn\u00e9 la finale de The Detective Club du 8 ao\u00fbt ?<\/a>&nbsp;&nbsp;M6+ ACTU<\/li>\n<li><a href=\"https:\/\/news.google.com\/rss\/articles\/CBMipgJBVV95cUxOQmktUVJ4OTROY2tlOXV1TXlXdnhqQTB4ZDF0NEhZOF9HeFRrbkpFWjZpSHh2Rl9YT2ZkdTFWTG5NSW5BV0Y1M2lobWRDVXhBRnJ2RThsdjR5aWtYa1lkRVlOeVBkVmJCYjVGc1MxMGMxalhIS2ZrVXNXeEpfcklMdG1LcVUzUjMxSFBPbkRlY0VMdTdLcWJtaEtaYWVCVnNHVE9Bc2p1b1FyQ1Q0TFJGS1lsYl9tSVpWYVlQUGdlYkZtZ3R4TWhfX3R3aXRzcDF3QWx5dl9DRnd3MHlQbnlibFR2WjNrbHhoR3l1cUlsaTdEVnhBcm9UcDl1M1lZVE5TTWJwN2g0LU1TT2RTMTF3Mm8xZGdRSDJKV1o1THpISHlmbjJ4X1HSAasCQVVfeXFMUF9aNklvSU55Q0c5d21fbzNZeExwa2JQSTlJal9ZMlVHcVQxUVVPS3M4N2hKYVF4dk85enhDSTlCLXJ1TEhXTF9IeFE1cjdWSjlkSE1RQVBYTXFIYWV2bVRRT19xNXRLTFY0SU52TC10NGJWdXduUVNBVWRPcjVjanVrQzQzSVZ3MjhNMHZ1WlQzN005ODljMGFLSWhReUpiZktXT3hGU0xhcGFtMXBjS0dqWmZKX3ZPZmtqeVFBd1g2MkF6SVFCUU41emwwNnNna0VLV2xhUVVDbkdSSzlVWWM1SU43VDlwVFBVYzF0TmJKdGxsLW5kQnNSaDliVXJuZEpNYzU1S3NuZS1MWUZwQ2FSQk9INnpyYUVkRFYtdFZMRzA0Q01jQ0ZDQXc?oc=5\" target=\"_blank\" rel=\"nofollow noopener\">Audiences 20h : Audrey Crespo-Mara sur TF1 domine tr\u00e8s largement hier soir, alors que Julien Benedetto s&rsquo;e&#8230;<\/a>&nbsp;&nbsp;Jean-Marc Morandini<\/li>\n<\/ol>\n","protected":false},"excerpt":{"rendered":"Audiences : Quel bilan pour la saison 1 de \u00ab\u00a0The Detective Club\u00a0\u00bb sur W9, derni\u00e8re t\u00e9l\u00e9-r\u00e9alit\u00e9 diffus\u00e9e \u00e0&hellip;\n","protected":false},"author":2,"featured_media":1445,"comment_status":"","ping_status":"","sticky":false,"template":"","format":"standard","meta":{"footnotes":""},"categories":[1356],"tags":[58,59,1011,27,252,1364],"class_list":{"0":"post-309357","1":"post","2":"type-post","3":"status-publish","4":"format-standard","5":"has-post-thumbnail","7":"category-television","8":"tag-divertissement","9":"tag-entertainment","10":"tag-fr","11":"tag-france","12":"tag-television","13":"tag-tv"},"share_on_mastodon":{"url":"https:\/\/pubeurope.com\/@fr\/115004339887292901","error":""},"_links":{"self":[{"href":"https:\/\/www.europesays.com\/fr\/wp-json\/wp\/v2\/posts\/309357","targetHints":{"allow":["GET"]}}],"collection":[{"href":"https:\/\/www.europesays.com\/fr\/wp-json\/wp\/v2\/posts"}],"about":[{"href":"https:\/\/www.europesays.com\/fr\/wp-json\/wp\/v2\/types\/post"}],"author":[{"embeddable":true,"href":"https:\/\/www.europesays.com\/fr\/wp-json\/wp\/v2\/users\/2"}],"replies":[{"embeddable":true,"href":"https:\/\/www.europesays.com\/fr\/wp-json\/wp\/v2\/comments?post=309357"}],"version-history":[{"count":0,"href":"https:\/\/www.europesays.com\/fr\/wp-json\/wp\/v2\/posts\/309357\/revisions"}],"wp:featuredmedia":[{"embeddable":true,"href":"https:\/\/www.europesays.com\/fr\/wp-json\/wp\/v2\/media\/1445"}],"wp:attachment":[{"href":"https:\/\/www.europesays.com\/fr\/wp-json\/wp\/v2\/media?parent=309357"}],"wp:term":[{"taxonomy":"category","embeddable":true,"href":"https:\/\/www.europesays.com\/fr\/wp-json\/wp\/v2\/categories?post=309357"},{"taxonomy":"post_tag","embeddable":true,"href":"https:\/\/www.europesays.com\/fr\/wp-json\/wp\/v2\/tags?post=309357"}],"curies":[{"name":"wp","href":"https:\/\/api.w.org\/{rel}","templated":true}]}}