{"id":309360,"date":"2025-08-10T11:56:10","date_gmt":"2025-08-10T11:56:10","guid":{"rendered":"https:\/\/www.europesays.com\/fr\/309360\/"},"modified":"2025-08-10T11:56:10","modified_gmt":"2025-08-10T11:56:10","slug":"zach-cregger-le-cineaste-passe-de-lhumour-a-lhorreur","status":"publish","type":"post","link":"https:\/\/www.europesays.com\/fr\/309360\/","title":{"rendered":"Zach Cregger, le cin\u00e9aste pass\u00e9 de l\u2019humour \u00e0 l\u2019horreur"},"content":{"rendered":"<p>                         <img loading=\"lazy\" decoding=\"async\" src=\"https:\/\/www.europesays.com\/fr\/wp-content\/uploads\/2025\/08\/7edf500_upload-1-yjlrljkky41x-2025-04-03t030701z-1994295270-rc2bpda3ou3t-rtrmadp-3-film-cinemacon.JP.jpeg\" alt=\"Le r\u00e9alisateur, producteur et sc\u00e9nariste Zach Cregger, lors de la promotion du film \u00ab\u00a0Evanouis\u00a0\u00bb, \u00e0 Las Vegas (Nevada), le 1\u1d49\u02b3\u00a0avril 2025.\"   width=\"664\" height=\"443\"\/>    Le r\u00e9alisateur, producteur et sc\u00e9nariste Zach Cregger, lors de la promotion du film \u00ab\u00a0Evanouis\u00a0\u00bb, \u00e0 Las Vegas (Nevada), le 1\u1d49\u02b3\u00a0avril 2025.  STEVE MARCUS\/REUTERS                 <\/p>\n<p class=\"article__paragraph  \">A Hollywood, une passerelle est en train de s\u2019installer entre la com\u00e9die et l\u2019horreur. Comme si, dans l\u2019Am\u00e9rique actuelle, o\u00f9 la sc\u00e8ne politique semble avoir pr\u00e9empt\u00e9 toute parodie, les p\u00f4les s\u2019\u00e9taient invers\u00e9s. Parmi les nouveaux visages de l\u2019effroi, on connaissait d\u00e9j\u00e0 <a href=\"https:\/\/www.lemonde.fr\/m-le-mag\/article\/2022\/08\/07\/on-ne-peut-plus-raconter-les-histoires-depuis-le-seul-point-de-vue-blanc-le-realisateur-jordan-peele-redonne-des-couleurs-aux-grands-mythes-americains_6137413_4500055.html\" rel=\"nofollow noopener\" target=\"_blank\">Jordan Peele<\/a> (<a href=\"https:\/\/www.lemonde.fr\/cinema\/article\/2017\/05\/02\/get-out-frankenstein-a-l-epreuve-du-racisme-contemporain_5120668_3476.html\" rel=\"nofollow noopener\" target=\"_blank\">Get Out<\/a>, <a href=\"https:\/\/www.lemonde.fr\/culture\/article\/2022\/08\/10\/nope-jordan-peele-revisite-les-mythologies-hollywoodiennes_6137677_3246.html\" rel=\"nofollow noopener\" target=\"_blank\">Nope<\/a>), venu au genre par les sketches t\u00e9l\u00e9vis\u00e9s du duo Key &amp;\u00a0Peele. Il faut d\u00e9sormais compter sur Zach Cregger, auteur complet d\u2019Evanouis, ambitieux thriller de l\u2019\u00e9t\u00e9 autour d\u2019une myst\u00e9rieuse disparition d\u2019enfants.<\/p>\n<p class=\"article__paragraph  \">Zach Cregger vient d\u2019un autre vivier burlesque\u00a0: la troupe des Whitest Kids U\u2019Know (litt\u00e9ralement \u00ab\u00a0les gosses les plus blancs que tu puisses conna\u00eetre\u00a0\u00bb), r\u00e9v\u00e9l\u00e9e en ligne avant de conna\u00eetre cinq saisons t\u00e9l\u00e9vis\u00e9es. De la m\u00eame g\u00e9n\u00e9ration, les deux hommes se sont d\u2019ailleurs retrouv\u00e9s, indirectement, en concurrence autour du projet d\u2019Evanouis. Mis aux ench\u00e8res d\u00e9but 2023 entre plusieurs studios, le sc\u00e9nario a finalement \u00e9t\u00e9 emport\u00e9 par New Line Cinema (filiale de Warner Bros), au d\u00e9triment d\u2019Universal, distributeur de Jordan Peele \u2013 si m\u00e9content, dit-on, qu\u2019il aurait aussit\u00f4t rompu avec ses agents.<\/p>\n<p class=\"reading-mode-only \"><strong>Il vous reste 74.4% de cet article \u00e0 lire. La suite est r\u00e9serv\u00e9e aux abonn\u00e9s.<\/strong><\/p>\n","protected":false},"excerpt":{"rendered":"Le r\u00e9alisateur, producteur et sc\u00e9nariste Zach Cregger, lors de la promotion du film \u00ab\u00a0Evanouis\u00a0\u00bb, \u00e0 Las Vegas (Nevada),&hellip;\n","protected":false},"author":2,"featured_media":309361,"comment_status":"","ping_status":"","sticky":false,"template":"","format":"standard","meta":{"footnotes":""},"categories":[1354],"tags":[58,59,1346,1011,27,1360],"class_list":{"0":"post-309360","1":"post","2":"type-post","3":"status-publish","4":"format-standard","5":"has-post-thumbnail","7":"category-films","8":"tag-divertissement","9":"tag-entertainment","10":"tag-films","11":"tag-fr","12":"tag-france","13":"tag-movies"},"share_on_mastodon":{"url":"https:\/\/pubeurope.com\/@fr\/115004347750705648","error":""},"_links":{"self":[{"href":"https:\/\/www.europesays.com\/fr\/wp-json\/wp\/v2\/posts\/309360","targetHints":{"allow":["GET"]}}],"collection":[{"href":"https:\/\/www.europesays.com\/fr\/wp-json\/wp\/v2\/posts"}],"about":[{"href":"https:\/\/www.europesays.com\/fr\/wp-json\/wp\/v2\/types\/post"}],"author":[{"embeddable":true,"href":"https:\/\/www.europesays.com\/fr\/wp-json\/wp\/v2\/users\/2"}],"replies":[{"embeddable":true,"href":"https:\/\/www.europesays.com\/fr\/wp-json\/wp\/v2\/comments?post=309360"}],"version-history":[{"count":0,"href":"https:\/\/www.europesays.com\/fr\/wp-json\/wp\/v2\/posts\/309360\/revisions"}],"wp:featuredmedia":[{"embeddable":true,"href":"https:\/\/www.europesays.com\/fr\/wp-json\/wp\/v2\/media\/309361"}],"wp:attachment":[{"href":"https:\/\/www.europesays.com\/fr\/wp-json\/wp\/v2\/media?parent=309360"}],"wp:term":[{"taxonomy":"category","embeddable":true,"href":"https:\/\/www.europesays.com\/fr\/wp-json\/wp\/v2\/categories?post=309360"},{"taxonomy":"post_tag","embeddable":true,"href":"https:\/\/www.europesays.com\/fr\/wp-json\/wp\/v2\/tags?post=309360"}],"curies":[{"name":"wp","href":"https:\/\/api.w.org\/{rel}","templated":true}]}}