{"id":309362,"date":"2025-08-10T11:57:10","date_gmt":"2025-08-10T11:57:10","guid":{"rendered":"https:\/\/www.europesays.com\/fr\/309362\/"},"modified":"2025-08-10T11:57:10","modified_gmt":"2025-08-10T11:57:10","slug":"bourgogne-franche-comte-un-premier-cas-avere-de-chikungunya-autochtone-detecte-a-dijon","status":"publish","type":"post","link":"https:\/\/www.europesays.com\/fr\/309362\/","title":{"rendered":"Bourgogne-Franche-Comt\u00e9. Un premier cas av\u00e9r\u00e9 de chikungunya autochtone d\u00e9tect\u00e9 \u00e0 Dijon"},"content":{"rendered":"<p>C\u2019est le premier cas av\u00e9r\u00e9 dans le d\u00e9partement et en r\u00e9gion. \u00ab\u00a0Un cas autochtone de chikungunya a \u00e9t\u00e9 confirm\u00e9 ce 8\u00a0ao\u00fbt, \u00e0 Dijon, le premier en Bourgogne-Franche-Comt\u00e9.\u00a0\u00bb C\u2019est avec ces mots que l\u2019ARS (Agence r\u00e9gionale de sant\u00e9) de Bourgogne-Franche-Comt\u00e9 a inform\u00e9, par voie de communiqu\u00e9, la population et les r\u00e9dactions de cette d\u00e9tection.<\/p>\n<p>  C\u2019est quoi un cas \u00ab\u00a0autochtone\u00a0\u00bb\u00a0?<\/p>\n<p>En d\u00e9tail, \u00ab\u00a0l\u2019\u00e9tat de sant\u00e9 de la personne malade n\u2019inspire pas d\u2019inqui\u00e9tude. La personne, domicili\u00e9e \u00e0 Dijon, n\u2019ayant pas s\u00e9journ\u00e9 dans une zone o\u00f9 le virus circule activement dans les deux semaines pr\u00e9c\u00e9dant les sympt\u00f4mes, il s\u2019agit d\u2019un cas ayant acquis l\u2019infection localement (cas dit autochtone)\u00a0\u00bb, fait savoir l\u2019ARS.<\/p>\n<p>Un deuxi\u00e8me cas autochtone, en lien avec le premier, est par ailleurs fortement suspect\u00e9. \u00ab\u00a0Il concerne une personne domicili\u00e9e \u00e0 Dijon \u00e9galement, a \u00e9t\u00e9 d\u00e9clar\u00e9 le 5\u00a0ao\u00fbt, et reste \u00e0 ce jour dans l\u2019attente de confirmation par le Centre national de r\u00e9f\u00e9rence des arboviroses.\u00a0\u00bb<\/p>\n<p>Face \u00e0 cette d\u00e9couverte, les services sanitaires doivent agir au plus vite. \u00ab\u00a0Pour \u00e9viter la propagation de la maladie, des mesures pr\u00e9ventives imm\u00e9diates sont d\u00e9ploy\u00e9es \u00e0 Dijon, sur des p\u00e9rim\u00e8tres cibl\u00e9s autour des lieux de passage des personnes malades, zones potentielles de transmission.\u00a0\u00bb<\/p>\n<p>\u00ab\u00a0Par ailleurs, depuis le 1er \u00a0mai 2025, Sant\u00e9 publique France a recens\u00e9 35 cas import\u00e9s de chikungunya dans la r\u00e9gion, dont un dans le p\u00e9rim\u00e8tre des deux cas en cours. Les cas import\u00e9s concernent des personnes qui ont voyag\u00e9 dans des zones contamin\u00e9es.\u00a0\u00bb<\/p>\n<p class=\"note\">Pour r\u00e9pondre aux questions du grand public, l\u2019ARS Bourgogne-Franche-Comt\u00e9 a activ\u00e9 une ligne d\u2019information d\u00e9di\u00e9e accessible 7 jours sur 7, de 8\u00a0h\u00a030 \u00e0 12\u00a0h et de 13\u00a0h\u00a030 \u00e0 17\u00a0h\u00a0: le 0805 200\u00a0550.<\/p>\n","protected":false},"excerpt":{"rendered":"C\u2019est le premier cas av\u00e9r\u00e9 dans le d\u00e9partement et en r\u00e9gion. \u00ab\u00a0Un cas autochtone de chikungunya a \u00e9t\u00e9&hellip;\n","protected":false},"author":2,"featured_media":309363,"comment_status":"","ping_status":"","sticky":false,"template":"","format":"standard","meta":{"footnotes":""},"categories":[10],"tags":[14809,2274,107,1011,27,72,1826,71],"class_list":{"0":"post-309362","1":"post","2":"type-post","3":"status-publish","4":"format-standard","5":"has-post-thumbnail","7":"category-sante","8":"tag-edition-jura-nord","9":"tag-edition-jura-sud","10":"tag-fil-info","11":"tag-fr","12":"tag-france","13":"tag-health","14":"tag-jura","15":"tag-sante"},"share_on_mastodon":{"url":"https:\/\/pubeurope.com\/@fr\/115004351679511438","error":""},"_links":{"self":[{"href":"https:\/\/www.europesays.com\/fr\/wp-json\/wp\/v2\/posts\/309362","targetHints":{"allow":["GET"]}}],"collection":[{"href":"https:\/\/www.europesays.com\/fr\/wp-json\/wp\/v2\/posts"}],"about":[{"href":"https:\/\/www.europesays.com\/fr\/wp-json\/wp\/v2\/types\/post"}],"author":[{"embeddable":true,"href":"https:\/\/www.europesays.com\/fr\/wp-json\/wp\/v2\/users\/2"}],"replies":[{"embeddable":true,"href":"https:\/\/www.europesays.com\/fr\/wp-json\/wp\/v2\/comments?post=309362"}],"version-history":[{"count":0,"href":"https:\/\/www.europesays.com\/fr\/wp-json\/wp\/v2\/posts\/309362\/revisions"}],"wp:featuredmedia":[{"embeddable":true,"href":"https:\/\/www.europesays.com\/fr\/wp-json\/wp\/v2\/media\/309363"}],"wp:attachment":[{"href":"https:\/\/www.europesays.com\/fr\/wp-json\/wp\/v2\/media?parent=309362"}],"wp:term":[{"taxonomy":"category","embeddable":true,"href":"https:\/\/www.europesays.com\/fr\/wp-json\/wp\/v2\/categories?post=309362"},{"taxonomy":"post_tag","embeddable":true,"href":"https:\/\/www.europesays.com\/fr\/wp-json\/wp\/v2\/tags?post=309362"}],"curies":[{"name":"wp","href":"https:\/\/api.w.org\/{rel}","templated":true}]}}