{"id":309364,"date":"2025-08-10T11:58:14","date_gmt":"2025-08-10T11:58:14","guid":{"rendered":"https:\/\/www.europesays.com\/fr\/309364\/"},"modified":"2025-08-10T11:58:14","modified_gmt":"2025-08-10T11:58:14","slug":"cyclisme-criterium-tadej-pogacar-celebre-chez-lui-et-vainqueur-de-son-pogi-criterium","status":"publish","type":"post","link":"https:\/\/www.europesays.com\/fr\/309364\/","title":{"rendered":"Cyclisme. Crit\u00e9rium &#8211; Tadej Pogacar c\u00e9l\u00e9br\u00e9 chez lui&#8230; et vainqueur de son Pogi Criterium !"},"content":{"rendered":"<p>Deux semaines apr\u00e8s avoir remport\u00e9 son quatri\u00e8me <strong>Tour de France<\/strong>, <strong><a href=\"https:\/\/www.cyclismactu.net\/..\/news-route-pauline-ferrand-prevot-les-conseils-de-tadej-pogacar-apres-tour-89481.html\" target=\"_blank\" rel=\"nofollow noopener\">Tadej Pogacar<\/a><\/strong> a renfil\u00e9 son maillot de champion du monde et repris la \u00ab\u00a0comp\u00e9tition\u00a0\u00bb&#8230; \u00e0 l&rsquo;occasion de la 7e \u00e9dition du <strong>Crit\u00e9rium Tadej Pogacar<\/strong>, ce samedi soir dans sa ville natale de Komenda, en Slov\u00e8nie. Et pour la premi\u00e8re fois depuis la cr\u00e9ation de l&rsquo;\u00e9preuve, c&rsquo;est celui qui porte son nom qui a lev\u00e9 les bras, \u00e0 l&rsquo;issue des 35 tours d&rsquo;un circuit d&rsquo;un kilom\u00e8tre en plein coeur de la ville. Au rythme des \u00ab\u00a0Pogi, Pogi\u00a0\u00bb qui n&rsquo;ont pas arr\u00eat\u00e9 d&rsquo;\u00eatre scand\u00e9s tout au long de la course et jusque tard dans la nuit, la star d&rsquo;<strong>UAE Team Emirates-XRG<\/strong> s&rsquo;est impos\u00e9 au sprint devant son compatriote et d\u00e9j\u00e0 triple vainqueur de cette course <strong>Luka Mezgec<\/strong>, et son ancien co\u00e9quipier <strong>Matteo Trentin<\/strong>.\u00a0<strong>Matej Mohoric<\/strong>\u00a0a termin\u00e9 4e, le Fran\u00e7ais <strong>Pavel Sivakov<\/strong> prenant lui la 6e place de cet \u00e9v\u00e8nement organis\u00e9e par\u00a0le club cycliste Rog (Pogi and Pika Team), en coop\u00e9ration avec la ville de Komenda afin que le meilleur coureur du monde puisse\u00a0\u00eatre accueilli et c\u00e9l\u00e9br\u00e9 en h\u00e9ros chez lui.<\/p>\n<p>Vid\u00e9o &#8211; Les images de ce Criterium Tadej Pogacar et de la f\u00eate Lire la suite de l&rsquo;article&#13;<\/p>\n<p>\u00a0<\/p>\n<p>&#13;<br \/>\n\u00a0\u00ab\u00a0Je\u00a0me suis repos\u00e9, j&rsquo;ai fait le point et je suis pr\u00eat pour de nouvelles batailles\u00a0\u00bb<br \/>&#13;<\/p>\n<p>\u00ab\u00a0Je suis heureux d&rsquo;\u00eatre de retour \u00e0 la maison, de revoir mes amis, mes voisins, ma famille. C&rsquo;est vrai que parfois j&rsquo;aimerais \u00eatre un peu moins connu, parfois prendre des photos et signer des autographes est fatigant, d&rsquo;autres fois un peu moins, mais j&rsquo;essaie de faire plaisir \u00e0 tout le monde\u00a0\u00bb. C&rsquo;est par ces mots relat\u00e9s par le m\u00e9dia slov\u00e8ne <a href=\"https:\/\/sportklub.n1info.si\/kolesarstvo\/tadej-pogacar-v-komendi-o-uspehih-nacrtih-in-celo-upokojitvi\/\" target=\"_blank\" rel=\"nofollow noopener\">SportKlub<\/a> que <strong>Tadej Pogacar<\/strong> a entam\u00e9 la conf\u00e9rence de presse qui pr\u00e9c\u00e9dait cette 7e \u00e9dition de la <strong>Coupe Tadej Pogacar<\/strong>, ce samedi apr\u00e8s-midi. Apr\u00e8s quelques jours sans v\u00e9lo pour couper apr\u00e8s le <strong>Tour<\/strong>, le Slov\u00e8ne avait tranquillement repris le chemin de l&rsquo;entra\u00eenement \u00e0 Monaco, partageant notamment une sortie avec <strong><a href=\"https:\/\/www.cyclismactu.net\/..\/news-route-pauline-ferrand-prevot-les-conseils-de-tadej-pogacar-apres-tour-89481.html\" target=\"_blank\" rel=\"nofollow noopener\">Pauline Ferrand-Pr\u00e9vot<\/a><\/strong>, avant de prendre la direction de son pays et de sa ville natale ce week-end pour une grande f\u00eate populaire. Ces deux semaines de pause semblent lui avoir fait le plus grand bien, lui qui paraissait \u00e9puis\u00e9 physiquement et lass\u00e9 mentalement apr\u00e8s un mois de juillet intense.<\/p>\n<p>&#13;<\/p>\n<p>\u00ab\u00a0Tout le monde peut avoir une mauvaise journ\u00e9e. On ne peut pas s&rsquo;attendre \u00e0 ce que je rayonne de bonheur pendant les 21 \u00e9tapes. Le Tour a \u00e9t\u00e9 vraiment difficile, l&rsquo;un des plus difficiles que j&rsquo;aie jamais courus, tous ceux qui se battaient pour le classement g\u00e9n\u00e9ral peuvent le confirmer. Mais maintenant, je me suis repos\u00e9, j&rsquo;ai fait le point et je suis pr\u00eat pour de nouvelles batailles\u00a0\u00bb, a-t-il expliqu\u00e9 avec un sourire retrouv\u00e9, revigor\u00e9 et pr\u00eat \u00e0 repartir \u00e0 l&rsquo;assaut de nombreuses victoires, tel le <strong>Pogacar<\/strong> cannibale que l&rsquo;on conna\u00eet.<\/p>\n<p>&#13;<\/p>\n<p>\u00a0<\/p>\n<p>&#13;<br \/>\n\u00ab\u00a0Le fait est que je compte d\u00e9j\u00e0 les ann\u00e9es jusqu&rsquo;\u00e0 la retraite\u00a0\u00bb&#13;<\/p>\n<p>De quoi \u00e9carter une fin de carri\u00e8re et une retraite pr\u00e9matur\u00e9es, comme le laissait entendre certaines de ses d\u00e9clarations en fin de Tour ? \u00ab\u00a0Le fait est que je compte d\u00e9j\u00e0 les ann\u00e9es jusqu&rsquo;\u00e0 la retraite. J&rsquo;ai commenc\u00e9 \u00e0 gagner t\u00f4t, et il pourrait y avoir de pires r\u00e9sultats, mais je suis pr\u00eat \u00e0 tout. Je participerai probablement \u00e0 d&rsquo;autres Tours, m\u00eame si on ne peut jamais garantir qu&rsquo;on y participera. Le Tour est la course la plus importante et je doute que l&rsquo;\u00e9quipe me laisse \u00e0 la maison pendant encore quelques ann\u00e9es\u00a0\u00bb, a confirm\u00e9 le champion du monde.<\/p>\n<p>&#13;<\/p>\n<p>\u00a0<\/p>\n<p>&#13;<br \/>\nSon calendrier : Canada, Mondiaux&#8230; et un retour aux Championnats d&rsquo;Europe avant la Lombardie !&#13;<\/p>\n<p>Quelle sera la suite du programme pour <strong>Tadej Pogacar<\/strong> ? Le Slov\u00e8ne a \u00e9voqu\u00e9 son calendrier, dont a \u00e9t\u00e9 retir\u00e9 <strong>La Vuelta<\/strong> apr\u00e8s son besoin de repos en sortie de Tour. Comme on pouvait s&rsquo;y attendre, il reprendra comme l&rsquo;an pass\u00e9\u00a0au Canada aux <strong>GP de Qu\u00e9bec et de Montr\u00e9al<\/strong> (12 et 14 septembre), avant de prendre la direction du Rwanda pour d\u00e9fendre son maillot arc-en-ciel sur le circuit de Kigali, lors des <strong>Mondiaux<\/strong> (28 septembre). Jusqu&rsquo;ici, rien de nouveau ou de bien surprenant, mais la suite va en revanche chambouler son habituel fin de saison italienne, avec une participation pr\u00e9vue sur la course en ligne des Championnats d&rsquo;Europe en France le 5 octobre, une premi\u00e8re depuis 2021 pour lui !<\/p>\n<p>&#13;<\/p>\n<p>\u00ab\u00a0D&rsquo;apr\u00e8s nos informations, il y aura un Championnat d&rsquo;Europe pour les grimpeurs cette ann\u00e9e, donc j&rsquo;y serai probablement. C&rsquo;est similaire \u00e0 une course de printemps remport\u00e9e par Juan Ayuso cette ann\u00e9e (la Faun Ard\u00eache Classic, qu&rsquo;il a remport\u00e9 en 2024, ndlr). Mais ces Championnats d&rsquo;Europe signifient probablement que je ne pourrai participer \u00e0 aucune autre classique italienne, \u00e0 l&rsquo;exception de la Lombardie\u00a0\u00bb, a-t-il d\u00e9taill\u00e9. Pogacar devrait donc zapper la traditionnelle tourn\u00e9e des classique italienne de fin de saison pour se concentrer sur les Europe puis le Tour de Lombardie (11 octobre), o\u00f9 il visera rien de moins qu&rsquo;une 5e victoire cons\u00e9cutive pour clore comme chaque ann\u00e9e en beaut\u00e9 son immense saison.<\/p>\n","protected":false},"excerpt":{"rendered":"Deux semaines apr\u00e8s avoir remport\u00e9 son quatri\u00e8me Tour de France, Tadej Pogacar a renfil\u00e9 son maillot de champion&hellip;\n","protected":false},"author":2,"featured_media":309365,"comment_status":"","ping_status":"","sticky":false,"template":"","format":"standard","meta":{"footnotes":""},"categories":[9],"tags":[42572,207,211,1011,27,209,60,210,212,208,213],"class_list":{"0":"post-309364","1":"post","2":"type-post","3":"status-publish","4":"format-standard","5":"has-post-thumbnail","7":"category-sports","8":"tag-criterium","9":"tag-cyclisme","10":"tag-ffc","11":"tag-fr","12":"tag-france","13":"tag-route","14":"tag-sports","15":"tag-tour-de-france","16":"tag-uci","17":"tag-velo","18":"tag-world-tour"},"share_on_mastodon":{"url":"https:\/\/pubeurope.com\/@fr\/115004355853405442","error":""},"_links":{"self":[{"href":"https:\/\/www.europesays.com\/fr\/wp-json\/wp\/v2\/posts\/309364","targetHints":{"allow":["GET"]}}],"collection":[{"href":"https:\/\/www.europesays.com\/fr\/wp-json\/wp\/v2\/posts"}],"about":[{"href":"https:\/\/www.europesays.com\/fr\/wp-json\/wp\/v2\/types\/post"}],"author":[{"embeddable":true,"href":"https:\/\/www.europesays.com\/fr\/wp-json\/wp\/v2\/users\/2"}],"replies":[{"embeddable":true,"href":"https:\/\/www.europesays.com\/fr\/wp-json\/wp\/v2\/comments?post=309364"}],"version-history":[{"count":0,"href":"https:\/\/www.europesays.com\/fr\/wp-json\/wp\/v2\/posts\/309364\/revisions"}],"wp:featuredmedia":[{"embeddable":true,"href":"https:\/\/www.europesays.com\/fr\/wp-json\/wp\/v2\/media\/309365"}],"wp:attachment":[{"href":"https:\/\/www.europesays.com\/fr\/wp-json\/wp\/v2\/media?parent=309364"}],"wp:term":[{"taxonomy":"category","embeddable":true,"href":"https:\/\/www.europesays.com\/fr\/wp-json\/wp\/v2\/categories?post=309364"},{"taxonomy":"post_tag","embeddable":true,"href":"https:\/\/www.europesays.com\/fr\/wp-json\/wp\/v2\/tags?post=309364"}],"curies":[{"name":"wp","href":"https:\/\/api.w.org\/{rel}","templated":true}]}}