{"id":309374,"date":"2025-08-10T12:03:11","date_gmt":"2025-08-10T12:03:11","guid":{"rendered":"https:\/\/www.europesays.com\/fr\/309374\/"},"modified":"2025-08-10T12:03:11","modified_gmt":"2025-08-10T12:03:11","slug":"le-profil-instable-de-lagresseur-du-maire-de-villeneuve-de-marc","status":"publish","type":"post","link":"https:\/\/www.europesays.com\/fr\/309374\/","title":{"rendered":"le profil instable de l\u2019agresseur du maire de Villeneuve-de-Marc"},"content":{"rendered":"<p>Devant les enqu\u00eateurs, l\u2019homme de 60 ans a \u00e9voqu\u00e9 un ancien conflit immobilier avec le maire, ayant cr\u00e9\u00e9 chez lui \u00abun sentiment d\u2019injustice\u00bb. Le parquet a requis sa mise en examen pour \u00abtentative de meurtre\u00bb.<\/p>\n<p class=\"fig-paragraph\">Face aux enqu\u00eateurs, il a tout juste admis ne pas avoir fait quelque chose \u00abde correct\u00bb, tout en estimant qu\u2019on l\u2019avait \u00abpouss\u00e9 \u00e0 bout\u00bb. Ce dimanche, le procureur de Grenoble, \u00c9tienne Manteaux, a tenu une conf\u00e9rence de presse afin de faire un point sur l\u2019enqu\u00eate concernant la violente agression dont a \u00e9t\u00e9\u00a0<a href=\"http:\/\/www.lefigaro.fr\/lyon\/rien-ne-justifie-un-tel-acte-le-village-de-villeneuve-de-marc-choque-apres-l-agression-de-son-maire-a-l-arme-blanche-20250807\" data-fig-type=\"Article\" data-gtm-custom-categorie=\"navigation\" data-gtm-custom-action=\"crossclick\" data-gtm-custom-label=\"Contextuel\" data-gtm-event=\"customEventSPE\" data-fig-domain=\"LEFIGARO\" target=\"_blank\" rel=\"noopener\">victime le maire de Villeneuve-de-Marc<\/a>, en Is\u00e8re, mercredi. L\u2019agresseur aurait \u00e9t\u00e9 guid\u00e9 par un \u00absentiment d\u2019injustice\u00bb li\u00e9 \u00e0 un conflit immobilier ancien. Ses propos laissent pr\u00e9sager un profil instable.<\/p>\n<p>Cach\u00e9 36 heures dans les bois<\/p>\n<p class=\"fig-paragraph\">Aux alentours de 16h30 ce mercredi, \u00e0 Villeneuve-de-Marc, commune situ\u00e9e en campagne is\u00e9roise entre Lyon et Grenoble, le maire Gilles Dussault\u00a0<a href=\"http:\/\/www.lefigaro.fr\/faits-divers\/en-isere-un-maire-en-urgence-absolue-apres-avoir-ete-agresse-dans-sa-commune-20250806\" target=\"_blank\" data-fig-type=\"NewsFlash\" rel=\"noopener\" data-gtm-custom-categorie=\"navigation\" data-gtm-custom-action=\"crossclick\" data-gtm-custom-label=\"Contextuel\" data-gtm-event=\"customEventSPE\" data-fig-domain=\"LEFIGARO\">a \u00e9t\u00e9 violemment agress\u00e9 \u00e0 l\u2019arme blanche<\/a>\u00a0devant son domicile. Le suspect est un voisin de 60 ans qui r\u00e9side \u00e0 une cinquantaine de m\u00e8tres de l\u2019\u00e9dile. Il l\u2019a \u00abfrapp\u00e9 au niveau du thorax et du bras\u00bb, lui portant \u00abtrois coups\u00bb, dont deux au niveau du thorax, a pr\u00e9cis\u00e9 le procureur ce dimanche.<\/p>\n<p>                                    <a class=\"fig-a11y-skip a11y-hidden\" href=\"#fig-a11y-skip-main-inarticle\"><br \/>\n        Passer la publicit\u00e9<br \/>\n    <\/a><\/p>\n<p class=\"fig-paragraph\">Le fils du maire a \u00e9t\u00e9 appel\u00e9 au secours par une voisine puis l\u2019agresseur est revenu en voiture afin de \u00ableur foncer dessus\u00bb. De justesse, \u00able fils a pouss\u00e9 le p\u00e8re sur le c\u00f4t\u00e9\u00bb tandis qu\u2019il s\u2019est mis \u00e0 l\u2019abri. Le v\u00e9hicule est venu, lui, \u00abpercuter un mur\u00bb. Le conducteur a ensuite pris la fuite \u00e0 pied.<\/p>\n<p class=\"fig-paragraph\">Dans un \u00e9tat grave, Gilles Dussault a \u00e9t\u00e9 transport\u00e9 en urgence absolue \u00e0 l\u2019h\u00f4pital \u00c9douard-Herriot de Lyon, souffrant notamment d\u2019une perforation du poumon. Ses jours ne sont d\u00e9sormais plus en danger et une sortie de l\u2019h\u00f4pital est envisageable \u00abdans les jours \u00e0 venir\u00bb, selon le procureur de Grenoble. Il s\u2019est vu prescrire 15 jours d\u2019ITT. Le fils souffre quant \u00e0 lui de blessures l\u00e9g\u00e8res.<\/p>\n<p class=\"fig-paragraph\">L\u2019assaillant s\u2019est ensuite cach\u00e9 36 heures dans les bois, avant d\u2019\u00eatre aper\u00e7u par une habitante \u00e0 une dizaine de kilom\u00e8tres de Villeneuve-de-Marc. Il est finalement interpell\u00e9 sans heurt \u00e0 11h30 vendredi, \u00e0 Charantonnay, en Is\u00e8re. L\u2019homme, \u00abcouvert de griffures\u00bb li\u00e9es \u00e0 son s\u00e9jour dans la nature, \u00abn\u2019\u00e9tait pas arm\u00e9\u00bb et \u00abn\u2019a oppos\u00e9 aucune r\u00e9sistance\u00bb lors de son interpellation, pr\u00e9cise le procureur.<\/p>\n<p>\u00abIl a tent\u00e9 de se faire justice lui-m\u00eame\u00bb<\/p>\n<p class=\"fig-paragraph\">Plac\u00e9 en garde \u00e0 vue \u00e0 la brigade de gendarmerie de Saint-Jean-de-Bournay, il a \u00abr\u00e9pondu \u00e0 l\u2019ensemble des questions\u00bb, \u00aba coop\u00e9r\u00e9\u00bb. L\u2019individu, Malek A., explique aux enqu\u00eateurs avoir un conflit datant de 2022 avec l\u2019\u00e9dile, li\u00e9 \u00e0 \u00abl\u2019effondrement d\u2019un b\u00e2timent\u00bb. Il est propri\u00e9taire d\u2019un appartement dans une copropri\u00e9t\u00e9 dont la mairie d\u00e9tient les murs. Or, une partie du toit de l\u2019immeuble s\u2019est effondr\u00e9e et a endommag\u00e9 un abri de jardin appartenant au mis en cause.<\/p>\n<p class=\"fig-paragraph\">Une proc\u00e9dure \u00e0 l\u2019amiable a \u00e9t\u00e9 lanc\u00e9e mais n\u2019a jamais abouti, Malek A. estimant le montant des dommages et int\u00e9r\u00eats insuffisants. Par la suite, \u00abil a tent\u00e9 de se faire justice lui-m\u00eame, en proc\u00e9dant \u00e0 des travaux pour privatiser l\u2019immeuble, sans aucune d\u00e9claration, sans accord des copropri\u00e9taires\u00bb, souligne le procureur. Le maire lui a donc demand\u00e9 de cesser ses travaux qualifi\u00e9s d\u2019\u00abill\u00e9gaux\u00bb, \u00abce qui a g\u00e9n\u00e9r\u00e9\u00a0<a href=\"http:\/\/www.lefigaro.fr\/vox\/politique\/les-elus-comme-la-societe-toute-entiere-font-les-frais-de-la-flambee-de-la-violence-20231121\" data-fig-type=\"Article\" data-gtm-custom-categorie=\"navigation\" data-gtm-custom-action=\"crossclick\" data-gtm-custom-label=\"Contextuel\" data-gtm-event=\"customEventSPE\" data-fig-domain=\"LEFIGARO\" target=\"_blank\" rel=\"noopener\">un sentiment d\u2019injustice\u00bb<\/a>.<\/p>\n<p>                                    <a class=\"fig-a11y-skip a11y-hidden\" href=\"#fig-a11y-skip-main-inarticle_mtf\"><br \/>\n        Passer la publicit\u00e9<br \/>\n    <\/a><\/p>\n<p class=\"fig-paragraph\">Mercredi, Malek A. n\u2019avait \u00abaucune raison objective\u00bb de passer devant le domicile du maire, mais il s\u2019est tout de m\u00eame pr\u00e9sent\u00e9 devant sa maison et c\u2019est \u00e0 cet instant que l\u2019\u00e9dile l\u2019aurait \u00abregard\u00e9 avec un sourire sadique\u00bb, selon ses dires. Il est alors retourn\u00e9 chez lui, a r\u00e9cup\u00e9r\u00e9 un outil de bricolage avant de repartir. \u00abJe ne sais pas ce qui s\u2019est pass\u00e9, c\u2019est l\u2019accumulation des choses qui m\u2019a fait p\u00e9ter un plomb, il y a eu une rupture dans mon esprit, j\u2019ai fait \u00e7a machinalement, j\u2019\u00e9tais victime d\u2019une injustice\u00bb, a d\u00e9clar\u00e9 le suspect en garde \u00e0 vue.<\/p>\n<p class=\"fig-paragraph\">Apr\u00e8s la premi\u00e8re agression, le suspect dit \u00eatre repass\u00e9 en voiture \u00abpour voir l\u2019ampleur du mal que j\u2019avais fait\u00bb. Il soutient que Gilles Dussault et son fils se seraient alors \u00abjet\u00e9s\u00bb sous les roues de sa voiture, l\u2019obligeant \u00e0 donner un \u00abcoup de volant\u00bb, mais jure n\u2019avoir eu \u00abaucune intention homicide\u00bb. Lors de ses interrogatoires, l\u2019homme a tenu\u00a0<a href=\"https:\/\/sante.lefigaro.fr\/sante\/maladie\/paranoia\/quest-ce-que-cest\" target=\"_blank\" data-fig-type=\"Keyword\" rel=\"sponsored noopener\" data-gtm-custom-categorie=\"navigation\" data-gtm-custom-action=\"crossclick\" data-gtm-custom-label=\"Contextuel\" data-gtm-event=\"customEventSPE\" data-fig-domain=\"SANTE\">des propos obsessionnels<\/a>, assurant que le maire serait d\u00e9j\u00e0 \u00abpropri\u00e9taire de 80% des propri\u00e9t\u00e9s\u00bb du village et qu\u2019il chercherait \u00e0 \u00abracheter son appartement\u00bb.<\/p>\n<p>Deux couteaux sous l\u2019oreiller<\/p>\n<p class=\"fig-paragraph\">N\u00e9 en Alg\u00e9rie, Malek A. s\u2019est install\u00e9 tr\u00e8s jeune en France. Il n\u2019a depuis plus la nationalit\u00e9 alg\u00e9rienne, seulement fran\u00e7aise. Apr\u00e8s l\u2019obtention d\u2019un BTS de dessinateur industriel, il a toujours travaill\u00e9 notamment chez l\u2019\u00e9quipementier automobile Val\u00e9o. Mais cet homme c\u00e9libataire et sans enfant a perdu son travail en 2021, \u00e0 la suite de difficult\u00e9s \u00e9conomiques de l\u2019entreprise. Il encha\u00eene depuis les CDD et r\u00e9dige, en parall\u00e8le, des ouvrages consacr\u00e9s \u00e0 \u00abl\u2019instrumentation des v\u00e9hicules autonomes\u00bb, \u00abl\u2019intelligence artificielle\u00bb ou \u00abla psych\u00e9 des machines vivantes\u00bb.<\/p>\n<p class=\"fig-paragraph\">Propri\u00e9taire de quatre appartements, il s\u2019est install\u00e9 \u00e0 Villeneuve-de-Marc pour s\u2019occuper de sa m\u00e8re, d\u00e9c\u00e9d\u00e9e il y a peu. Sa s\u0153ur a \u00e9galement \u00e9t\u00e9 retrouv\u00e9e pendue en avril 2025, mais le mis en cause est persuad\u00e9 qu\u2019elle \u00aba \u00e9t\u00e9 assassin\u00e9e par son bailleur.\u00bb Lors de la perquisition de son domicile, deux couteaux ont \u00e9t\u00e9 retrouv\u00e9s sur son oreiller. Il a expliqu\u00e9 qu\u2019ils \u00e9taient l\u00e0 pour \u00abse d\u00e9fendre si on veut me faire la m\u00eame chose qu\u2019\u00e0 ma s\u0153ur\u00bb. Toujours dans le m\u00eame \u00abv\u00e9cu pers\u00e9cutif\u00bb, il soup\u00e7onne une \u00absurveillance du maire ou des administr\u00e9s\u00bb. Une expertise psychologique devra \u00e9tablir si l\u2019homme avait donc toute la ma\u00eetrise de ses moyens.<\/p>\n<p class=\"fig-paragraph\">\u00c0 l\u2019issue de sa garde \u00e0 vue, Malek A. a \u00e9t\u00e9 pr\u00e9sent\u00e9 ce dimanche matin \u00e0 un juge d\u2019instruction. Le parquet a requis sa mise en examen pour double \u00abtentative de meurtre sur personne d\u00e9positaire de l\u2019autorit\u00e9 publique\u00bb (les faits de 16h30, puis de 16h50), ainsi que pour \u00abtentative de meurtre\u00bb visant le fils. Il a \u00e9galement demand\u00e9 le placement en d\u00e9tention provisoire. Si le juge d\u2019instruction suit ses r\u00e9quisitions, l\u2019homme encourt la r\u00e9clusion criminelle \u00e0 perp\u00e9tuit\u00e9.<\/p>\n","protected":false},"excerpt":{"rendered":"Devant les enqu\u00eateurs, l\u2019homme de 60 ans a \u00e9voqu\u00e9 un ancien conflit immobilier avec le maire, ayant cr\u00e9\u00e9&hellip;\n","protected":false},"author":2,"featured_media":309375,"comment_status":"","ping_status":"","sticky":false,"template":"","format":"standard","meta":{"footnotes":""},"categories":[4],"tags":[11,1120,1011,27,108,6793,12,25],"class_list":{"0":"post-309374","1":"post","2":"type-post","3":"status-publish","4":"format-standard","5":"has-post-thumbnail","7":"category-france","8":"tag-actualites","9":"tag-agression","10":"tag-fr","11":"tag-france","12":"tag-isere","13":"tag-maires","14":"tag-news","15":"tag-republique-francaise"},"share_on_mastodon":{"url":"https:\/\/pubeurope.com\/@fr\/115004375448452089","error":""},"_links":{"self":[{"href":"https:\/\/www.europesays.com\/fr\/wp-json\/wp\/v2\/posts\/309374","targetHints":{"allow":["GET"]}}],"collection":[{"href":"https:\/\/www.europesays.com\/fr\/wp-json\/wp\/v2\/posts"}],"about":[{"href":"https:\/\/www.europesays.com\/fr\/wp-json\/wp\/v2\/types\/post"}],"author":[{"embeddable":true,"href":"https:\/\/www.europesays.com\/fr\/wp-json\/wp\/v2\/users\/2"}],"replies":[{"embeddable":true,"href":"https:\/\/www.europesays.com\/fr\/wp-json\/wp\/v2\/comments?post=309374"}],"version-history":[{"count":0,"href":"https:\/\/www.europesays.com\/fr\/wp-json\/wp\/v2\/posts\/309374\/revisions"}],"wp:featuredmedia":[{"embeddable":true,"href":"https:\/\/www.europesays.com\/fr\/wp-json\/wp\/v2\/media\/309375"}],"wp:attachment":[{"href":"https:\/\/www.europesays.com\/fr\/wp-json\/wp\/v2\/media?parent=309374"}],"wp:term":[{"taxonomy":"category","embeddable":true,"href":"https:\/\/www.europesays.com\/fr\/wp-json\/wp\/v2\/categories?post=309374"},{"taxonomy":"post_tag","embeddable":true,"href":"https:\/\/www.europesays.com\/fr\/wp-json\/wp\/v2\/tags?post=309374"}],"curies":[{"name":"wp","href":"https:\/\/api.w.org\/{rel}","templated":true}]}}