{"id":309378,"date":"2025-08-10T12:05:11","date_gmt":"2025-08-10T12:05:11","guid":{"rendered":"https:\/\/www.europesays.com\/fr\/309378\/"},"modified":"2025-08-10T12:05:11","modified_gmt":"2025-08-10T12:05:11","slug":"apres-son-evasion-de-la-talaudiere-ce-detenu-terrorise-le-personnel-penitentiaire-a-villefranche-sur-saone","status":"publish","type":"post","link":"https:\/\/www.europesays.com\/fr\/309378\/","title":{"rendered":"Apr\u00e8s son \u00e9vasion de la Talaudi\u00e8re, ce d\u00e9tenu terrorise le personnel p\u00e9nitentiaire \u00e0 Villefranche-sur-Sa\u00f4ne"},"content":{"rendered":"<p itemprop=\"description\"><strong>Rayhan Namaoui est un d\u00e9tenu violent et impr\u00e9visible.<\/strong><\/p>\n<p>Suite \u00e0 son \u00e9vasion spectaculaire de la prison de la Talaudi\u00e8re dans la Loire en f\u00e9vrier 2022 et son interpellation dans le Rh\u00f4ne apr\u00e8s un mois de cavale, il est incarc\u00e9r\u00e9 \u00e0 Villefranche-sur-Sa\u00f4ne o\u00f9 il fait partie des \u00e9l\u00e9ments les plus perturbateurs.<\/p>\n<p>Apr\u00e8s une s\u00e9rie de m\u00e9faits en juillet, il devait \u00eatre jug\u00e9 il y a quelques jours par le tribunal correctionnel caladois, mais l&rsquo;audience a \u00e9t\u00e9 renvoy\u00e9e \u00e0 sa demande.<\/p>\n<p>L&rsquo;homme \u00e2g\u00e9 de 26 ans, au casier judiciaire bien rempli, avait d&rsquo;abord cr\u00e9\u00e9 un incendie dans sa cellule le 13 juillet dernier. Puis le 15, il \u00e9tait parvenu \u00e0 d\u00e9truire le mat\u00e9riel de brouillage des t\u00e9l\u00e9phones, occasionnant un pr\u00e9judice de plusieurs dizaines de milliers d&rsquo;euros. Enfin le 26 juillet, Rayhan Namaoui avait attir\u00e9 un surveillant p\u00e9nitentiaire dans sa cellule pour le passer \u00e0 tabac (21 jours d&rsquo;ITT).<\/p>\n<p>Face aux juges, le jeune homme a d\u00e9nonc\u00e9 des conditions de d\u00e9tention difficiles et un acharnement de la nouvelle directrice de la maison d&rsquo;arr\u00eat, qui aurait \u00e9t\u00e9 en poste \u00e0 La Talaudi\u00e8re lors de son \u00e9vasion.<\/p>\n<p>Son proc\u00e8s a \u00e9t\u00e9 renvoy\u00e9 au 25 septembre. D&rsquo;ici l\u00e0, le braqueur aura peut-\u00eatre obtenu ce qu&rsquo;il r\u00e9clamait, \u00e0 savoir un changement de prison puisqu&rsquo;il est r\u00e9guli\u00e8rement transf\u00e9r\u00e9 compte-tenu de son statut de d\u00e9tenu dangereux.<\/p>\n","protected":false},"excerpt":{"rendered":"Rayhan Namaoui est un d\u00e9tenu violent et impr\u00e9visible. Suite \u00e0 son \u00e9vasion spectaculaire de la prison de la&hellip;\n","protected":false},"author":2,"featured_media":309379,"comment_status":"","ping_status":"","sticky":false,"template":"","format":"standard","meta":{"footnotes":""},"categories":[9653],"tags":[1111,11,2813,2190,2430,1109,251,1112,2811,1777,674,118,1011,27,1922,1110,1114,2428,2810,12,241,316,25,4001,2812,517,800],"class_list":{"0":"post-309378","1":"post","2":"type-post","3":"status-publish","4":"format-standard","5":"has-post-thumbnail","7":"category-saint-etienne","8":"tag-actu","9":"tag-actualites","10":"tag-article","11":"tag-asvel","12":"tag-auvergne-rhone-alpes","13":"tag-breves","14":"tag-culture","15":"tag-depeches","16":"tag-economique","17":"tag-eu","18":"tag-europe","19":"tag-faits-divers","20":"tag-fr","21":"tag-france","22":"tag-info","23":"tag-informations","24":"tag-infos","25":"tag-lyon","26":"tag-lyonmag","27":"tag-news","28":"tag-ol","29":"tag-politique","30":"tag-republique-francaise","31":"tag-saint-etienne","32":"tag-sociale","33":"tag-sport","34":"tag-transports"},"share_on_mastodon":{"url":"https:\/\/pubeurope.com\/@fr\/115004383311263652","error":""},"_links":{"self":[{"href":"https:\/\/www.europesays.com\/fr\/wp-json\/wp\/v2\/posts\/309378","targetHints":{"allow":["GET"]}}],"collection":[{"href":"https:\/\/www.europesays.com\/fr\/wp-json\/wp\/v2\/posts"}],"about":[{"href":"https:\/\/www.europesays.com\/fr\/wp-json\/wp\/v2\/types\/post"}],"author":[{"embeddable":true,"href":"https:\/\/www.europesays.com\/fr\/wp-json\/wp\/v2\/users\/2"}],"replies":[{"embeddable":true,"href":"https:\/\/www.europesays.com\/fr\/wp-json\/wp\/v2\/comments?post=309378"}],"version-history":[{"count":0,"href":"https:\/\/www.europesays.com\/fr\/wp-json\/wp\/v2\/posts\/309378\/revisions"}],"wp:featuredmedia":[{"embeddable":true,"href":"https:\/\/www.europesays.com\/fr\/wp-json\/wp\/v2\/media\/309379"}],"wp:attachment":[{"href":"https:\/\/www.europesays.com\/fr\/wp-json\/wp\/v2\/media?parent=309378"}],"wp:term":[{"taxonomy":"category","embeddable":true,"href":"https:\/\/www.europesays.com\/fr\/wp-json\/wp\/v2\/categories?post=309378"},{"taxonomy":"post_tag","embeddable":true,"href":"https:\/\/www.europesays.com\/fr\/wp-json\/wp\/v2\/tags?post=309378"}],"curies":[{"name":"wp","href":"https:\/\/api.w.org\/{rel}","templated":true}]}}