{"id":30938,"date":"2025-04-17T05:47:08","date_gmt":"2025-04-17T05:47:08","guid":{"rendered":"https:\/\/www.europesays.com\/fr\/30938\/"},"modified":"2025-04-17T05:47:08","modified_gmt":"2025-04-17T05:47:08","slug":"marco-rubio-en-visite-a-paris-trois-morts-dans-une-attaque-massive-russe-sur-dnipro","status":"publish","type":"post","link":"https:\/\/www.europesays.com\/fr\/30938\/","title":{"rendered":"Marco Rubio en visite \u00e0 Paris, trois morts dans une \u00abattaque massive\u00bb russe sur Dnipro"},"content":{"rendered":"<p><strong>LE POINT SUR LA SITUATION &#8211;<\/strong> Les discussions porteront sur \u00abl\u2019objectif du pr\u00e9sident Trump de mettre fin \u00e0 la guerre entre l\u2019Ukraine et la Russie et d\u2019arr\u00eater la tuerie\u00bb, a indiqu\u00e9 le d\u00e9partement d\u2019\u00c9tat am\u00e9ricain.<\/p>\n<p class=\"fig-paragraph\">Le secr\u00e9taire d\u2019\u00c9tat am\u00e9ricain Marco Rubio est en visite \u00e0 Paris jeudi\u00a0<a href=\"http:\/\/www.lefigaro.fr\/international\/guerre-en-ukraine-une-double-frappe-russe-fait-un-mort-et-trois-blesses-a-kherson-20250416\" data-fig-type=\"NewsFlash\" data-gtm-custom-categorie=\"navigation\" data-gtm-custom-action=\"crossclick\" data-gtm-custom-label=\"Contextuel\" data-gtm-event=\"customEventSPE\" data-fig-domain=\"LEFIGARO\" target=\"_blank\" rel=\"noopener\">et doit rencontrer le pr\u00e9sident Emmanuel Macron<\/a>\u00a0et le ministre des Affaires \u00e9trang\u00e8res\u00a0<a href=\"http:\/\/www.lefigaro.fr\/international\/la-diplomatie-est-la-seule-maniere-de-resoudre-les-tensions-avec-l-algerie-plaide-jean-noel-barrot-20250416\" data-fig-type=\"NewsFlash\" data-gtm-custom-categorie=\"navigation\" data-gtm-custom-action=\"crossclick\" data-gtm-custom-label=\"Contextuel\" data-gtm-event=\"customEventSPE\" data-fig-domain=\"LEFIGARO\" target=\"_blank\" rel=\"noopener\">Jean-No\u00ebl Barrot<\/a>.<\/p>\n<p class=\"fig-paragraph\">Des frappes russes ont fait trois morts et au moins 28 bless\u00e9s, dont quatre enfants, dans la nuit de mercredi \u00e0 jeudi \u00e0\u00a0<a href=\"http:\/\/www.lefigaro.fr\/international\/attaque-russe-a-dnipro-en-ukraine-quelle-est-la-difference-entre-un-missile-intercontinental-et-un-missile-de-moyenne-portee-20241121\" data-fig-type=\"Article\" data-gtm-custom-categorie=\"navigation\" data-gtm-custom-action=\"crossclick\" data-gtm-custom-label=\"Contextuel\" data-gtm-event=\"customEventSPE\" data-fig-domain=\"LEFIGARO\" target=\"_blank\" rel=\"noopener\">Dnipro<\/a>.<\/p>\n<p class=\"fig-paragraph\">Le Figaro fait le point sur la situation.<\/p>\n<p><strong>Le chef de la diplomatie am\u00e9ricaine \u00e0 Paris pour des discussions sur l\u2019Ukraine<\/strong><\/p>\n<p class=\"fig-paragraph\">Le secr\u00e9taire d&rsquo;\u00c9tat am\u00e9ricain\u00a0Marco Rubio\u00a0est en visite \u00e0 Paris jeudi pour des discussions sur le conflit en Ukraine notamment, premi\u00e8re visite officielle du chef de la diplomatie am\u00e9ricaine en France\u00a0en pleine p\u00e9riode de tension avec Washington. Marco Rubio, qui sera accompagn\u00e9 de l&rsquo;\u00e9missaire sp\u00e9cial pour le Moyen-Orient Steve Witkoff, doit rencontrer le pr\u00e9sident Emmanuel Macron et le ministre des Affaires \u00e9trang\u00e8res Jean-No\u00ebl Barrot.<\/p>\n<p class=\"fig-paragraph\">Ils tiendront des discussions \u00abafin d&rsquo;avancer l&rsquo;objectif du pr\u00e9sident Trump de mettre fin \u00e0 la guerre entre l&rsquo;Ukraine et la Russie et d&rsquo;arr\u00eater la tuerie\u00bb, a indiqu\u00e9 le d\u00e9partement d&rsquo;\u00c9tat. Lundi, trois jours apr\u00e8s\u00a0<a href=\"http:\/\/www.lefigaro.fr\/international\/otages-israeliens-ukraine-iran-steve-witkoff-l-emissaire-a-tout-faire-de-donald-trump-20250413\" data-fig-type=\"Article\" data-gtm-custom-categorie=\"navigation\" data-gtm-custom-action=\"crossclick\" data-gtm-custom-label=\"Contextuel\" data-gtm-event=\"customEventSPE\" data-fig-domain=\"LEFIGARO\" target=\"_blank\" rel=\"noopener\">une nouvelle rencontre avec Vladimir Poutine<\/a>, Steve Witkoff avait affirm\u00e9 que les pourparlers \u00e9taient \u00absur le point\u00bb de permettre des avanc\u00e9es. Une source diplomatique fran\u00e7aise a indiqu\u00e9 \u00e0 l&rsquo;AFP que les entretiens au minist\u00e8re des Affaires \u00e9trang\u00e8res devraient \u00e9galement porter sur la situation au Proche-Orient et le dossier du nucl\u00e9aire iranien.<\/p>\n<p class=\"fig-body-link\">\n            \u00c0 lire aussi<br \/>\n        <a class=\"fig-body-link__link fig-premium-mark\" href=\"http:\/\/www.lefigaro.fr\/international\/deuil-et-colere-a-soumy-en-ukraine-apres-la-double-frappe-russe-meurtriere-le-recit-de-l-envoyee-speciale-du-figaro-20250414\" data-fig-type=\"Article\" data-gtm-custom-categorie=\"navigation\" data-gtm-custom-action=\"crossclick\" data-gtm-custom-label=\"Contextuel\" data-gtm-event=\"customEventSPE\" data-fig-domain=\"LEFIGARO\" target=\"_blank\" rel=\"noopener\">Deuil et col\u00e8re \u00e0 Soumy, en Ukraine, apr\u00e8s la double frappe russe meurtri\u00e8re: le r\u00e9cit de l\u2019envoy\u00e9e sp\u00e9ciale du Figaro<br \/>\n    <\/a>\n<\/p>\n<p>Une frappe \u00e0 Dnipro fait trois morts et 28 bless\u00e9s<\/p>\n<p class=\"fig-paragraph\">Des frappes russes ont fait trois morts et au moins 28 bless\u00e9s, dont quatre enfants, dans la nuit de mercredi \u00e0 jeudi \u00e0 Dnipro, dans l\u2019est de l\u2019Ukraine, a annonc\u00e9 le Service d\u2019urgence de l\u2019\u00c9tat. Le gouverneur local, Sergiy Lysak, a pr\u00e9cis\u00e9 qu\u2019une \u00abjeune enfant\u00bb et \u00abune femme \u00e2g\u00e9e\u00bb figuraient parmi les personnes tu\u00e9es. Plusieurs maisons et des b\u00e2timents officiels ont \u00e9t\u00e9 touch\u00e9s, ont indiqu\u00e9 ces sources. Selon le maire de la ville, Borys Filatov le nombre de b\u00e2timents endommag\u00e9s est de 15.<\/p>\n<p>    Des d\u00e9bris de voitures se trouvent sur le site d\u2019une attaque de drones russes \u00e0 Dnipro, en Ukraine.<br \/>\n                Boris FILATOV via Telegram \/ REUTERS<\/p>\n<p class=\"fig-paragraph\">Le 10 avril, lors d\u2019une pr\u00e9c\u00e9dente attaque russe, un missile balistique avait fait un mort et huit bless\u00e9s dans cette ville travers\u00e9e par le fleuve Dniepr. Les villes ukrainiennes sont\u00a0quasi quotidiennement la cible de frappes russes, malgr\u00e9 les r\u00e9centes tentatives des \u00c9tats-Unis d\u2019amener les bellig\u00e9rants \u00e0 des pourparlers destin\u00e9s \u00e0 mettre fin \u00e0 plus de trois ans de combats. Dimanche, une\u00a0<a href=\"http:\/\/www.lefigaro.fr\/international\/ukraine-au-moins-21-morts-dans-une-frappe-de-missiles-russes-sur-soumy-20250413\" data-fig-type=\"NewsFlash\" data-gtm-custom-categorie=\"navigation\" data-gtm-custom-action=\"crossclick\" data-gtm-custom-label=\"Contextuel\" data-gtm-event=\"customEventSPE\" data-fig-domain=\"LEFIGARO\" target=\"_blank\" rel=\"noopener\">frappe de missiles russes sur la ville de Soumy<\/a>, pr\u00e8s de la fronti\u00e8re, avait tu\u00e9 35 personnes, suscitant de vives r\u00e9actions de pays occidentaux.<\/p>\n","protected":false},"excerpt":{"rendered":"LE POINT SUR LA SITUATION &#8211; Les discussions porteront sur \u00abl\u2019objectif du pr\u00e9sident Trump de mettre fin \u00e0&hellip;\n","protected":false},"author":2,"featured_media":30939,"comment_status":"","ping_status":"","sticky":false,"template":"","format":"standard","meta":{"footnotes":""},"categories":[1591],"tags":[1111,47,11,1109,1112,118,1887,1108,107,1106,1107,27,131,1110,1114,14,12,1113,316,1885,1886,132],"class_list":{"0":"post-30938","1":"post","2":"type-post","3":"status-publish","4":"format-standard","5":"has-post-thumbnail","7":"category-russie","8":"tag-actu","9":"tag-actualite","10":"tag-actualites","11":"tag-breves","12":"tag-depeches","13":"tag-faits-divers","14":"tag-federation-de-russie","15":"tag-fil","16":"tag-fil-info","17":"tag-flash","18":"tag-flash-actu","19":"tag-france","20":"tag-guerre-en-ukraine","21":"tag-informations","22":"tag-infos","23":"tag-international","24":"tag-news","25":"tag-nouvelles","26":"tag-politique","27":"tag-russia","28":"tag-russian-federation","29":"tag-russie"},"share_on_mastodon":{"url":"https:\/\/pubeurope.com\/@fr\/114351731046189375","error":""},"_links":{"self":[{"href":"https:\/\/www.europesays.com\/fr\/wp-json\/wp\/v2\/posts\/30938","targetHints":{"allow":["GET"]}}],"collection":[{"href":"https:\/\/www.europesays.com\/fr\/wp-json\/wp\/v2\/posts"}],"about":[{"href":"https:\/\/www.europesays.com\/fr\/wp-json\/wp\/v2\/types\/post"}],"author":[{"embeddable":true,"href":"https:\/\/www.europesays.com\/fr\/wp-json\/wp\/v2\/users\/2"}],"replies":[{"embeddable":true,"href":"https:\/\/www.europesays.com\/fr\/wp-json\/wp\/v2\/comments?post=30938"}],"version-history":[{"count":0,"href":"https:\/\/www.europesays.com\/fr\/wp-json\/wp\/v2\/posts\/30938\/revisions"}],"wp:featuredmedia":[{"embeddable":true,"href":"https:\/\/www.europesays.com\/fr\/wp-json\/wp\/v2\/media\/30939"}],"wp:attachment":[{"href":"https:\/\/www.europesays.com\/fr\/wp-json\/wp\/v2\/media?parent=30938"}],"wp:term":[{"taxonomy":"category","embeddable":true,"href":"https:\/\/www.europesays.com\/fr\/wp-json\/wp\/v2\/categories?post=30938"},{"taxonomy":"post_tag","embeddable":true,"href":"https:\/\/www.europesays.com\/fr\/wp-json\/wp\/v2\/tags?post=30938"}],"curies":[{"name":"wp","href":"https:\/\/api.w.org\/{rel}","templated":true}]}}