{"id":309381,"date":"2025-08-10T12:09:15","date_gmt":"2025-08-10T12:09:15","guid":{"rendered":"https:\/\/www.europesays.com\/fr\/309381\/"},"modified":"2025-08-10T12:09:15","modified_gmt":"2025-08-10T12:09:15","slug":"zinedine-zidane-apercu-dans-les-vestiaires-de-rodez-apres-le-nul-concede-face-a-nancy","status":"publish","type":"post","link":"https:\/\/www.europesays.com\/fr\/309381\/","title":{"rendered":"Zin\u00e9dine Zidane aper\u00e7u dans les vestiaires de Rodez apr\u00e8s le nul conc\u00e9d\u00e9 face \u00e0 Nancy"},"content":{"rendered":"<p>Le club aveyronnais a pu compter sur la pr\u00e9sence d\u2019un invit\u00e9 de marque samedi lors de la premi\u00e8re journ\u00e9e de Ligue 2 au stade Paul-Lignon.<\/p>\n<p class=\"fig-paragraph\">Ce n\u2019\u00e9tait pas le match le plus anim\u00e9 de la\u00a0<a href=\"http:\/\/www.lefigaro.fr\/sports\/football\/ligue-2-saint-etienne-et-montpellier-patinent-d-entree-20250809\" data-fig-type=\"NewsFlash\" data-gtm-custom-categorie=\"navigation\" data-gtm-custom-action=\"crossclick\" data-gtm-custom-label=\"Contextuel\" data-gtm-event=\"customEventSPE\" data-fig-domain=\"LEFIGARO\" rel=\"nofollow noopener\" target=\"_blank\">premi\u00e8re soir\u00e9e de Ligue 2<\/a>\u00a0mais il s\u2019est tout de m\u00eame pass\u00e9 des choses \u00e0 Paul-Lignon lors de la rencontre entre Rodez et Nancy (0-0), notamment en tribunes. En effet,\u00a0<a href=\"http:\/\/www.lefigaro.fr\/sports\/football\/coupe-du-monde-1998-transfert-au-real-coup-de-boule-quand-une-ia-genere-une-video-geniale-sur-la-carriere-de-zidane-20250612\" data-fig-type=\"NewsFlash\" data-gtm-custom-categorie=\"navigation\" data-gtm-custom-action=\"crossclick\" data-gtm-custom-label=\"Contextuel\" data-gtm-event=\"customEventSPE\" data-fig-domain=\"LEFIGARO\" rel=\"nofollow noopener\" target=\"_blank\">Zin\u00e9dine Zidane<\/a>\u00a0\u00e9tait pr\u00e9sent pour suivre la rencontre et admirer le stade termin\u00e9 apr\u00e8s quatre ans de travaux, comme l\u2019a soulign\u00e9 un post du club aveyronnais sur les r\u00e9seaux sociaux.<\/p>\n<p class=\"fig-paragraph\">Comme \u00e0 son habitude, \u00abZizou\u00bb s\u2019est fait discret. Hormis une photo dans les vestiaires \u00e0 l\u2019issue de la partie, l\u2019ancien entra\u00eeneur du Real Madrid a pass\u00e9 la soir\u00e9e incognito. Il a sans doute appr\u00e9ci\u00e9 la prestation du gardien de l\u2019ASNL Enzo Basilio, \u00e9lu homme du multiplex par le diffuseur beIN Sports, ainsi que celle des joueurs de Didier Santini,\u00a0<a href=\"https:\/\/www.lefigaro.fr\/sports\/football\/ligue-2\/classement\" target=\"_blank\" rel=\"nofollow noopener\" data-gtm-custom-categorie=\"navigation\" data-gtm-custom-action=\"crossclick\" data-gtm-custom-label=\"Contextuel\" data-gtm-event=\"customEventSPE\">12e du classement provisoire<\/a>\u00a0avant la derni\u00e8re rencontre de la premi\u00e8re journ\u00e9e entre Amiens et Reims.<\/p>\n","protected":false},"excerpt":{"rendered":"Le club aveyronnais a pu compter sur la pr\u00e9sence d\u2019un invit\u00e9 de marque samedi lors de la premi\u00e8re&hellip;\n","protected":false},"author":2,"featured_media":309382,"comment_status":"","ping_status":"","sticky":false,"template":"","format":"standard","meta":{"footnotes":""},"categories":[9635],"tags":[1111,11,1777,674,1011,27,775,446,1702,12,25,26119,24863],"class_list":{"0":"post-309381","1":"post","2":"type-post","3":"status-publish","4":"format-standard","5":"has-post-thumbnail","7":"category-nancy","8":"tag-actu","9":"tag-actualites","10":"tag-eu","11":"tag-europe","12":"tag-fr","13":"tag-france","14":"tag-grand-est","15":"tag-ligue-2","16":"tag-nancy","17":"tag-news","18":"tag-republique-francaise","19":"tag-rodez","20":"tag-zinedine-zidane"},"share_on_mastodon":{"url":"https:\/\/pubeurope.com\/@fr\/115004398834203718","error":""},"_links":{"self":[{"href":"https:\/\/www.europesays.com\/fr\/wp-json\/wp\/v2\/posts\/309381","targetHints":{"allow":["GET"]}}],"collection":[{"href":"https:\/\/www.europesays.com\/fr\/wp-json\/wp\/v2\/posts"}],"about":[{"href":"https:\/\/www.europesays.com\/fr\/wp-json\/wp\/v2\/types\/post"}],"author":[{"embeddable":true,"href":"https:\/\/www.europesays.com\/fr\/wp-json\/wp\/v2\/users\/2"}],"replies":[{"embeddable":true,"href":"https:\/\/www.europesays.com\/fr\/wp-json\/wp\/v2\/comments?post=309381"}],"version-history":[{"count":0,"href":"https:\/\/www.europesays.com\/fr\/wp-json\/wp\/v2\/posts\/309381\/revisions"}],"wp:featuredmedia":[{"embeddable":true,"href":"https:\/\/www.europesays.com\/fr\/wp-json\/wp\/v2\/media\/309382"}],"wp:attachment":[{"href":"https:\/\/www.europesays.com\/fr\/wp-json\/wp\/v2\/media?parent=309381"}],"wp:term":[{"taxonomy":"category","embeddable":true,"href":"https:\/\/www.europesays.com\/fr\/wp-json\/wp\/v2\/categories?post=309381"},{"taxonomy":"post_tag","embeddable":true,"href":"https:\/\/www.europesays.com\/fr\/wp-json\/wp\/v2\/tags?post=309381"}],"curies":[{"name":"wp","href":"https:\/\/api.w.org\/{rel}","templated":true}]}}