{"id":309387,"date":"2025-08-10T12:20:11","date_gmt":"2025-08-10T12:20:11","guid":{"rendered":"https:\/\/www.europesays.com\/fr\/309387\/"},"modified":"2025-08-10T12:20:11","modified_gmt":"2025-08-10T12:20:11","slug":"beye-previent-les-marseillais","status":"publish","type":"post","link":"https:\/\/www.europesays.com\/fr\/309387\/","title":{"rendered":"Beye pr\u00e9vient les marseillais !"},"content":{"rendered":"<p><strong>LIGUE 1 : Habib Beye lance le choc face \u00e0 l\u2019OM : \u201cPr\u00eats \u00e0 les regarder dans les yeux\u201d<\/strong><\/p>\n<p>\u00c0 quelques jours du coup d\u2019envoi de la saison 2025-2026 de Ligue 1, le nouvel entra\u00eeneur du Stade Rennais, Habib Beye, a clairement affich\u00e9 ses intentions avant le d\u00e9placement tr\u00e8s attendu sur la pelouse de l\u2019Olympique de Marseille. Dans une interview accord\u00e9e au journal L\u2019\u00c9quipe, l\u2019ancien capitaine marseillais a livr\u00e9 une analyse pleine de lucidit\u00e9, m\u00ealant confiance en son groupe et respect pour son adversaire.<\/p>\n<p>\u00a0<\/p>\n<p>Une pr\u00e9paration pour \u00eatre \u00e0 la hauteur<\/p>\n<p>Interrog\u00e9 sur la phase de pr\u00e9paration de son \u00e9quipe, Habib Beye insiste sur la notion de progression : \u00ab <b>Le plus important dans cette pr\u00e9paration est la mont\u00e9e en puissance.<\/b> L\u2019\u00e9quipe est en progression sur certains aspects. \u00bb Cependant, le coach rennais reste exigeant et pointe le domaine o\u00f9 il attend plus de ses joueurs avant ce premier grand test. \u00ab <b>Mais on doit faire un peu plus mal \u00e0 l\u2019adversaire<\/b> \u00bb, pr\u00e9vient-il, signalant une volont\u00e9 de voir son \u00e9quipe se montrer plus tranchante et d\u00e9cisive.<\/p>\n<p>A lire aussi :\u00a0<a href=\"https:\/\/www.footballclubdemarseille.fr\/mercato-om\/le-losc-vise-un-olympien-un-minot-prometteur-quitte-le-club-rennes-vise-rowe-le-les-3-infos-mercato-om-du-9-out-2025.html\" rel=\"nofollow noopener\" target=\"_blank\">Le Losc vise un olympien, un minot prometteur quitte le club, Rennes vise Rowe\u2026 le les 3 infos mercato OM du 9 out 2025<\/a><\/p>\n<p>Un avertissement clair avant de d\u00e9fier un \u201cgros\u201d<\/p>\n<p>Conscient de la qualit\u00e9 de l\u2019\u00e9quipe qu\u2019il s\u2019appr\u00eate \u00e0 affronter, Beye ne sous-estime pas la t\u00e2che qui attend les siens au V\u00e9lodrome. \u00ab <b>L\u2019adversit\u00e9 de vendredi sera pr\u00e9sente. Marseille est un gros de ce Championnat<\/b> \u00bb, rappelle-t-il.<\/p>\n<p>A lire aussi :\u00a0<a href=\"https:\/\/www.footballclubdemarseille.fr\/om-actualites\/om-aston-villa-le-nouveau-superbe-but-de-greenwood.html\" rel=\"nofollow noopener\" target=\"_blank\">OM Aston Villa : Le nouveau superbe but de GREENWOOD !<\/a><\/p>\n","protected":false},"excerpt":{"rendered":"LIGUE 1 : Habib Beye lance le choc face \u00e0 l\u2019OM : \u201cPr\u00eats \u00e0 les regarder dans les&hellip;\n","protected":false},"author":2,"featured_media":143712,"comment_status":"","ping_status":"","sticky":false,"template":"","format":"standard","meta":{"footnotes":""},"categories":[2821],"tags":[1111,11,829,1777,674,1011,27,12,584,25],"class_list":{"0":"post-309387","1":"post","2":"type-post","3":"status-publish","4":"format-standard","5":"has-post-thumbnail","7":"category-rennes","8":"tag-actu","9":"tag-actualites","10":"tag-bretagne","11":"tag-eu","12":"tag-europe","13":"tag-fr","14":"tag-france","15":"tag-news","16":"tag-rennes","17":"tag-republique-francaise"},"share_on_mastodon":{"url":"https:\/\/pubeurope.com\/@fr\/115004442062130301","error":""},"_links":{"self":[{"href":"https:\/\/www.europesays.com\/fr\/wp-json\/wp\/v2\/posts\/309387","targetHints":{"allow":["GET"]}}],"collection":[{"href":"https:\/\/www.europesays.com\/fr\/wp-json\/wp\/v2\/posts"}],"about":[{"href":"https:\/\/www.europesays.com\/fr\/wp-json\/wp\/v2\/types\/post"}],"author":[{"embeddable":true,"href":"https:\/\/www.europesays.com\/fr\/wp-json\/wp\/v2\/users\/2"}],"replies":[{"embeddable":true,"href":"https:\/\/www.europesays.com\/fr\/wp-json\/wp\/v2\/comments?post=309387"}],"version-history":[{"count":0,"href":"https:\/\/www.europesays.com\/fr\/wp-json\/wp\/v2\/posts\/309387\/revisions"}],"wp:featuredmedia":[{"embeddable":true,"href":"https:\/\/www.europesays.com\/fr\/wp-json\/wp\/v2\/media\/143712"}],"wp:attachment":[{"href":"https:\/\/www.europesays.com\/fr\/wp-json\/wp\/v2\/media?parent=309387"}],"wp:term":[{"taxonomy":"category","embeddable":true,"href":"https:\/\/www.europesays.com\/fr\/wp-json\/wp\/v2\/categories?post=309387"},{"taxonomy":"post_tag","embeddable":true,"href":"https:\/\/www.europesays.com\/fr\/wp-json\/wp\/v2\/tags?post=309387"}],"curies":[{"name":"wp","href":"https:\/\/api.w.org\/{rel}","templated":true}]}}