{"id":309388,"date":"2025-08-10T12:21:44","date_gmt":"2025-08-10T12:21:44","guid":{"rendered":"https:\/\/www.europesays.com\/fr\/309388\/"},"modified":"2025-08-10T12:21:44","modified_gmt":"2025-08-10T12:21:44","slug":"patrimoine-six-musees-de-france-dalsace-soutenus-par-la-drac-grand-est-2","status":"publish","type":"post","link":"https:\/\/www.europesays.com\/fr\/309388\/","title":{"rendered":"Patrimoine. Six \u00ab\u00a0Mus\u00e9es de France\u00a0\u00bb d\u2019Alsace soutenus par la Drac Grand Est"},"content":{"rendered":"<p>Le Plan culture et ruralit\u00e9, lanc\u00e9 par le minist\u00e8re de la Culture, comporte un volet mus\u00e9e. Il vise \u00e0 accompagner le d\u00e9veloppement, la modernisation, la pr\u00e9servation et l\u2019acc\u00e8s aux collections de ces \u00e9tablissements culturels de proximit\u00e9 que sont les Mus\u00e9es de France.<\/p>\n<p>34 projets financ\u00e9s \u00e0 50%<\/p>\n<p>Dans ce cadre, la direction r\u00e9gionale des affaires culturelles du Grand Est (Drac) finance, \u00e0 hauteur de 50\u00a0%, 34 projets port\u00e9s par seize Mus\u00e9es de France r\u00e9partis sur&#8230;<\/p>\n","protected":false},"excerpt":{"rendered":"Le Plan culture et ruralit\u00e9, lanc\u00e9 par le minist\u00e8re de la Culture, comporte un volet mus\u00e9e. Il vise&hellip;\n","protected":false},"author":2,"featured_media":309389,"comment_status":"","ping_status":"","sticky":false,"template":"","format":"standard","meta":{"footnotes":""},"categories":[2820],"tags":[1111,11,2389,1687,1777,674,107,1011,27,775,12,2661,25,640],"class_list":{"0":"post-309388","1":"post","2":"type-post","3":"status-publish","4":"format-standard","5":"has-post-thumbnail","7":"category-strasbourg","8":"tag-actu","9":"tag-actualites","10":"tag-alsace","11":"tag-culture-loisirs","12":"tag-eu","13":"tag-europe","14":"tag-fil-info","15":"tag-fr","16":"tag-france","17":"tag-grand-est","18":"tag-news","19":"tag-patrimoine-culturel","20":"tag-republique-francaise","21":"tag-strasbourg"},"share_on_mastodon":{"url":"https:\/\/pubeurope.com\/@fr\/115004446053474714","error":""},"_links":{"self":[{"href":"https:\/\/www.europesays.com\/fr\/wp-json\/wp\/v2\/posts\/309388","targetHints":{"allow":["GET"]}}],"collection":[{"href":"https:\/\/www.europesays.com\/fr\/wp-json\/wp\/v2\/posts"}],"about":[{"href":"https:\/\/www.europesays.com\/fr\/wp-json\/wp\/v2\/types\/post"}],"author":[{"embeddable":true,"href":"https:\/\/www.europesays.com\/fr\/wp-json\/wp\/v2\/users\/2"}],"replies":[{"embeddable":true,"href":"https:\/\/www.europesays.com\/fr\/wp-json\/wp\/v2\/comments?post=309388"}],"version-history":[{"count":0,"href":"https:\/\/www.europesays.com\/fr\/wp-json\/wp\/v2\/posts\/309388\/revisions"}],"wp:featuredmedia":[{"embeddable":true,"href":"https:\/\/www.europesays.com\/fr\/wp-json\/wp\/v2\/media\/309389"}],"wp:attachment":[{"href":"https:\/\/www.europesays.com\/fr\/wp-json\/wp\/v2\/media?parent=309388"}],"wp:term":[{"taxonomy":"category","embeddable":true,"href":"https:\/\/www.europesays.com\/fr\/wp-json\/wp\/v2\/categories?post=309388"},{"taxonomy":"post_tag","embeddable":true,"href":"https:\/\/www.europesays.com\/fr\/wp-json\/wp\/v2\/tags?post=309388"}],"curies":[{"name":"wp","href":"https:\/\/api.w.org\/{rel}","templated":true}]}}