{"id":309390,"date":"2025-08-10T12:22:40","date_gmt":"2025-08-10T12:22:40","guid":{"rendered":"https:\/\/www.europesays.com\/fr\/309390\/"},"modified":"2025-08-10T12:22:40","modified_gmt":"2025-08-10T12:22:40","slug":"bas-rhin-un-septuagenaire-decede-apres-une-sortie-de-route-sur-la35-a-dambach-la-ville","status":"publish","type":"post","link":"https:\/\/www.europesays.com\/fr\/309390\/","title":{"rendered":"Bas-Rhin. Un septuag\u00e9naire d\u00e9c\u00e8de apr\u00e8s une sortie de route sur l&rsquo;A35 \u00e0 Dambach-la-Ville"},"content":{"rendered":"<p>Samedi 9 ao\u00fbt, peu avant 10 h 30, un homme de 73 ans est d\u00e9c\u00e9d\u00e9 dans sa voiture, alors qu&rsquo;il circulait sur l\u2019A35, dans le sens Strasbourg vers Colmar, \u00e0 hauteur de Dambach-la-Ville et du poste de gendarmerie de l&rsquo;autoroute.<\/p>\n<p>La voiture a quitt\u00e9 la chauss\u00e9e sans raison apparente, franchi un grillage, roul\u00e9 environ sur 400 m dans un champ en dessinant un arc de cercle pour finir sa course retourn\u00e9e, au bas d&rsquo;un talus, \u00e0 une dizaine de m\u00e8tres de l&rsquo;autoroute.<\/p>\n<p>\u00c0 leur arriv\u00e9e, les sapeurs-pompiers ont d\u00e9couvert le conducteur, un homme domicili\u00e9 dans le Bas-Rhin, en arr\u00eat cardio-respiratoire. Il n&rsquo;\u00e9tait pas incarc\u00e9r\u00e9 dans son v\u00e9hicule.<\/p>\n<p>L&rsquo;hypoth\u00e8se d&rsquo;un malaise<\/p>\n<p>Malgr\u00e9 une prise en charge rapide par les pompiers de S\u00e9lestat, appuy\u00e9s par l\u2019h\u00e9licopt\u00e8re Dragon 67, la victime n\u2019a pas pu \u00eatre sauv\u00e9e. Elle a \u00e9t\u00e9 d\u00e9clar\u00e9e d\u00e9c\u00e9d\u00e9e sur place.<\/p>\n<p>Les circonstances de l&rsquo;accident plaident pour l&rsquo;hypoth\u00e8se d&rsquo;un malaise au volant.<\/p>\n","protected":false},"excerpt":{"rendered":"Samedi 9 ao\u00fbt, peu avant 10 h 30, un homme de 73 ans est d\u00e9c\u00e9d\u00e9 dans sa voiture,&hellip;\n","protected":false},"author":2,"featured_media":309391,"comment_status":"","ping_status":"","sticky":false,"template":"","format":"standard","meta":{"footnotes":""},"categories":[2820],"tags":[119,1111,11,2389,2649,26193,26192,24625,3143,1777,674,274,107,1011,27,775,12,26194,25,3141,640],"class_list":{"0":"post-309390","1":"post","2":"type-post","3":"status-publish","4":"format-standard","5":"has-post-thumbnail","7":"category-strasbourg","8":"tag-accident","9":"tag-actu","10":"tag-actualites","11":"tag-alsace","12":"tag-bas-rhin","13":"tag-bernstein","14":"tag-dambach-la-ville","15":"tag-edition-molsheim-obernai","16":"tag-edition-selestat-erstein","17":"tag-eu","18":"tag-europe","19":"tag-faits-divers-justice","20":"tag-fil-info","21":"tag-fr","22":"tag-france","23":"tag-grand-est","24":"tag-news","25":"tag-pays-de-barr","26":"tag-republique-francaise","27":"tag-selestat","28":"tag-strasbourg"},"share_on_mastodon":{"url":"https:\/\/pubeurope.com\/@fr\/115004449909421489","error":""},"_links":{"self":[{"href":"https:\/\/www.europesays.com\/fr\/wp-json\/wp\/v2\/posts\/309390","targetHints":{"allow":["GET"]}}],"collection":[{"href":"https:\/\/www.europesays.com\/fr\/wp-json\/wp\/v2\/posts"}],"about":[{"href":"https:\/\/www.europesays.com\/fr\/wp-json\/wp\/v2\/types\/post"}],"author":[{"embeddable":true,"href":"https:\/\/www.europesays.com\/fr\/wp-json\/wp\/v2\/users\/2"}],"replies":[{"embeddable":true,"href":"https:\/\/www.europesays.com\/fr\/wp-json\/wp\/v2\/comments?post=309390"}],"version-history":[{"count":0,"href":"https:\/\/www.europesays.com\/fr\/wp-json\/wp\/v2\/posts\/309390\/revisions"}],"wp:featuredmedia":[{"embeddable":true,"href":"https:\/\/www.europesays.com\/fr\/wp-json\/wp\/v2\/media\/309391"}],"wp:attachment":[{"href":"https:\/\/www.europesays.com\/fr\/wp-json\/wp\/v2\/media?parent=309390"}],"wp:term":[{"taxonomy":"category","embeddable":true,"href":"https:\/\/www.europesays.com\/fr\/wp-json\/wp\/v2\/categories?post=309390"},{"taxonomy":"post_tag","embeddable":true,"href":"https:\/\/www.europesays.com\/fr\/wp-json\/wp\/v2\/tags?post=309390"}],"curies":[{"name":"wp","href":"https:\/\/api.w.org\/{rel}","templated":true}]}}