{"id":309394,"date":"2025-08-10T12:27:22","date_gmt":"2025-08-10T12:27:22","guid":{"rendered":"https:\/\/www.europesays.com\/fr\/309394\/"},"modified":"2025-08-10T12:27:22","modified_gmt":"2025-08-10T12:27:22","slug":"le-conducteur-qui-reside-a-niort-a-ete-place-en-detention-provisoire","status":"publish","type":"post","link":"https:\/\/www.europesays.com\/fr\/309394\/","title":{"rendered":"le conducteur qui r\u00e9side \u00e0 Niort a \u00e9t\u00e9 plac\u00e9 en d\u00e9tention provisoire"},"content":{"rendered":"<p>L\u2019homme soup\u00e7onn\u00e9 d\u2019\u00eatre le conducteur du Volkswagen Touran impliqu\u00e9 <a target=\"_self\" href=\"https:\/\/www.lanouvellerepublique.fr\/poitiers\/poitiers-un-mort-dans-une-collision-entre-trois-voitures-une-enquete-ouverte-pour-delit-de-fuite-1754147875\" rel=\"noopener\">dans la violente collision routi\u00e8re<\/a> qui a co\u00fbt\u00e9 la vie \u00e0 une femme, samedi 2\u00a0ao\u00fbt 2025, avenue de Nantes \u00e0 Poitiers, \u00e9tait en garde \u00e0 vue depuis vendredi\u00a08.\u00a0Dans la soir\u00e9e, samedi 9\u00a0ao\u00fbt 2025, \u00e0 l\u2019issue <a target=\"_self\" href=\"https:\/\/www.lanouvellerepublique.fr\/poitiers\/accident-mortel-avenue-de-nantes-a-poitiers-l-homme-soupconne-d-etre-le-conducteur-a-ete-interpelle-1754671220\" rel=\"noopener\">de sa garde \u00e0 vue<\/a>, il a \u00e9t\u00e9 pr\u00e9sent\u00e9 au magistrat instructeur. Ag\u00e9 de 33 ans, il r\u00e9side \u00e0 Niort.<\/p>\n<p>Le conducteur en d\u00e9tention provisoire<\/p>\n<p>Le parquet indique qu\u2019il a \u00e9t\u00e9 \u00ab\u00a0mis en examen pour homicide routier et blessures routi\u00e8res\u00a0\u00bb. Par ailleurs, il a \u00e9t\u00e9 \u00ab\u00a0plac\u00e9 en d\u00e9tention provisoire\u00a0\u00bb samedi soir.<\/p>\n<p>Pour rappel, l\u2019accident s\u2019\u00e9tait produit au croisement de l\u2019avenue de Nantes et des rues de Bel-Air et Rique-Avoine, vers 15\u00a0h\u00a040, samedi 2\u00a0ao\u00fbt. Le Volkswagen Touran arrivant de la rue Rique-Avoine roulait particuli\u00e8rement vite et avait grill\u00e9 le feu avant de percuter une Opel conduite par Brigitte Lopaczak, une Poitevine \u00e2g\u00e9e de 68\u00a0ans, d\u00e9c\u00e9d\u00e9e des suites de ses blessures.<\/p>\n<p>Le conducteur \u00e2g\u00e9 de 33 ans<\/p>\n<p>Le conducteur et <a target=\"_self\" href=\"https:\/\/www.lanouvellerepublique.fr\/poitiers\/accident-mortel-avenue-de-nantes-le-passager-mis-en-examen-pour-non-assistance-a-personne-en-peril-le-conducteur-toujours-recherche-1754411940\" rel=\"noopener\">le passager<\/a> avaient pris la fuite.\u00a0Le passager pr\u00e9sum\u00e9, qui s\u2019\u00e9tait pr\u00e9sent\u00e9 de lui-m\u00eame aux services de police samedi 2\u00a0ao\u00fbt en fin de journ\u00e9e, avait \u00e9t\u00e9 mis en examen pour \u00ab\u00a0non-assistance \u00e0 personne en p\u00e9ril\u00a0\u00bb. Pour l\u2019heure, aucun d\u00e9tail n\u2019a filtr\u00e9 sur les circonstances et le lieu de l\u2019interpellation du conducteur. Une demi-douzaine d\u2019enqu\u00eateurs \u00e9taient sur sa trace depuis sa fuite, juste apr\u00e8s la collision. En revanche, le parquet indique qu&rsquo;il est \u00e2g\u00e9 de 33 ans et r\u00e9side \u00e0 Niort.<\/p>\n","protected":false},"excerpt":{"rendered":"L\u2019homme soup\u00e7onn\u00e9 d\u2019\u00eatre le conducteur du Volkswagen Touran impliqu\u00e9 dans la violente collision routi\u00e8re qui a co\u00fbt\u00e9 la&hellip;\n","protected":false},"author":2,"featured_media":309395,"comment_status":"","ping_status":"","sticky":false,"template":"","format":"standard","meta":{"footnotes":""},"categories":[2818],"tags":[1392,1111,11,2545,1777,674,274,1011,27,766,12,6752,2636,1653,25,1584],"class_list":{"0":"post-309394","1":"post","2":"type-post","3":"status-publish","4":"format-standard","5":"has-post-thumbnail","7":"category-nantes","8":"tag-a-la-une-local","9":"tag-actu","10":"tag-actualites","11":"tag-deux-sevres","12":"tag-eu","13":"tag-europe","14":"tag-faits-divers-justice","15":"tag-fr","16":"tag-france","17":"tag-nantes","18":"tag-news","19":"tag-niort","20":"tag-pays-de-la-loire","21":"tag-poitiers","22":"tag-republique-francaise","23":"tag-vienne"},"share_on_mastodon":{"url":"https:\/\/pubeurope.com\/@fr\/115004469763242366","error":""},"_links":{"self":[{"href":"https:\/\/www.europesays.com\/fr\/wp-json\/wp\/v2\/posts\/309394","targetHints":{"allow":["GET"]}}],"collection":[{"href":"https:\/\/www.europesays.com\/fr\/wp-json\/wp\/v2\/posts"}],"about":[{"href":"https:\/\/www.europesays.com\/fr\/wp-json\/wp\/v2\/types\/post"}],"author":[{"embeddable":true,"href":"https:\/\/www.europesays.com\/fr\/wp-json\/wp\/v2\/users\/2"}],"replies":[{"embeddable":true,"href":"https:\/\/www.europesays.com\/fr\/wp-json\/wp\/v2\/comments?post=309394"}],"version-history":[{"count":0,"href":"https:\/\/www.europesays.com\/fr\/wp-json\/wp\/v2\/posts\/309394\/revisions"}],"wp:featuredmedia":[{"embeddable":true,"href":"https:\/\/www.europesays.com\/fr\/wp-json\/wp\/v2\/media\/309395"}],"wp:attachment":[{"href":"https:\/\/www.europesays.com\/fr\/wp-json\/wp\/v2\/media?parent=309394"}],"wp:term":[{"taxonomy":"category","embeddable":true,"href":"https:\/\/www.europesays.com\/fr\/wp-json\/wp\/v2\/categories?post=309394"},{"taxonomy":"post_tag","embeddable":true,"href":"https:\/\/www.europesays.com\/fr\/wp-json\/wp\/v2\/tags?post=309394"}],"curies":[{"name":"wp","href":"https:\/\/api.w.org\/{rel}","templated":true}]}}