{"id":309402,"date":"2025-08-10T12:31:14","date_gmt":"2025-08-10T12:31:14","guid":{"rendered":"https:\/\/www.europesays.com\/fr\/309402\/"},"modified":"2025-08-10T12:31:14","modified_gmt":"2025-08-10T12:31:14","slug":"championship-championship-2025-round-21-la-composition-du-toulouse-olympique-pour-affronter-londres-rugby-a-xiii","status":"publish","type":"post","link":"https:\/\/www.europesays.com\/fr\/309402\/","title":{"rendered":"Championship &#8211; Championship 2025 &#8211; Round 21 : La composition du Toulouse Olympique pour affronter Londres &#8211; Rugby \u00e0 XIII"},"content":{"rendered":"<p style=\"text-align: justify;\"><strong>Voici la composition officielle du Toulouse Olympique pour affronter les London Broncos dans le cadre de la 21\u00e8me journ\u00e9e de Championship.<\/strong><\/p>\n<p style=\"text-align: justify;\">Le coup d\u2019envoi du match entre Londres et le Toulouse Olympique est pr\u00e9vu ce dimanche 10 ao\u00fbt \u00e0 14h00.<\/p>\n<p>La composition du Toulouse Olympique<\/p>\n<blockquote class=\"instagram-media\" data-instgrm-captioned=\"\" data-instgrm-permalink=\"https:\/\/www.instagram.com\/p\/DNK9OdYMAXp\/?utm_source=ig_embed&amp;utm_campaign=loading\" data-instgrm-version=\"14\" style=\" background:#FFF; border:0; border-radius:3px; box-shadow:0 0 1px 0 rgba(0,0,0,0.5),0 1px 10px 0 rgba(0,0,0,0.15); margin: 1px; max-width:500px; min-width:326px; padding:0; width:99.375%; width:-webkit-calc(100% - 2px); width:calc(100% - 2px);\">\n<\/blockquote>\n<p>La composition des London Broncos<\/p>\n<blockquote class=\"twitter-tweet\" data-width=\"500\" data-dnt=\"true\">\n<p lang=\"en\" dir=\"ltr\">\ud83d\udccb \ud835\udc13\ud835\udc04\ud835\udc00\ud835\udc0c \ud835\udc0d\ud835\udc04\ud835\udc16\ud835\udc12!!<\/p>\n<p>Here is your starting line-up for this afternoon\u2019s Championship clash with <a href=\"https:\/\/twitter.com\/TOXIII?ref_src=twsrc%5Etfw\" target=\"_blank\" rel=\"noopener\">@TOXIII<\/a>.<\/p>\n<p>\u27a1\ufe0f Robson in for debut on the wing as Smith moves into centre for Small<\/p>\n<p>\u2139\ufe0f <a href=\"https:\/\/t.co\/V5nnmuE1hj\">https:\/\/t.co\/V5nnmuE1hj<\/a><a href=\"https:\/\/twitter.com\/hashtag\/WeAreLondon?src=hash&amp;ref_src=twsrc%5Etfw\" target=\"_blank\" rel=\"noopener\">#WeAreLondon<\/a>\ud83c\udfc9 <a href=\"https:\/\/t.co\/egLa5iLy3N\">pic.twitter.com\/egLa5iLy3N<\/a><\/p>\n<p>\u2014 London Broncos (@LondonBroncosRL) <a href=\"https:\/\/twitter.com\/LondonBroncosRL\/status\/1954498499296350272?ref_src=twsrc%5Etfw\" target=\"_blank\" rel=\"noopener\">August 10, 2025<\/a><\/p>\n<\/blockquote>\n<p>        <script async src=\"https:\/\/platform.twitter.com\/widgets.js\" charset=\"utf-8\"><\/script><script async src=\"\/\/www.instagram.com\/embed.js\"><\/script><\/p>\n","protected":false},"excerpt":{"rendered":"Voici la composition officielle du Toulouse Olympique pour affronter les London Broncos dans le cadre de la 21\u00e8me&hellip;\n","protected":false},"author":2,"featured_media":72066,"comment_status":"","ping_status":"","sticky":false,"template":"","format":"standard","meta":{"footnotes":""},"categories":[2816],"tags":[1111,11,3500,3984,1777,674,1011,27,31461,12,2680,25,2228,2229,2312,3502],"class_list":{"0":"post-309402","1":"post","2":"type-post","3":"status-publish","4":"format-standard","5":"has-post-thumbnail","7":"category-toulouse","8":"tag-actu","9":"tag-actualites","10":"tag-championship","11":"tag-composition","12":"tag-eu","13":"tag-europe","14":"tag-fr","15":"tag-france","16":"tag-london-broncos","17":"tag-news","18":"tag-occitanie","19":"tag-republique-francaise","20":"tag-rugby-a-xiii","21":"tag-rugby-league","22":"tag-toulouse","23":"tag-toulouse-olympique"},"share_on_mastodon":{"url":"https:\/\/pubeurope.com\/@fr\/115004485354701375","error":""},"_links":{"self":[{"href":"https:\/\/www.europesays.com\/fr\/wp-json\/wp\/v2\/posts\/309402","targetHints":{"allow":["GET"]}}],"collection":[{"href":"https:\/\/www.europesays.com\/fr\/wp-json\/wp\/v2\/posts"}],"about":[{"href":"https:\/\/www.europesays.com\/fr\/wp-json\/wp\/v2\/types\/post"}],"author":[{"embeddable":true,"href":"https:\/\/www.europesays.com\/fr\/wp-json\/wp\/v2\/users\/2"}],"replies":[{"embeddable":true,"href":"https:\/\/www.europesays.com\/fr\/wp-json\/wp\/v2\/comments?post=309402"}],"version-history":[{"count":0,"href":"https:\/\/www.europesays.com\/fr\/wp-json\/wp\/v2\/posts\/309402\/revisions"}],"wp:featuredmedia":[{"embeddable":true,"href":"https:\/\/www.europesays.com\/fr\/wp-json\/wp\/v2\/media\/72066"}],"wp:attachment":[{"href":"https:\/\/www.europesays.com\/fr\/wp-json\/wp\/v2\/media?parent=309402"}],"wp:term":[{"taxonomy":"category","embeddable":true,"href":"https:\/\/www.europesays.com\/fr\/wp-json\/wp\/v2\/categories?post=309402"},{"taxonomy":"post_tag","embeddable":true,"href":"https:\/\/www.europesays.com\/fr\/wp-json\/wp\/v2\/tags?post=309402"}],"curies":[{"name":"wp","href":"https:\/\/api.w.org\/{rel}","templated":true}]}}