{"id":309405,"date":"2025-08-10T12:35:11","date_gmt":"2025-08-10T12:35:11","guid":{"rendered":"https:\/\/www.europesays.com\/fr\/309405\/"},"modified":"2025-08-10T12:35:11","modified_gmt":"2025-08-10T12:35:11","slug":"lalerte-orange-canicule-maintenue-plan-de-sauvegarde-active-a-marseille","status":"publish","type":"post","link":"https:\/\/www.europesays.com\/fr\/309405\/","title":{"rendered":"L\u2019alerte orange canicule maintenue, plan de sauvegarde activ\u00e9 \u00e0 Marseille"},"content":{"rendered":"\n<p>La vague de chaleur qui frappe tout le sud de la France persiste ce lundi, et tous les d\u00e9partements de la r\u00e9gion Paca restent maintenus par M\u00e9t\u00e9o France en alerte orange canicule. \u00abLundi apr\u00e8s-midi, les temp\u00e9ratures maximales seront de l\u2019ordre de 38 \u00e0 40\u00b0C dans l\u2019int\u00e9rieur et 32 \u00e0 35\u00b0C sur le littoral\u00bb, indique ainsi la pr\u00e9fecture de r\u00e9gion, qui pr\u00e9cise que cette canicule se poursuit au moins jusqu\u2019\u00e0 mardi. \u00abLes acteurs qui contribuent \u00e0 la gestion sanitaire des vagues de chaleur sont particuli\u00e8rement vigilants et mobilis\u00e9s\u00bb, promettent les services de l\u2019Etat, en rappelant les bons r\u00e9flexes : ne pas h\u00e9siter \u00e0 consulter son m\u00e9decin traitant, appeler les secours en cas de malais (15, 18 ou 112), donner des nouvelles \u00e0 ses proches, oser demander de l\u2019aide au besoin.<\/p>\n<p>A Marseille, le plan communal de sauvegarde a \u00e9t\u00e9 d\u00e9clench\u00e9, informait la municipalit\u00e9 par communiqu\u00e9 ce dimanche matin. Le Samu social a donc renforc\u00e9 son action sur le terrain, tout comme le centre communal d\u2019action sociale (CCAS), qui invite les personnes \u00e2g\u00e9es ou isol\u00e9es \u00e0 s\u2019inscrire sur le regarde de veille sociale (ccas-marseille.fr). Jusqu\u2019\u00e0 la fin de l\u2019\u00e9pisode caniculaire, les piscines de la ville sont accessibles gratuitement, la plage des Catalans ouverte \u00e0 toute heure du jour et de la nuit. Les horaires des parcs et jardins de la ville sont quant \u00e0 eux \u00e9largis de 7h \u00e0 21h jusqu\u2019au 31 ao\u00fbt, avec des jeux d\u2019eau pour les enfants.<\/p>\n","protected":false},"excerpt":{"rendered":"La vague de chaleur qui frappe tout le sud de la France persiste ce lundi, et tous les&hellip;\n","protected":false},"author":2,"featured_media":309406,"comment_status":"","ping_status":"","sticky":false,"template":"","format":"standard","meta":{"footnotes":""},"categories":[2814],"tags":[1111,11,898,1777,674,1011,27,884,12,882,25],"class_list":{"0":"post-309405","1":"post","2":"type-post","3":"status-publish","4":"format-standard","5":"has-post-thumbnail","7":"category-marseille","8":"tag-actu","9":"tag-actualites","10":"tag-alerte","11":"tag-eu","12":"tag-europe","13":"tag-fr","14":"tag-france","15":"tag-marseille","16":"tag-news","17":"tag-provence-alpes-cote-dazur","18":"tag-republique-francaise"},"share_on_mastodon":{"url":"https:\/\/pubeurope.com\/@fr\/115004501115007712","error":""},"_links":{"self":[{"href":"https:\/\/www.europesays.com\/fr\/wp-json\/wp\/v2\/posts\/309405","targetHints":{"allow":["GET"]}}],"collection":[{"href":"https:\/\/www.europesays.com\/fr\/wp-json\/wp\/v2\/posts"}],"about":[{"href":"https:\/\/www.europesays.com\/fr\/wp-json\/wp\/v2\/types\/post"}],"author":[{"embeddable":true,"href":"https:\/\/www.europesays.com\/fr\/wp-json\/wp\/v2\/users\/2"}],"replies":[{"embeddable":true,"href":"https:\/\/www.europesays.com\/fr\/wp-json\/wp\/v2\/comments?post=309405"}],"version-history":[{"count":0,"href":"https:\/\/www.europesays.com\/fr\/wp-json\/wp\/v2\/posts\/309405\/revisions"}],"wp:featuredmedia":[{"embeddable":true,"href":"https:\/\/www.europesays.com\/fr\/wp-json\/wp\/v2\/media\/309406"}],"wp:attachment":[{"href":"https:\/\/www.europesays.com\/fr\/wp-json\/wp\/v2\/media?parent=309405"}],"wp:term":[{"taxonomy":"category","embeddable":true,"href":"https:\/\/www.europesays.com\/fr\/wp-json\/wp\/v2\/categories?post=309405"},{"taxonomy":"post_tag","embeddable":true,"href":"https:\/\/www.europesays.com\/fr\/wp-json\/wp\/v2\/tags?post=309405"}],"curies":[{"name":"wp","href":"https:\/\/api.w.org\/{rel}","templated":true}]}}