{"id":309407,"date":"2025-08-10T12:36:15","date_gmt":"2025-08-10T12:36:15","guid":{"rendered":"https:\/\/www.europesays.com\/fr\/309407\/"},"modified":"2025-08-10T12:36:15","modified_gmt":"2025-08-10T12:36:15","slug":"un-couple-de-lyonnais-vise-par-un-mysterieux-corbeau","status":"publish","type":"post","link":"https:\/\/www.europesays.com\/fr\/309407\/","title":{"rendered":"un couple de Lyonnais vis\u00e9 par un myst\u00e9rieux corbeau"},"content":{"rendered":"<p>Au pied du Mont Ventoux, nich\u00e9e sur un rocher escarp\u00e9 surplombant vignes et vergers, la petite commune m\u00e9di\u00e9vale de Venasque est un site pittoresque o\u00f9 l\u2019on s\u2019imagine sans peine couler des jours heureux. L\u2019on comprend que l\u2019endroit ait charm\u00e9 ce couple de Lyonnais. Il y a quatre ans, ils ont achet\u00e9 un terrain situ\u00e9 sur les hauteurs de la cit\u00e9 et y ont fait construire une maison de vacances, <a href=\"https:\/\/www.laprovence.com\/article\/faits-divers-justice\/3713252735644714\/c-est-hyper-choquant-un-mysterieux-corbeau-accuse-une-famille-de-venasque-d-etre-des-tueurs-de-chats\" target=\"_blank\" rel=\"noopener\">comme le rapporte <\/a><a href=\"https:\/\/www.laprovence.com\/article\/faits-divers-justice\/3713252735644714\/c-est-hyper-choquant-un-mysterieux-corbeau-accuse-une-famille-de-venasque-d-etre-des-tueurs-de-chats\" target=\"_blank\" rel=\"noopener\">La Provence<\/a>.<\/p>\n<p>  \u00ab\u00a0Nouvelle Cruella d\u2019Enfer\u00a0\u00bb<\/p>\n<p>Premi\u00e8re ombre au tableau en 2024, lorsque le mari r\u00e9ceptionne un tract dans la bo\u00eete aux lettres, sur lequel est inscrit\u00a0: \u00ab\u00a0Je sais qui est le tueur de chat. \u00bb Un brin curieux, mais pas de quoi paniquer ce pilote de ligne, qui a t\u00f4t fait d\u2019oublier la bizarrerie.<\/p>\n<p>Le 29\u00a0juin de cette ann\u00e9e, l\u2019affaire prend une tout autre ampleur lorsque les Venasquais re\u00e7oivent une missive aussi \u00e9trange que vindicative\u00a0: \u00ab\u00a0Si vous habitez dans ces quartiers et que votre chat a disparu, ne cherchez pas. Il est aujourd\u2019hui un portefeuille ou un sac \u00e0 main \u00bb,\u00a0relate le quotidien.<\/p>\n<p>  Une plainte d\u00e9pos\u00e9e<\/p>\n<p>Dans le viseur du corbeau, la fille du couple lyonnais, \u00e2g\u00e9e de 22 ans et employ\u00e9e d\u2019une tannerie du groupe de luxe LVMH. Qualifi\u00e9e de \u00ab\u00a0Nouvelle Cruella d\u2019Enfer\u00a0\u00bb, elle est accus\u00e9e d\u2019\u00eatre \u00ab\u00a0la tueuse de chats de Venasque\u00a0\u00bb, quand bien m\u00eame aucun f\u00e9lin ne manque \u00e0 l\u2019appel dans la commune et ses alentours, ce que confirme la gendarmerie.<\/p>\n<p>L\u2019histoire aurait pu pr\u00eater \u00e0 sourire, si un nouveau courrier n\u2019avait pas \u00e9t\u00e9 adress\u00e9 \u00e0 la mi-juillet \u00e0 son \u00e9tablissement \u00e0 Lyon. Le couple a d\u00e9cid\u00e9 de porter plainte pour \u00ab\u00a0d\u00e9nonciations calomnieuses\u00a0\u00bb et d\u00e9sormais, l\u2019enqu\u00eate suit son cours.<\/p>\n","protected":false},"excerpt":{"rendered":"Au pied du Mont Ventoux, nich\u00e9e sur un rocher escarp\u00e9 surplombant vignes et vergers, la petite commune m\u00e9di\u00e9vale&hellip;\n","protected":false},"author":2,"featured_media":309408,"comment_status":"","ping_status":"","sticky":false,"template":"","format":"standard","meta":{"footnotes":""},"categories":[1889],"tags":[1111,11,1867,2430,271,272,2757,1777,674,274,107,1011,27,2428,2756,12,25,2429,4520],"class_list":{"0":"post-309407","1":"post","2":"type-post","3":"status-publish","4":"format-standard","5":"has-post-thumbnail","7":"category-lyon","8":"tag-actu","9":"tag-actualites","10":"tag-animaux","11":"tag-auvergne-rhone-alpes","12":"tag-crime","13":"tag-delit-et-contravention","14":"tag-edition-lyon-villeurbanne","15":"tag-eu","16":"tag-europe","17":"tag-faits-divers-justice","18":"tag-fil-info","19":"tag-fr","20":"tag-france","21":"tag-lyon","22":"tag-lyon-bassin","23":"tag-news","24":"tag-republique-francaise","25":"tag-rhone","26":"tag-vaucluse"},"share_on_mastodon":{"url":"https:\/\/pubeurope.com\/@fr\/115004505022829799","error":""},"_links":{"self":[{"href":"https:\/\/www.europesays.com\/fr\/wp-json\/wp\/v2\/posts\/309407","targetHints":{"allow":["GET"]}}],"collection":[{"href":"https:\/\/www.europesays.com\/fr\/wp-json\/wp\/v2\/posts"}],"about":[{"href":"https:\/\/www.europesays.com\/fr\/wp-json\/wp\/v2\/types\/post"}],"author":[{"embeddable":true,"href":"https:\/\/www.europesays.com\/fr\/wp-json\/wp\/v2\/users\/2"}],"replies":[{"embeddable":true,"href":"https:\/\/www.europesays.com\/fr\/wp-json\/wp\/v2\/comments?post=309407"}],"version-history":[{"count":0,"href":"https:\/\/www.europesays.com\/fr\/wp-json\/wp\/v2\/posts\/309407\/revisions"}],"wp:featuredmedia":[{"embeddable":true,"href":"https:\/\/www.europesays.com\/fr\/wp-json\/wp\/v2\/media\/309408"}],"wp:attachment":[{"href":"https:\/\/www.europesays.com\/fr\/wp-json\/wp\/v2\/media?parent=309407"}],"wp:term":[{"taxonomy":"category","embeddable":true,"href":"https:\/\/www.europesays.com\/fr\/wp-json\/wp\/v2\/categories?post=309407"},{"taxonomy":"post_tag","embeddable":true,"href":"https:\/\/www.europesays.com\/fr\/wp-json\/wp\/v2\/tags?post=309407"}],"curies":[{"name":"wp","href":"https:\/\/api.w.org\/{rel}","templated":true}]}}