{"id":309411,"date":"2025-08-10T12:41:11","date_gmt":"2025-08-10T12:41:11","guid":{"rendered":"https:\/\/www.europesays.com\/fr\/309411\/"},"modified":"2025-08-10T12:41:11","modified_gmt":"2025-08-10T12:41:11","slug":"deux-communes-confinees-dans-le-gard-apres-lincendie-dune-usine-classee-seveso","status":"publish","type":"post","link":"https:\/\/www.europesays.com\/fr\/309411\/","title":{"rendered":"Deux communes confin\u00e9es dans le Gard apr\u00e8s l&rsquo;incendie d&rsquo;une usine class\u00e9e Seveso"},"content":{"rendered":"\n<p class=\"c-chapo \">\n  La pr\u00e9fecture du Gard demande aux habitants des communes de L\u00e9denon et de Meynes de se confiner. Un incendie est en cours \u00e0 l&rsquo;usine Hydrapro depuis dimanche matin, rapporte ICI Gard Loz\u00e8re.\n<\/p>\n<p>            lire plus tard<\/p>\n<p id=\"dialog__title\" class=\"dialog__title\">Pour sauvegarder cet article, connectez-vous ou cr\u00e9ez un compte franceinfo<\/p>\n<p class=\"dialog__description\">Sans paiement. Sans abonnement.<\/p>\n<p>        Fermer la fen\u00eatre d\u2019activation des notifications France Info<\/p>\n<p>            cr\u00e9er votre compte<\/p>\n<p>            se connecter<\/p>\n<p>        Fermer la fen\u00eatre de pr\u00e9sentation<\/p>\n<p>    Publi\u00e9 le 10\/08\/2025 14:04<\/p>\n<p>        Temps de lecture : 2min<\/p>\n<p>    <img decoding=\"async\"  alt=\"La fum\u00e9e se d\u00e9gage de l'usine Hydrapro de L\u00e9denon dans le Gard. (MIKAEL ANISSET \/ MAXPPP)\" width=\"432\" height=\"243\" src=\"https:\/\/www.europesays.com\/fr\/wp-content\/uploads\/2025\/08\/maxnewsworldsix009980-1-68988a81918e2614763282.jpg\" fetchpriority=\"high\"\/><\/p>\n<p>      La fum\u00e9e se d\u00e9gage de l&rsquo;usine Hydrapro de L\u00e9denon dans le Gard. (MIKAEL ANISSET \/ MAXPPP)<\/p>\n<p>Un incendie est en cours dans l&rsquo;usine Hydrapro de L\u00e9denon rapporte<a href=\"https:\/\/www.francebleu.fr\/infos\/faits-divers-justice\/un-incendie-en-cours-a-l-usine-hydrapro-de-ledenon-2449948\" rel=\"nofollow noopener\" target=\"_blank\"> ICI (ex-France Bleu) Gard Loz\u00e8re<\/a> depuis 9h30, dimanche 10 ao\u00fbt. Les communes de L\u00e9denon et de Meynes sont actuellement confin\u00e9es. Ce site industriel fabrique des produits chlor\u00e9s et est class\u00e9 Seveso \u00ab\u00a0seuil haut\u00a0\u00bb. D&rsquo;importantes fum\u00e9es blanches se d\u00e9gagent sur place.<\/p>\n<p>La pr\u00e9fecture du Gard demande aux\u00a0populations situ\u00e9es dans un p\u00e9rim\u00e8tre de 825 m\u00e8tres autour de l&rsquo;usine de se confiner\u00a0en raison des \u00e9manations de chlore potentiellement toxiques. Les journalistes de ICI Gard Loz\u00e8re indiquent que des habitants ont \u00e9t\u00e9 \u00e9vacu\u00e9s. Plusieurs routes d\u00e9partementales ont \u00e9t\u00e9 coup\u00e9es. \u00ab\u00a0Le confinement implique que les personnes doivent se trouver dans un b\u00e2timent en dur. Si elles sont en voiture, elles doivent quitter le secteur\u00a0\u00bb, pr\u00e9cise la pr\u00e9fecture du Gard \u00e0 ICI Gard-Loz\u00e8re. Les autorit\u00e9s ont mobilis\u00e9 78 pompiers sur place, avec 28 v\u00e9hicules. Une \u00e9quipe sp\u00e9cialis\u00e9e des Bouches-du-Rh\u00f4ne est en route vers le Gard.<\/p>\n<p>La pr\u00e9fecture signale que des odeurs peuvent \u00eatre per\u00e7ues dans plusieurs communes des environs, notamment L\u00e9denon, Sernhac, Bezouce, Saint-Gervasy, Marguerittes, Rodilhan, Bouillargues, Manduel, Bellegarde, Joncqui\u00e8res-Saint-Vincent et Meynes. Elle recommande \u00ab\u00a0d&rsquo;\u00e9viter le secteur\u00a0\u00bb, de se \u00ab\u00a0mettre \u00e0 l&rsquo;abri dans un b\u00e2timent en dur, en fermant les portes et les fen\u00eatres\u00a0\u00bb, \u00ab\u00a0de rester \u00e0 l&rsquo;\u00e9coute des consignes des autorit\u00e9s\u00a0\u00bb, \u00ab\u00a0d&rsquo;\u00e9viter de t\u00e9l\u00e9phoner pour laisser les r\u00e9seaux disponibles pour les secours de rester \u00e0 l&rsquo;abri\u00a0\u00bb et de \u00ab\u00a0n&rsquo;\u00e9vacuer que sur ordre des autorit\u00e9s\u00a0\u00bb.<\/p>\n<p>En <a href=\"https:\/\/france3-regions.franceinfo.fr\/occitanie\/gard\/nimes\/un-incendie-s-est-declare-dans-une-entreprise-classee-seveso-entre-ledenon-et-meynes-dans-le-gard-2807546.html\" target=\"_blank\" rel=\"noopener nofollow\">juillet 2023, deux incidents<\/a> rapproch\u00e9s (le 4 et le 7 juillet) avaient provoqu\u00e9 des d\u00e9gagements de fum\u00e9es et n\u00e9cessit\u00e9 l&rsquo;intervention des pompiers sur cette usine qui fabrique des galets de chlore. L\u00e0 aussi, des communes avaient \u00e9t\u00e9 confin\u00e9es, mais aucun bless\u00e9 n&rsquo;avait \u00e9t\u00e9 \u00e0 d\u00e9plorer.<\/p>\n","protected":false},"excerpt":{"rendered":"La pr\u00e9fecture du Gard demande aux habitants des communes de L\u00e9denon et de Meynes de se confiner. Un&hellip;\n","protected":false},"author":2,"featured_media":309412,"comment_status":"","ping_status":"","sticky":false,"template":"","format":"standard","meta":{"footnotes":""},"categories":[1888],"tags":[1111,1928,11,1927,1777,674,1011,27,12,1926,626,1925,25],"class_list":{"0":"post-309411","1":"post","2":"type-post","3":"status-publish","4":"format-standard","5":"has-post-thumbnail","7":"category-paris","8":"tag-actu","9":"tag-actu-paris","10":"tag-actualites","11":"tag-actualites-paris","12":"tag-eu","13":"tag-europe","14":"tag-fr","15":"tag-france","16":"tag-news","17":"tag-news-paris","18":"tag-paris","19":"tag-paris-news","20":"tag-republique-francaise"},"share_on_mastodon":{"url":"https:\/\/pubeurope.com\/@fr\/115004525191798108","error":""},"_links":{"self":[{"href":"https:\/\/www.europesays.com\/fr\/wp-json\/wp\/v2\/posts\/309411","targetHints":{"allow":["GET"]}}],"collection":[{"href":"https:\/\/www.europesays.com\/fr\/wp-json\/wp\/v2\/posts"}],"about":[{"href":"https:\/\/www.europesays.com\/fr\/wp-json\/wp\/v2\/types\/post"}],"author":[{"embeddable":true,"href":"https:\/\/www.europesays.com\/fr\/wp-json\/wp\/v2\/users\/2"}],"replies":[{"embeddable":true,"href":"https:\/\/www.europesays.com\/fr\/wp-json\/wp\/v2\/comments?post=309411"}],"version-history":[{"count":0,"href":"https:\/\/www.europesays.com\/fr\/wp-json\/wp\/v2\/posts\/309411\/revisions"}],"wp:featuredmedia":[{"embeddable":true,"href":"https:\/\/www.europesays.com\/fr\/wp-json\/wp\/v2\/media\/309412"}],"wp:attachment":[{"href":"https:\/\/www.europesays.com\/fr\/wp-json\/wp\/v2\/media?parent=309411"}],"wp:term":[{"taxonomy":"category","embeddable":true,"href":"https:\/\/www.europesays.com\/fr\/wp-json\/wp\/v2\/categories?post=309411"},{"taxonomy":"post_tag","embeddable":true,"href":"https:\/\/www.europesays.com\/fr\/wp-json\/wp\/v2\/tags?post=309411"}],"curies":[{"name":"wp","href":"https:\/\/api.w.org\/{rel}","templated":true}]}}