{"id":309413,"date":"2025-08-10T12:42:11","date_gmt":"2025-08-10T12:42:11","guid":{"rendered":"https:\/\/www.europesays.com\/fr\/309413\/"},"modified":"2025-08-10T12:42:11","modified_gmt":"2025-08-10T12:42:11","slug":"lun-des-auteurs-demande-a-etre-assigne-a-residence-en-attendant-son-expulsion","status":"publish","type":"post","link":"https:\/\/www.europesays.com\/fr\/309413\/","title":{"rendered":"l&rsquo;un des auteurs demande \u00e0 \u00eatre assign\u00e9 \u00e0 r\u00e9sidence en attendant son expulsion"},"content":{"rendered":"<p class=\"article__intro\">Boualem Bensaid, l&rsquo;un des auteurs des attentats de 1995, a \u00e9t\u00e9 autoris\u00e9 par la justice \u00e0 sortir de prison sous r\u00e9serve d&rsquo;\u00eatre expuls\u00e9 vers l&rsquo;Alg\u00e9rie. Il a demand\u00e9 samedi \u00e0 \u00eatre assign\u00e9 \u00e0 r\u00e9sidence dans l&rsquo;attente de la d\u00e9livrance d&rsquo;un laissez-passer par Alger.<\/p>\n<p>\n      La Quotidienne Soci\u00e9t\u00e9\n    <\/p>\n<p>\n      De la vie quotidienne aux grands enjeux, recevez tous les jours les sujets qui font la soci\u00e9t\u00e9 locale, comme la justice, l\u2019\u00e9ducation, la sant\u00e9 et la famille.\n    <\/p>\n<p>    France T\u00e9l\u00e9visions utilise votre adresse e-mail afin de vous envoyer la newsletter \u00ab\u00a0La Quotidienne Soci\u00e9t\u00e9\u00a0\u00bb. Vous pouvez vous d\u00e9sinscrire \u00e0 tout moment via le lien en bas de cette newsletter. <a target=\"_blank\" href=\"https:\/\/www.francetelevisions.fr\/groupe\/confidentialite\/politique-de-confidentialite\/politique-de-confidentialite-de-france-televisions-6503\" rel=\"nofollow noopener\">Notre politique de confidentialit\u00e9<\/a><\/p>\n<p>L&rsquo;Alg\u00e9rien de 57 ans est toujours en d\u00e9tention au centre p\u00e9nitentiaire d&rsquo;Ensisheim (Haut-Rhin), malgr\u00e9 la d\u00e9cision rendue le 10 juillet par la cour d&rsquo;appel de Paris, qui permettait sa lib\u00e9ration \u00e0 partir du 1er ao\u00fbt \u00e0 la condition qu&rsquo;il soit transf\u00e9r\u00e9 en Alg\u00e9rie.<\/p>\n<p>Une demande de laissez-passer a \u00e9t\u00e9 transmise au consulat de Strasbourg le 31 juillet, sans r\u00e9ponse \u00e0 ce stade, selon la demande de placement sous assignation \u00e0 r\u00e9sidence adress\u00e9e au ministre de l&rsquo;Int\u00e9rieur et consult\u00e9e par l&rsquo;AFP.<\/p>\n<p>Les deux pays traversent depuis plus d&rsquo;un an une profonde crise diplomatique, et Alger rejette notamment les proc\u00e9dures d&rsquo;expulsion venant de France.\u00a0<\/p>\n<p>\u00ab\u00a0Cette d\u00e9tention est abusive et d\u00e9shonore celles et ceux qui en sont responsables\u00a0\u00bb, \u00e9crit Me Romain Ruiz dans un communiqu\u00e9. \u00ab\u00a0Ni Boualem Bensaid, ni aucun \u00eatre humain ne devrait supporter une telle situation de non-droit, dans laquelle le politique tient la justice en l&rsquo;\u00e9tat.\u00a0\u00bb<\/p>\n<p>\u00ab\u00a0C&rsquo;est pourquoi, dans l&rsquo;attente du d\u00e9blocage de cette situation, nous avons officiellement demand\u00e9 que Boualem Bensaid soit plac\u00e9 sous assignation \u00e0 r\u00e9sidence\u00a0\u00bb, d\u00e9clare aussi le conseil, estimant que \u00ab\u00a0rien n&#8217;emp\u00eache\u00a0\u00bb une telle d\u00e9cision administrative sur le plan du droit.<\/p>\n<p>Cette d\u00e9cision serait prise sur la base du Code de l&rsquo;entr\u00e9e et du s\u00e9jour des \u00e9trangers et du droit d&rsquo;asile (CESEDA).<\/p>\n<p><a data-article-figure=\"\" href=\"https:\/\/france3-regions.franceinfo.fr\/image\/Dwu-XJZ6pMBlQmpPV55-2TxbE38\/1024x681\/regions\/2025\/08\/10\/000-66jr8nq-68985eca4e97c359714955.jpg\" data-pswp-width=\"1024\" data-pswp-height=\"681\" target=\"_blank\" rel=\"nofollow noopener\"><\/p>\n<p>          <img width=\"600\" height=\"400\" class=\"article-image lazy\" data-src=\"https:\/\/www.europesays.com\/fr\/wp-content\/uploads\/2025\/08\/000-66jr8nq-68985eca4e97c359714955.jpg\" alt=\"Croquis de Boualem Bensaid fait lors d'un proc\u00e8s en 2001.\" fetchpriority=\"high\" as=\"image\"\/><\/p>\n<p>\n            Croquis de Boualem Bensaid fait lors d&rsquo;un proc\u00e8s en 2001.<br \/>\n                           \u2022<br \/>\n                                      \u00a9 JEAN CHESNOT \/ AFP\n                      <\/p>\n<p><\/a><\/p>\n<p>Le 1er ao\u00fbt, le ministre des Affaires \u00e9trang\u00e8res Jean-No\u00ebl Barrot a d\u00e9clar\u00e9 \u00ab\u00a0souhaiter vivement\u00a0\u00bb que l&rsquo;Alg\u00e9rie accepte Boualem Bensaid. \u00ab\u00a0\u00c7a fait des mois qu&rsquo;Alger n&rsquo;accepte plus personne de la liste des personnes que la France veut expulser vers l&rsquo;Alg\u00e9rie. Dans ce cas particulier, je crois que l&rsquo;Alg\u00e9rie montrerait son sens des responsabilit\u00e9s en reprenant son ressortissant\u00a0\u00bb, a-t-il affirm\u00e9.<\/p>\n<p>Boualem Bensaid a \u00e9t\u00e9 reconnu notamment coupable d&rsquo;avoir pos\u00e9 la bombe qui a explos\u00e9 dans le RER B station Saint-Michel le 25 juillet 1995, faisant huit morts et 150 bless\u00e9s. Cette vague d&rsquo;attaques avait \u00e9t\u00e9 revendiqu\u00e9e par le Groupe islamique arm\u00e9 (GIA) alg\u00e9rien, qui reprochait \u00e0 la France son \u00ab\u00a0soutien\u00a0\u00bb au r\u00e9gime d&rsquo;Alger.<\/p>\n<p>Boualem Bensaid avait \u00e9t\u00e9 condamn\u00e9 en 2002 puis en appel en 2003 \u00e0 la perp\u00e9tuit\u00e9 avec une p\u00e9riode de s\u00fbret\u00e9 de 22 ans. Il est en prison depuis pr\u00e8s de trois d\u00e9cennies.<\/p>\n","protected":false},"excerpt":{"rendered":"Boualem Bensaid, l&rsquo;un des auteurs des attentats de 1995, a \u00e9t\u00e9 autoris\u00e9 par la justice \u00e0 sortir de&hellip;\n","protected":false},"author":2,"featured_media":309414,"comment_status":"","ping_status":"","sticky":false,"template":"","format":"standard","meta":{"footnotes":""},"categories":[1888],"tags":[1111,1928,11,1927,1777,674,1011,27,12,1926,626,1925,25],"class_list":{"0":"post-309413","1":"post","2":"type-post","3":"status-publish","4":"format-standard","5":"has-post-thumbnail","7":"category-paris","8":"tag-actu","9":"tag-actu-paris","10":"tag-actualites","11":"tag-actualites-paris","12":"tag-eu","13":"tag-europe","14":"tag-fr","15":"tag-france","16":"tag-news","17":"tag-news-paris","18":"tag-paris","19":"tag-paris-news","20":"tag-republique-francaise"},"share_on_mastodon":{"url":"https:\/\/pubeurope.com\/@fr\/115004528734443500","error":""},"_links":{"self":[{"href":"https:\/\/www.europesays.com\/fr\/wp-json\/wp\/v2\/posts\/309413","targetHints":{"allow":["GET"]}}],"collection":[{"href":"https:\/\/www.europesays.com\/fr\/wp-json\/wp\/v2\/posts"}],"about":[{"href":"https:\/\/www.europesays.com\/fr\/wp-json\/wp\/v2\/types\/post"}],"author":[{"embeddable":true,"href":"https:\/\/www.europesays.com\/fr\/wp-json\/wp\/v2\/users\/2"}],"replies":[{"embeddable":true,"href":"https:\/\/www.europesays.com\/fr\/wp-json\/wp\/v2\/comments?post=309413"}],"version-history":[{"count":0,"href":"https:\/\/www.europesays.com\/fr\/wp-json\/wp\/v2\/posts\/309413\/revisions"}],"wp:featuredmedia":[{"embeddable":true,"href":"https:\/\/www.europesays.com\/fr\/wp-json\/wp\/v2\/media\/309414"}],"wp:attachment":[{"href":"https:\/\/www.europesays.com\/fr\/wp-json\/wp\/v2\/media?parent=309413"}],"wp:term":[{"taxonomy":"category","embeddable":true,"href":"https:\/\/www.europesays.com\/fr\/wp-json\/wp\/v2\/categories?post=309413"},{"taxonomy":"post_tag","embeddable":true,"href":"https:\/\/www.europesays.com\/fr\/wp-json\/wp\/v2\/tags?post=309413"}],"curies":[{"name":"wp","href":"https:\/\/api.w.org\/{rel}","templated":true}]}}