{"id":309415,"date":"2025-08-10T12:43:11","date_gmt":"2025-08-10T12:43:11","guid":{"rendered":"https:\/\/www.europesays.com\/fr\/309415\/"},"modified":"2025-08-10T12:43:11","modified_gmt":"2025-08-10T12:43:11","slug":"spectaculaire-accident-a-nogent-sur-marne-un-poids-lourd-traverse-le-pont-et-chute-huit-metres-plus-bas","status":"publish","type":"post","link":"https:\/\/www.europesays.com\/fr\/309415\/","title":{"rendered":"Spectaculaire accident \u00e0 Nogent-sur-Marne\u00a0: un poids lourd traverse le pont et chute huit m\u00e8tres plus bas"},"content":{"rendered":"<p class=\"paragraph text_align_left lp-f-body-02\">Les images des d\u00e9g\u00e2ts de l\u2019accident sont saisissantes : rambardes m\u00e9talliques arrach\u00e9es, marches \u00e9ventr\u00e9es et t\u00f4les froiss\u00e9es au bas de l\u2019escalier. \u00c0 quelques m\u00e8tres seulement, <a href=\"https:\/\/www.leparisien.fr\/val-de-marne-94\/baignade-dans-la-marne-premier-ete-premier-succes-et-comme-un-air-de-vacances-pour-les-nageurs-08-08-2025-PXSFHZP7XJDWVFGRWFMDE4SVUQ.php\" target=\"_self\" rel=\"noopener\">la Marne<\/a> coule paisiblement, comme si rien ne s\u2019\u00e9tait pass\u00e9.<\/p>\n<p class=\"paragraph text_align_left lp-f-body-02\">Ce dimanche matin, le lieu de l\u2019accident attire les curieux. Pi\u00e9tons et cyclistes s\u2019arr\u00eatent des deux c\u00f4t\u00e9s du fleuve pour observer la sc\u00e8ne. \u00ab Pourquoi tout est cass\u00e9 ? \u00bb demande un petit gar\u00e7on \u00e0 son p\u00e8re. \u00ab Il y a eu un gros accident \u00bb, r\u00e9pond l\u2019homme, avant de reprendre leur chemin.<\/p>\n<p><img decoding=\"async\" class=\"image \" loading=\"lazy\" src=\"https:\/\/www.europesays.com\/fr\/wp-content\/uploads\/2025\/08\/XAIQRREQHJCJFECIIIWFNBSEAM.jpg\" alt=\"Nogent-sur-Marne (Val-de-Marne), le 10 ao\u00fbt 2025. Le camion a travers\u00e9 les quatre voies avant de briser la rambarde et de chuter. LP\/T.L.\" align=\"\" data-rubrique-principale=\"\" data-article-type=\"\" fetchpriority=\"auto\"\/>Nogent-sur-Marne (Val-de-Marne), le 10 ao\u00fbt 2025. Le camion a travers\u00e9 les quatre voies avant de briser la rambarde et de chuter. LP\/T.L.<\/p>\n<p class=\"paragraph text_align_left lp-f-body-02\">Il \u00e9tait 1h05 ce dimanche 10 ao\u00fbt. Le camion de 38 tonnes, immatricul\u00e9 en Espagne, circulait sur <a href=\"https:\/\/www.leparisien.fr\/val-de-marne-94\/pont-de-nogent-la-passerelle-pour-pietons-et-velos-se-devoile-sur-la-marne-28-10-2021-5DNPLMRDQJHYRBAUNAVIMWQWIQ.php\" target=\"_self\" rel=\"noopener\">le Pont de Nogent<\/a> lorsqu\u2019il a emprunt\u00e9 la sortie n\u00b0 5, en direction du Perreux-sur-Marne. Cette bretelle est en mont\u00e9e et se termine par un feu rouge. Mais au lieu de s\u2019arr\u00eater, le poids lourd a poursuivi tout droit, franchissant le trottoir central, brisant les barri\u00e8res et basculant dans le vide.<\/p>\n<p class=\"paragraph text_align_left lp-f-body-02\">Huit m\u00e8tres plus bas, il s\u2019est \u00e9cras\u00e9 sur l\u2019escalier pi\u00e9ton qui descend vers la promenade de Polangis, un axe tr\u00e8s fr\u00e9quent\u00e9 par les cyclistes et les promeneurs. L\u2019engin a termin\u00e9 sa course \u00e0 environ cinq m\u00e8tres de l\u2019eau. \u00ab Si quelqu\u2019un avait emprunt\u00e9 ces escaliers \u00e0 ce moment-l\u00e0, l\u2019issue aurait \u00e9t\u00e9 fatale \u00bb, confie une riveraine, encore choqu\u00e9e.<\/p>\n<p>\u00ab Des v\u00e9hicules de secours arrivaient de tous les c\u00f4t\u00e9s \u00bb<\/p>\n<p class=\"paragraph text_align_left lp-f-body-02\">Jean, un touriste logeant \u00e0 l\u2019h\u00f4tel Campanile, situ\u00e9 de l\u2019autre c\u00f4t\u00e9 de la Marne, raconte : \u00ab On venait juste de rentrer quand on a commenc\u00e9 \u00e0 entendre des sir\u00e8nes. Pendant une vingtaine de minutes, des v\u00e9hicules arrivaient de tous les c\u00f4t\u00e9s : policiers, pompiers, d\u00e9panneuses\u2026 C\u2019\u00e9tait impressionnant. \u00bb<\/p>\n<p><img decoding=\"async\" class=\"image \" loading=\"lazy\" src=\"https:\/\/www.europesays.com\/fr\/wp-content\/uploads\/2025\/08\/AB7NW4MYLRCDRIQU5BVFHKDZAM.jpg\" alt=\"Nogent-sur-Marne (Val-de-Marne), le 10 ao\u00fbt 2025. Le camion a \u00e9t\u00e9 enlev\u00e9 \u00e0 sept heures du matin, mais \u00e0 midi la zone \u00e9tait encore jonch\u00e9e de d\u00e9bris.\" align=\"\" data-rubrique-principale=\"\" data-article-type=\"\" fetchpriority=\"auto\"\/>Nogent-sur-Marne (Val-de-Marne), le 10 ao\u00fbt 2025. Le camion a \u00e9t\u00e9 enlev\u00e9 \u00e0 sept heures du matin, mais \u00e0 midi la zone \u00e9tait encore jonch\u00e9e de d\u00e9bris.<\/p>\n<p class=\"paragraph text_align_left lp-f-body-02\">Le conducteur et son passager, l\u00e9g\u00e8rement bless\u00e9s, ont \u00e9t\u00e9 transport\u00e9s aux h\u00f4pitaux Saint-Camille (Bry-sur-Marne) et Armand Briard (Nogent-sur-Marne). Les tests d\u2019alcool et de stup\u00e9fiants se sont r\u00e9v\u00e9l\u00e9s n\u00e9gatifs. Le chronotachygraphe du v\u00e9hicule n\u2019a pas encore pu \u00eatre exploit\u00e9 mais il devrait permettre d\u2019en dire plus sur les raisons de l\u2019accident.<\/p>\n<p class=\"paragraph text_align_left lp-f-body-02\">Les causes restent floues : probl\u00e8me m\u00e9canique, endormissement ou autre erreur humaine ? L\u2019enqu\u00eate de la brigade accident et d\u00e9lits routiers (BADR) de Champigny-sur-Marne devra le d\u00e9terminer. En attendant, la zone reste ferm\u00e9e, des d\u00e9bris jonchent encore le sol et le poids lourd a \u00e9t\u00e9 enlev\u00e9 \u00e0 sept heures du matin.<\/p>\n","protected":false},"excerpt":{"rendered":"Les images des d\u00e9g\u00e2ts de l\u2019accident sont saisissantes : rambardes m\u00e9talliques arrach\u00e9es, marches \u00e9ventr\u00e9es et t\u00f4les froiss\u00e9es au&hellip;\n","protected":false},"author":2,"featured_media":309416,"comment_status":"","ping_status":"","sticky":false,"template":"","format":"standard","meta":{"footnotes":""},"categories":[1888],"tags":[11,1777,674,1011,27,1944,12,626,25,1125],"class_list":{"0":"post-309415","1":"post","2":"type-post","3":"status-publish","4":"format-standard","5":"has-post-thumbnail","7":"category-paris","8":"tag-actualites","9":"tag-eu","10":"tag-europe","11":"tag-fr","12":"tag-france","13":"tag-ma-ville","14":"tag-news","15":"tag-paris","16":"tag-republique-francaise","17":"tag-val-de-marne"},"share_on_mastodon":{"url":"https:\/\/pubeurope.com\/@fr\/115004532624403330","error":""},"_links":{"self":[{"href":"https:\/\/www.europesays.com\/fr\/wp-json\/wp\/v2\/posts\/309415","targetHints":{"allow":["GET"]}}],"collection":[{"href":"https:\/\/www.europesays.com\/fr\/wp-json\/wp\/v2\/posts"}],"about":[{"href":"https:\/\/www.europesays.com\/fr\/wp-json\/wp\/v2\/types\/post"}],"author":[{"embeddable":true,"href":"https:\/\/www.europesays.com\/fr\/wp-json\/wp\/v2\/users\/2"}],"replies":[{"embeddable":true,"href":"https:\/\/www.europesays.com\/fr\/wp-json\/wp\/v2\/comments?post=309415"}],"version-history":[{"count":0,"href":"https:\/\/www.europesays.com\/fr\/wp-json\/wp\/v2\/posts\/309415\/revisions"}],"wp:featuredmedia":[{"embeddable":true,"href":"https:\/\/www.europesays.com\/fr\/wp-json\/wp\/v2\/media\/309416"}],"wp:attachment":[{"href":"https:\/\/www.europesays.com\/fr\/wp-json\/wp\/v2\/media?parent=309415"}],"wp:term":[{"taxonomy":"category","embeddable":true,"href":"https:\/\/www.europesays.com\/fr\/wp-json\/wp\/v2\/categories?post=309415"},{"taxonomy":"post_tag","embeddable":true,"href":"https:\/\/www.europesays.com\/fr\/wp-json\/wp\/v2\/tags?post=309415"}],"curies":[{"name":"wp","href":"https:\/\/api.w.org\/{rel}","templated":true}]}}