{"id":309421,"date":"2025-08-10T12:46:09","date_gmt":"2025-08-10T12:46:09","guid":{"rendered":"https:\/\/www.europesays.com\/fr\/309421\/"},"modified":"2025-08-10T12:46:09","modified_gmt":"2025-08-10T12:46:09","slug":"ca-bombarde-toutes-les-nuits-partout","status":"publish","type":"post","link":"https:\/\/www.europesays.com\/fr\/309421\/","title":{"rendered":"\u00c7a bombarde toutes les nuits, partout"},"content":{"rendered":"<p>            Par<br \/>\n        <strong><br \/>\n            <a href=\"https:\/\/actu.fr\/auteur\/journaliste-cp\" title=\"Consulter tous les articles de R\u00e9daction Courrier du Pays de Retz\" target=\"_blank\" rel=\"noopener\">R\u00e9daction Courrier du Pays de Retz<\/a><br \/>\n        <\/strong><\/p>\n<p>        Publi\u00e9 le<\/p>\n<p>            10 ao\u00fbt 2025 \u00e0 14h10        <\/p>\n<p>Le 24 f\u00e9vrier 2022, la F\u00e9d\u00e9ration de <b>Russie<\/b> a envahi son voisin ukrainien. Des \u00e9lans de g\u00e9n\u00e9rosit\u00e9 s\u2019\u00e9taient alors mis en place un peu partout en France, parfois port\u00e9s par des associations. Comme celle cr\u00e9\u00e9e par Camille dans le Puy-de-D\u00f4me \u00e0 l\u2019annonce de la <b>guerre.<\/b><\/p>\n<p class=\" wall-content\">Nomm\u00e9e<b> UAid63 Les Bougnats <\/b>pour l\u2019<b>Ukraine<\/b>, cette association a depuis donn\u00e9 le jour \u00e0 plusieurs antennes locales : \u00e0 Brest en Bretagne, dans les Yvelines, et \u00e0 <b>Saint-Aignan de Grand Lieu (Loire-Atlantique).<\/b><\/p>\n<p>\u00a0\u00bb On ne confie pas \u00e7a \u00e0 un transporteur. \u00ab\u00a0<\/p>\n<p class=\" wall-content\">Corinne Sapience, habitante de <b>Saint-Aignan de Grand Lieu, <\/b>en fait partie. \u00ab Le but de l\u2019association, c\u2019est de venir en aide au peuple ukrainien \u00bb explique Corinne \u00ab en organisant et en r\u00e9alisant les convois elle-m\u00eame. \u00bb<\/p>\n<p class=\" wall-content\">Si la premi\u00e8re \u00e9tape, c\u2019est de<a href=\"https:\/\/www.helloasso.com\/associations\/uaid63\/formulaires\/7\" target=\"_blank\" rel=\"noopener\"><b> r\u00e9colter des dons mat\u00e9riels et des financements,<\/b><\/a> l\u2019organisation ne s\u2019arr\u00eate pas l\u00e0 : \u00ab On ne confie pas \u00e7a \u00e0 un transporteur. \u00bb<\/p>\n<p class=\" wall-content\">Camille a ainsi conduit elle-m\u00eame l\u2019ensemble des convois humanitaires, et a \u00e9galement rapatri\u00e9 10 femmes et enfants. Corinne, de son c\u00f4t\u00e9, a rapidement \u00e9t\u00e9 sensible \u00e0 la cause en raison de sa passion pour l\u2019histoire, notamment la p\u00e9riode de la <b>Deuxi\u00e8me Guerre mondiale jusqu\u2019\u00e0 la chute de l\u2019URSS<\/b>. Elle a ainsi \u00e9t\u00e9 tr\u00e8s choqu\u00e9e \u00ab que l\u2019on vienne, en 2022, envahir un pays qui est ind\u00e9pendant, comme l\u2019Allemagne a pu envahir la France. De quel droit on vient envahir un pays autonome, qui depuis 1991 a son ind\u00e9pendance ? \u00bb s\u2019insurge-t-elle.<\/p>\n<p>\u00a0\u00bb On est all\u00e9es \u00e0 Kiev par nos propres moyens\u00a0\u00bb<\/p>\n<p class=\" wall-content\">Depuis qu\u2019elle a ouvert l\u2019antenne de Loire-Atlantique d\u00e9but 2024, Corinne a rassembl\u00e9 de nombreux dons (v\u00eatements, jouets, produits m\u00e9dicaux\u2026) dans un local \u00e0 Pont Saint-Martin, mis gracieusement \u00e0 disposition. Elle n\u2019a pas encore pu organiser un convoi avec les dons r\u00e9colt\u00e9s par manque de moyens financiers. En attendant de r\u00e9unir les fonds n\u00e9cessaires, Corinne s\u2019est rendue en Ukraine l\u2019\u00e9t\u00e9 dernier : \u00ab On est all\u00e9es \u00e0 Kiev en ao\u00fbt par nos propres moyens, avec les membres de l\u2019antenne de Brest. \u00bb<\/p>\n<p>Vid\u00e9os : en ce moment sur Actu\u00a0\u00bb J\u2019en ai encore des frissons \u00ab\u00a0<\/p>\n<p class=\" wall-content\">Une fa\u00e7on pour elle de ressentir ce que vit le peuple ukrainien, mais aussi de s\u2019assurer qu\u2019elle sera bien capable de mener ce convoi \u00e0 travers l\u2019Ukraine, car les risques sont r\u00e9els. Lorsqu\u2019elle s\u2019y est rendue, la situation \u00e9tait calme, et Kiev n\u2019est pas situ\u00e9 sur le front. Pourtant, les alertes d\u2019attaque a\u00e9rienne y \u00e9taient d\u00e9j\u00e0 quotidiennes, de jour comme de nuit. D\u00e8s que la sir\u00e8ne retentissait, il fallait se rendre au refuge le plus proche : \u00ab J\u2019en ai encore des frissons \u00bb, raconte Corinne.<\/p>\n<blockquote class=\"ac-article-quote wall-content\">\n<p>\u00ab Tous les soirs, on se couchait, on pr\u00e9parait le minimum, c\u2019est-\u00e0-dire nos papiers, une bouteille d\u2019eau, nos billets de retour ; on pr\u00e9parait tout de fa\u00e7on \u00e0, le plus vite possible, descendre au refuge.<\/p>\n<p>Corinne Sapience<\/p><\/blockquote>\n<p>La r\u00e9silience des Ukrainiens<\/p>\n<p class=\" wall-content\">Elle souligne la r\u00e9silience des Ukrainiens, car d\u00e8s que la sir\u00e8ne retentit, \u00ab vous savez que potentiellement, l\u2019immeuble o\u00f9 vous \u00eates, il y a un drone ou une bombe qui peut tomber dessus \u00bb, et si elle ne l\u2019a v\u00e9cu qu\u2019une semaine, pour les habitants, cela fait plus de trois ans. Elle est en contact r\u00e9gulier avec des Fran\u00e7ais engag\u00e9s volontairement dans l\u2019arm\u00e9e ukrainienne, qui sont pour elle \u00ab d\u2019un courage fabuleux \u00bb, et qui la tiennent au courant de la situation.<\/p>\n<blockquote class=\"ac-article-quote wall-content\">\n<p>En ce moment, \u00e7a bombarde toutes les nuits, partout. M\u00eame \u00e0 Kiev depuis quelques mois, il y a z\u00e9ro nuit tranquille. Ils ne savent pas ce que c\u2019est que de dormir sur leurs deux oreilles. \u00bb<\/p>\n<p>Corinne Sapience<\/p><\/blockquote>\n<p class=\" wall-content\">Pour Corinne, ces attaques et ces alertes, qui durent souvent toute la nuit, \u00ab c\u2019est une torture morale. C\u2019est forcer \u00e0 l\u2019\u00e9puisement d\u2019une population. \u00bb<\/p>\n<p class=\" wall-content\">Pourtant, l\u2019activit\u00e9 continue, les gens se rendent \u00e0 leur travail, les commerces sont ouverts\u2026 mais dans le stress permanent d\u2019une attaque a\u00e9rienne.<\/p>\n<p>Une cagnotte en ligne pour un convoi<\/p>\n<p class=\" wall-content\">Aujourd\u2019hui, pour pouvoir mener un convoi de Loire-Atlantique jusqu\u2019en Ukraine, Corinne a surtout besoin de financements et a ouvert une<a href=\"https:\/\/www.helloasso.com\/associations\/uaid63\/formulaires\/7\" target=\"_blank\" rel=\"noopener\"><b> cagnotte en ligne.<\/b><\/a> \u00ab Il me faudrait entre 2 000\u00a0et 4 000 euros. J\u2019ai aussi besoin de b\u00e9n\u00e9voles pour m\u2019aider \u00e0 mettre en cartons les dons, ainsi que d\u2019un camion, avec une location gratuite ou \u00e0 petit prix \u00bb explique Corinne. Car si l\u2019association b\u00e9n\u00e9ficie de petites aides des communes, elle fonctionne principalement sur donations priv\u00e9es, ou sur les fonds propres de ses membres. Corinne cherche aussi encore quelques dons mat\u00e9riels, mais essentiellement des m\u00e9dicaments et des consommables m\u00e9dicaux : \u00ab des seringues, des aiguilles, des pansements, des at\u00e8les\u2026 tout ce qui sert \u00e0 un h\u00f4pital. \u00bb<\/p>\n<p class=\" wall-content\">Corinne a conscience que les actions de l\u2019association ne sont qu\u2019une petite goutte d\u2019eau par rapport \u00e0 l\u2019\u00e9chelle du pays, mais \u00ab une goutte d\u2019eau, plus une goutte d\u2019eau, plus une goutte d\u2019eau, \u00e7a peut remplir l\u2019oc\u00e9an \u00bb. Il est \u00e0 noter qu\u2019en plus des convois d\u00e9j\u00e0 organis\u00e9s, l\u2019association a tout de m\u00eame permis le jumelage de Clermont-Ferrand ainsi que de Pont-du-Ch\u00e2teau avec deux villes en Ukraine.<\/p>\n<p class=\" wall-content\">Par ailleurs, l\u2019association UAid63 Les Bougnats pour l\u2019Ukraine est reconnue d\u2019int\u00e9r\u00eat g\u00e9n\u00e9ral, ce qui signifie que tous vos dons sont d\u00e9ductibles d\u2019imp\u00f4ts.<\/p>\n<p>Contact : Corinne Sapience \u2013 <a href=\"https:\/\/actu.fr\/cdn-cgi\/l\/email-protection\" class=\"__cf_email__\" data-cfemail=\"a6d3c7cfc29095cac9cfd4c3c7d2cac7c8d2cfd7d3c3e6c1cbc7cfca88c5c9cb\" target=\"_blank\" rel=\"noopener\">[email\u00a0protected]<\/a>.<\/p>\n<p class=\" wall-content\">Suivez toute l\u2019actualit\u00e9 de vos villes et m\u00e9dias favoris en vous inscrivant \u00e0 <a href=\"https:\/\/moncompte.actu.fr\" title=\"D\u00e9couvez Mon Actu\" rel=\"nofollow noopener\" data-trk=\"{&quot;cta&quot;:{&quot;action&quot;:&quot;https:\\\/\\\/moncompte.actu.fr&quot;,&quot;category&quot;:&quot;mon compte&quot;,&quot;from&quot;:&quot;article footer&quot;,&quot;name&quot;:&quot;Mon actu&quot;,&quot;type&quot;:&quot;cta&quot;}}\" target=\"_blank\">Mon Actu<\/a>.<\/p>\n","protected":false},"excerpt":{"rendered":"Par R\u00e9daction Courrier du Pays de Retz Publi\u00e9 le 10 ao\u00fbt 2025 \u00e0 14h10 Le 24 f\u00e9vrier 2022,&hellip;\n","protected":false},"author":2,"featured_media":309422,"comment_status":"","ping_status":"","sticky":false,"template":"","format":"standard","meta":{"footnotes":""},"categories":[1590],"tags":[11,1777,674,131,12,104,220],"class_list":{"0":"post-309421","1":"post","2":"type-post","3":"status-publish","4":"format-standard","5":"has-post-thumbnail","7":"category-ukraine","8":"tag-actualites","9":"tag-eu","10":"tag-europe","11":"tag-guerre-en-ukraine","12":"tag-news","13":"tag-societe","14":"tag-ukraine"},"share_on_mastodon":{"url":"https:\/\/pubeurope.com\/@fr\/115004544405265128","error":""},"_links":{"self":[{"href":"https:\/\/www.europesays.com\/fr\/wp-json\/wp\/v2\/posts\/309421","targetHints":{"allow":["GET"]}}],"collection":[{"href":"https:\/\/www.europesays.com\/fr\/wp-json\/wp\/v2\/posts"}],"about":[{"href":"https:\/\/www.europesays.com\/fr\/wp-json\/wp\/v2\/types\/post"}],"author":[{"embeddable":true,"href":"https:\/\/www.europesays.com\/fr\/wp-json\/wp\/v2\/users\/2"}],"replies":[{"embeddable":true,"href":"https:\/\/www.europesays.com\/fr\/wp-json\/wp\/v2\/comments?post=309421"}],"version-history":[{"count":0,"href":"https:\/\/www.europesays.com\/fr\/wp-json\/wp\/v2\/posts\/309421\/revisions"}],"wp:featuredmedia":[{"embeddable":true,"href":"https:\/\/www.europesays.com\/fr\/wp-json\/wp\/v2\/media\/309422"}],"wp:attachment":[{"href":"https:\/\/www.europesays.com\/fr\/wp-json\/wp\/v2\/media?parent=309421"}],"wp:term":[{"taxonomy":"category","embeddable":true,"href":"https:\/\/www.europesays.com\/fr\/wp-json\/wp\/v2\/categories?post=309421"},{"taxonomy":"post_tag","embeddable":true,"href":"https:\/\/www.europesays.com\/fr\/wp-json\/wp\/v2\/tags?post=309421"}],"curies":[{"name":"wp","href":"https:\/\/api.w.org\/{rel}","templated":true}]}}