{"id":309423,"date":"2025-08-10T12:47:11","date_gmt":"2025-08-10T12:47:11","guid":{"rendered":"https:\/\/www.europesays.com\/fr\/309423\/"},"modified":"2025-08-10T12:47:11","modified_gmt":"2025-08-10T12:47:11","slug":"usa-trump-attaque-luniversite-de-californie-pour-les-manifestations-pro-palestiniennes-%f0%9f%94%b4-info-libertaire","status":"publish","type":"post","link":"https:\/\/www.europesays.com\/fr\/309423\/","title":{"rendered":"[USA] Trump attaque l\u2019universit\u00e9 de Californie pour les manifestations pro-palestiniennes \u2013 \ud83d\udd34 Info Libertaire"},"content":{"rendered":"<p>L\u2019universit\u00e9 publique de Californie a annonc\u00e9, le vendredi 8\u00a0ao\u00fbt, que le gouvernement am\u00e9ricain lui r\u00e9clamait une amende monstre d\u2019un milliard de dollars pour les manifestations pro-palestinienne de 2024 (photo). Le montant repr\u00e9sente cinq fois ce que l\u2019universit\u00e9 priv\u00e9e new-yorkaise de Columbia a consenti \u00e0 payer fin juillet, plus de 200 millions de dollars, pour r\u00e9gler un diff\u00e9rend sur des accusations de soi-disant antis\u00e9mitisme lors des manifestations en 2024 contre la guerre g\u00e9nocidaire \u00e0 Gaza. Un accord \u00e0 500 millions de dollars serait en discussion avec Harvard.<br \/>\nGavin Newsom, gouverneur de Californie et membre du conseil d\u2019administration de l\u2019UC, a d\u00e9nonc\u00e9 une \u00ab\u00a0extorsion\u00a0\u00bb visant \u00e0 \u00ab\u00a0museler la libert\u00e9 acad\u00e9mique\u00a0\u00bb, promettant de saisir la justice. Le gouvernement f\u00e9d\u00e9ral r\u00e9clame en outre 172 millions de dollars pour indemniser des \u00e9tudiants juifs se disant victimes de discrimination. Le r\u00e9seau UC regroupe dix campus,<br \/>parmi lesquels UCLA, Berkeley ou San Diego, tous r\u00e9guli\u00e8rement class\u00e9s parmi les meilleures universit\u00e9s publiques am\u00e9ricaines. L\u2019UCLA subit d\u00e9j\u00e0 un gel de plus d\u2019un demi-milliard de dollars de subventions f\u00e9d\u00e9rales dans ses recherches m\u00e9dicales et scientifiques. <\/p>\n","protected":false},"excerpt":{"rendered":"L\u2019universit\u00e9 publique de Californie a annonc\u00e9, le vendredi 8\u00a0ao\u00fbt, que le gouvernement am\u00e9ricain lui r\u00e9clamait une amende monstre&hellip;\n","protected":false},"author":2,"featured_media":60091,"comment_status":"","ping_status":"","sticky":false,"template":"","format":"standard","meta":{"footnotes":""},"categories":[1589],"tags":[11,73,1866,12,1864,1865,1863,308],"class_list":{"0":"post-309423","1":"post","2":"type-post","3":"status-publish","4":"format-standard","5":"has-post-thumbnail","7":"category-etats-unis","8":"tag-actualites","9":"tag-etats-unis","10":"tag-etats-unis-damerique","11":"tag-news","12":"tag-united-states","13":"tag-united-states-of-america","14":"tag-us","15":"tag-usa"},"share_on_mastodon":{"url":"https:\/\/pubeurope.com\/@fr\/115004548435319087","error":""},"_links":{"self":[{"href":"https:\/\/www.europesays.com\/fr\/wp-json\/wp\/v2\/posts\/309423","targetHints":{"allow":["GET"]}}],"collection":[{"href":"https:\/\/www.europesays.com\/fr\/wp-json\/wp\/v2\/posts"}],"about":[{"href":"https:\/\/www.europesays.com\/fr\/wp-json\/wp\/v2\/types\/post"}],"author":[{"embeddable":true,"href":"https:\/\/www.europesays.com\/fr\/wp-json\/wp\/v2\/users\/2"}],"replies":[{"embeddable":true,"href":"https:\/\/www.europesays.com\/fr\/wp-json\/wp\/v2\/comments?post=309423"}],"version-history":[{"count":0,"href":"https:\/\/www.europesays.com\/fr\/wp-json\/wp\/v2\/posts\/309423\/revisions"}],"wp:featuredmedia":[{"embeddable":true,"href":"https:\/\/www.europesays.com\/fr\/wp-json\/wp\/v2\/media\/60091"}],"wp:attachment":[{"href":"https:\/\/www.europesays.com\/fr\/wp-json\/wp\/v2\/media?parent=309423"}],"wp:term":[{"taxonomy":"category","embeddable":true,"href":"https:\/\/www.europesays.com\/fr\/wp-json\/wp\/v2\/categories?post=309423"},{"taxonomy":"post_tag","embeddable":true,"href":"https:\/\/www.europesays.com\/fr\/wp-json\/wp\/v2\/tags?post=309423"}],"curies":[{"name":"wp","href":"https:\/\/api.w.org\/{rel}","templated":true}]}}