{"id":309424,"date":"2025-08-10T12:48:20","date_gmt":"2025-08-10T12:48:20","guid":{"rendered":"https:\/\/www.europesays.com\/fr\/309424\/"},"modified":"2025-08-10T12:48:20","modified_gmt":"2025-08-10T12:48:20","slug":"risque-de-guerre-civile-un-professeur-du-kings-college-de-londres-alerte-sur-la-menace-de-conflit-interieur-en-france","status":"publish","type":"post","link":"https:\/\/www.europesays.com\/fr\/309424\/","title":{"rendered":"\u00ab Risque de guerre civile \u00bb : un professeur du King\u2019s College de Londres alerte sur la menace de conflit int\u00e9rieur en France"},"content":{"rendered":"<p>Un s\u00e9rieux avertissement. David Betz, professeur en \u00e9tudes militaires au King\u2019s College de Londres, affirme dans un article publi\u00e9 dans <a href=\"https:\/\/www.militarystrategymagazine.com\/article\/civil-war-comes-to-the-west-part-ii-strategic-realities\/\" target=\"_blank\" rel=\"noopener\">Military Strategy Magazine<\/a> que la menace principale pour la s\u00e9curit\u00e9 en Occident ne vient plus de l\u2019ext\u00e9rieur, mais de l\u2019int\u00e9rieur, et plus pr\u00e9cis\u00e9ment d\u2019un risque de <a href=\"https:\/\/www.valeursactuelles.com\/clubvaleurs\/politique\/eric-zemmour-la-guerre-civile-a-deja-commence\" target=\"_blank\" rel=\"noopener\">guerre civile<\/a>. Selon lui, la France et le Royaume-Uni sont les deux pays occidentaux les plus expos\u00e9s \u00e0 un conflit violent, apr\u00e8s avoir d\u00e9j\u00e0 connu des \u00ab incidents pr\u00e9curseurs \u00bb.<\/p>\n<p>Le sp\u00e9cialiste identifie plusieurs signaux inqui\u00e9tants. En France, les attentats terroristes et les violences dans certaines banlieues ont renforc\u00e9 les peurs li\u00e9es \u00e0 \u00ab une fragmentation culturelle \u00bb. Quant au Royaume-Uni, Nigel Farage, chef du parti Reform UK et ancien leader du Parti du Brexit, attribue les tensions sociales aux <a href=\"https:\/\/www.valeursactuelles.com\/politique\/immigration-laveuglement-coupable-des-dirigeants-francais\" target=\"_blank\" rel=\"noopener\">politiques migratoires.<\/a> Il d\u00e9nonce notamment des divisions culturelles profondes et une \u00ab police \u00e0 deux vitesses \u00bb qui favoriserait certaines minorit\u00e9s, un contexte qui pourrait, selon lui, d\u00e9stabiliser le pays.<\/p>\n<p>Des conditions propices<\/p>\n<p>Pour David Betz, les conditions propices \u00e0 un tel conflit sont d\u00e9j\u00e0 pr\u00e9sentes dans les deux pays : fractures culturelles, stagnation \u00e9conomique, m\u00e9fiance envers les institutions\u2026 \u00ab Dans un pays o\u00f9 ces conditions sont r\u00e9unies, le risque d\u2019une v\u00e9ritable guerre civile est de 4 % par an. En partant de cette hypoth\u00e8se, nous pouvons conclure que ce risque est de 18,5 % sur cinq ans \u00bb, ajoute le chercheur.<\/p>\n<\/p>\n<p>Face \u00e0 ce sc\u00e9nario pr\u00e9occupant, le professeur appelle \u00e0 une r\u00e9vision urgente des strat\u00e9gies militaires et gouvernementales. Il pr\u00e9conise la cr\u00e9ation de zones s\u00e9curis\u00e9es pour prot\u00e9ger les civils, la protection renforc\u00e9e des infrastructures vitales et des armes strat\u00e9giques, ainsi que l\u2019\u00e9laboration de doctrines et de plans d\u2019action sp\u00e9cifiquement adapt\u00e9s aux guerres civiles.<\/p>\n","protected":false},"excerpt":{"rendered":"Un s\u00e9rieux avertissement. David Betz, professeur en \u00e9tudes militaires au King\u2019s College de Londres, affirme dans un article&hellip;\n","protected":false},"author":2,"featured_media":309425,"comment_status":"","ping_status":"","sticky":false,"template":"","format":"standard","meta":{"footnotes":""},"categories":[1588],"tags":[11,7078,1777,674,1146,23483,12,1127,473,1853,1851,1850,1852,5768],"class_list":{"0":"post-309424","1":"post","2":"type-post","3":"status-publish","4":"format-standard","5":"has-post-thumbnail","7":"category-royaume-uni","8":"tag-actualites","9":"tag-etude","10":"tag-eu","11":"tag-europe","12":"tag-guerre","13":"tag-guerre-civile","14":"tag-news","15":"tag-professeur","16":"tag-royaume-uni","17":"tag-royaume-uni-de-grande-bretagne-et-dirlande-du-nord","18":"tag-uk","19":"tag-united-kingdom","20":"tag-united-kingdom-of-great-britain-and-northern-ireland","21":"tag-universite"},"share_on_mastodon":{"url":"https:\/\/pubeurope.com\/@fr\/115004552279838169","error":""},"_links":{"self":[{"href":"https:\/\/www.europesays.com\/fr\/wp-json\/wp\/v2\/posts\/309424","targetHints":{"allow":["GET"]}}],"collection":[{"href":"https:\/\/www.europesays.com\/fr\/wp-json\/wp\/v2\/posts"}],"about":[{"href":"https:\/\/www.europesays.com\/fr\/wp-json\/wp\/v2\/types\/post"}],"author":[{"embeddable":true,"href":"https:\/\/www.europesays.com\/fr\/wp-json\/wp\/v2\/users\/2"}],"replies":[{"embeddable":true,"href":"https:\/\/www.europesays.com\/fr\/wp-json\/wp\/v2\/comments?post=309424"}],"version-history":[{"count":0,"href":"https:\/\/www.europesays.com\/fr\/wp-json\/wp\/v2\/posts\/309424\/revisions"}],"wp:featuredmedia":[{"embeddable":true,"href":"https:\/\/www.europesays.com\/fr\/wp-json\/wp\/v2\/media\/309425"}],"wp:attachment":[{"href":"https:\/\/www.europesays.com\/fr\/wp-json\/wp\/v2\/media?parent=309424"}],"wp:term":[{"taxonomy":"category","embeddable":true,"href":"https:\/\/www.europesays.com\/fr\/wp-json\/wp\/v2\/categories?post=309424"},{"taxonomy":"post_tag","embeddable":true,"href":"https:\/\/www.europesays.com\/fr\/wp-json\/wp\/v2\/tags?post=309424"}],"curies":[{"name":"wp","href":"https:\/\/api.w.org\/{rel}","templated":true}]}}