{"id":309426,"date":"2025-08-10T12:49:11","date_gmt":"2025-08-10T12:49:11","guid":{"rendered":"https:\/\/www.europesays.com\/fr\/309426\/"},"modified":"2025-08-10T12:49:11","modified_gmt":"2025-08-10T12:49:11","slug":"sabotage-du-trafic-portuaire-de-marchandises-%f0%9f%94%b4-info-libertaire","status":"publish","type":"post","link":"https:\/\/www.europesays.com\/fr\/309426\/","title":{"rendered":"sabotage du trafic portuaire de marchandises \u2013 \ud83d\udd34 Info Libertaire"},"content":{"rendered":"<p><strong>Le port de Hambourg est un important point de transbordement de mat\u00e9riel militaire<\/strong>. Des tonnes d\u2019armes, de munitions, d\u2019\u00e9quipements et de composants militaires en partent chaque jour. <br \/> Nombre de ces \u00e9quipements militaires sont produits \u00e0 Hambourg. Diverses entreprises hambourgeoises fabriquent elles-m\u00eames les instruments de guerre ou fournissent sciemment des composants particuliers, qu\u2019ils soient optiques, \u00e9lectroniques ou m\u00e9caniques. Ceux qui profitent de la guerre fournissent aussi bien la Bundeswehr [arm\u00e9e allemande] que les forces arm\u00e9es d\u2019autres pays.<br \/>Des transports nucl\u00e9aires transitent \u00e9galement r\u00e9guli\u00e8rement par le port de Hambourg, malgr\u00e9 la sortie de l\u2019Allemagne du nucl\u00e9aire. Les navires des compagnies maritimes MACS, OOCL et Hapag-Lloyd sont particuli\u00e8rement impliqu\u00e9s dans ces op\u00e9rations. En 2024, 154 transports nucl\u00e9aires ont \u00e9t\u00e9 recens\u00e9s.<\/p>\n<p><strong>Nous assistons actuellement<\/strong> \u00e0 un r\u00e9armement et \u00e0 une expansion de l\u2019industrie d\u2019armement \u00e0 l\u2019\u00e9chelle europ\u00e9enne. L\u2019Allemagne, elle aussi, se pr\u00e9pare \u00e0 la guerre \u00e0 tous les niveaux. Il r\u00e8gne une v\u00e9ritable fr\u00e9n\u00e9sie guerri\u00e8re.<\/p>\n<p>Le prochain exercice de la Bundeswehr en septembre \u00e0 Hambourg s\u2019inscrit dans la continuit\u00e9. Un exercice nomm\u00e9 \u00ab Red Storm Alpha \u00bb avait d\u00e9j\u00e0 eu lieu dans le port de Hambourg en 2024. Son objectif principal \u00e9tait alors de s\u00e9curiser les installations portuaires. Outre une centaine de soldats, l\u2019autorit\u00e9 portuaire de Hambourg (HPA) et HHLA y avaient \u00e9galement particip\u00e9.<br \/>Cette ann\u00e9e, dans le contexte d\u2019une guerre d\u2019agression russe fictive, l\u2019exercice pr\u00e9voit le d\u00e9placement de troupes et de mat\u00e9riel du port \u00e0 travers la ville vers la fronti\u00e8re de l\u2019OTAN dans les pays baltes. Du 25 au 29 septembre, environ 500 soldats s\u2019entra\u00eeneront pour \u00ab\u00a0Red Storm Bravo\u00a0\u00bb aux c\u00f4t\u00e9s de la police, des pompiers, de l\u2019Agence f\u00e9d\u00e9rale de secours technique (THW), de HPA, de HHLA, d\u2019autorit\u00e9s telles que l\u2019Agence f\u00e9d\u00e9rale pour l\u2019emploi et d\u2019entreprises comme Airbus et Blohm &amp; Voss [soci\u00e9t\u00e9 de construction navale hambourgeoise], jour et nuit, dans toute la ville.<br \/>Les soins m\u00e9dicaux d\u2019urgence, l\u2019\u00e9vacuation des bless\u00e9s et la gestion des manifestations seront \u00e9galement pratiqu\u00e9s.<\/p>\n<p><strong>De telles man\u0153uvres militaires<\/strong> servent \u00e9galement \u00e0 asseoir l\u2019image de l\u2019arm\u00e9e dans la ville. La population devrait s\u2019y habituer, ainsi qu\u2019\u00e0 l\u2019implication de nombreuses entreprises \u00ab civiles \u00bb. Car, selon le commandement de l\u2019\u00c9tat, la d\u00e9fense et la r\u00e9silience sont une mission de la soci\u00e9t\u00e9 dans son ensemble.<\/p>\n<p><strong>\u00ab <\/strong><strong>Nous devons nous pr\u00e9parer<\/strong> \u00e0 la guerre. Nous devons \u00eatre capables de nous d\u00e9fendre. Et pr\u00e9parer la Bundeswehr et la soci\u00e9t\u00e9 \u00e0 cela \u00bb, a exig\u00e9 le ministre allemand de la D\u00e9fense, Boris Pistorius, dans un discours prononc\u00e9 le 29 octobre 2023. Son objectif est de transformer la Bundeswehr en une arm\u00e9e pr\u00eate au combat d\u2019ici 2029. Cette affirmation repose sur l\u2019hypoth\u00e8se d\u2019une attaque russe imminente \u00e0 partir de cette date.<br \/>Bien que les experts et Pistorius lui-m\u00eame confirment l\u2019absence de preuve d\u2019une attaque russe contre un partenaire de l\u2019OTAN, la r\u00e9p\u00e9tition constante d\u2019une attaque imminente attise les craintes au sein de la population. Parce que \u00ab les Russes sont \u00e0 nos portes \u00bb (Jens Spahn), le bellicisme actuel peut \u00eatre pr\u00e9sent\u00e9 comme une mesure d\u00e9fensive n\u00e9cessaire et impos\u00e9e contre les voix critiques. En rassurant la population.<\/p>\n<p><strong>Avec son Livre vert<\/strong> 4.0, le groupe de r\u00e9flexion \u00ab Zukunftsforum \u00d6ffentliche Sicherheit eV \u00bb (Forum du futur pour la s\u00e9curit\u00e9 publique) pr\u00e9sente un v\u00e9ritable appel \u00e0 la guerre et pr\u00f4ne l\u2019introduction de restrictions l\u00e9gales et de mesures de manipulation contre la population civile.<\/p>\n<p><strong>Le projet de loi appropri\u00e9<\/strong> pour mettre en \u0153uvre la pr\u00e9paration militaire le plus rapidement possible et \u00e9liminer les obstacles existants est d\u00e9j\u00e0 en place. Il pr\u00e9voit des syst\u00e8mes d\u2019approvisionnement simplifi\u00e9s, un assouplissement des normes environnementales et m\u00eame la suppression des appels d\u2019offres pour les contrats d\u2019un montant inf\u00e9rieur \u00e0 440\u00a0000 \u20ac, ainsi que la d\u00e9rogation aux r\u00e9glementations en mati\u00e8re de sant\u00e9 et de s\u00e9curit\u00e9 au travail et aux normes de salaire minimum dans l\u2019industrie de la d\u00e9fense.<br \/>Il comprend \u00e9galement des mesures dans le domaine civil, telles que la mise en place de la Journ\u00e9e des anciens combattants, l\u2019\u00e9ducation \u00e0 la conscription dans les \u00e9coles et la suppression des clauses civiles.<\/p>\n<p><strong>D\u00e8s 2022, le chancelier<\/strong> de l\u2019\u00e9poque, Olaf Scholz, appelait \u00e0 une \u00ab pr\u00e9paration au combat \u00bb du syst\u00e8me de sant\u00e9. Le syst\u00e8me de sant\u00e9 allemand, menac\u00e9 par les coupes budg\u00e9taires et la privatisation, devrait se concentrer principalement sur le soutien aux forces arm\u00e9es. Car, comme l\u2019a r\u00e9p\u00e9t\u00e9 Pistorius\u00a0: \u00ab\u00a0Ce pays ne peut \u00eatre d\u00e9fendu avec les prestations sociales et l\u2019\u00e9ducation.\u00a0\u00bb<br \/>L\u2019objectif de 5 % du produit int\u00e9rieur brut (d\u2019ici 2035, selon les objectifs de l\u2019OTAN) affect\u00e9 aux d\u00e9penses militaires, d\u2019armement et de d\u00e9fense ne pourra pas \u00eatre couvert durablement par le \u00ab fonds sp\u00e9cial \u00bb assoupli. Par cons\u00e9quent, des coupes budg\u00e9taires seront op\u00e9r\u00e9es dans d\u2019autres domaines.<br \/>La pression sur le syst\u00e8me social s\u2019est intensifi\u00e9e depuis longtemps. De plus en plus de personnes en ressentent les effets. Des organisations comme Human Rights Watch signalent d\u00e9j\u00e0 une augmentation significative de la paup\u00e9risation en Allemagne.<\/p>\n<p><strong>Il est grand temps de (r\u00e9)activer un mouvement antimilitariste<\/strong>.<\/p>\n<p>La guerre commence ici. Coupez les ponts avec les producteurs d\u2019armes.<br \/>Sabotez le bellicisme et le r\u00e9armement\u00a0! \u00ab\u00a0Quoi qu\u2019il en co\u00fbte.\u00a0\u00bb<br \/>Jamais apte \u00e0 la guerre\u00a0! Ni aujourd\u2019hui, ni en 2029, ni plus jamais\u00a0!<\/p>\n","protected":false},"excerpt":{"rendered":"Le port de Hambourg est un important point de transbordement de mat\u00e9riel militaire. Des tonnes d\u2019armes, de munitions,&hellip;\n","protected":false},"author":2,"featured_media":60091,"comment_status":"","ping_status":"","sticky":false,"template":"","format":"standard","meta":{"footnotes":""},"categories":[1587],"tags":[11,672,1804,1805,1803,1777,674,1801,12,1802],"class_list":{"0":"post-309426","1":"post","2":"type-post","3":"status-publish","4":"format-standard","5":"has-post-thumbnail","7":"category-allemagne","8":"tag-actualites","9":"tag-allemagne","10":"tag-bundesrepublik-deutschland","11":"tag-de","12":"tag-deutschland","13":"tag-eu","14":"tag-europe","15":"tag-germany","16":"tag-news","17":"tag-republique-federale-dallemagne"},"share_on_mastodon":{"url":"https:\/\/pubeurope.com\/@fr\/115004556536910547","error":""},"_links":{"self":[{"href":"https:\/\/www.europesays.com\/fr\/wp-json\/wp\/v2\/posts\/309426","targetHints":{"allow":["GET"]}}],"collection":[{"href":"https:\/\/www.europesays.com\/fr\/wp-json\/wp\/v2\/posts"}],"about":[{"href":"https:\/\/www.europesays.com\/fr\/wp-json\/wp\/v2\/types\/post"}],"author":[{"embeddable":true,"href":"https:\/\/www.europesays.com\/fr\/wp-json\/wp\/v2\/users\/2"}],"replies":[{"embeddable":true,"href":"https:\/\/www.europesays.com\/fr\/wp-json\/wp\/v2\/comments?post=309426"}],"version-history":[{"count":0,"href":"https:\/\/www.europesays.com\/fr\/wp-json\/wp\/v2\/posts\/309426\/revisions"}],"wp:featuredmedia":[{"embeddable":true,"href":"https:\/\/www.europesays.com\/fr\/wp-json\/wp\/v2\/media\/60091"}],"wp:attachment":[{"href":"https:\/\/www.europesays.com\/fr\/wp-json\/wp\/v2\/media?parent=309426"}],"wp:term":[{"taxonomy":"category","embeddable":true,"href":"https:\/\/www.europesays.com\/fr\/wp-json\/wp\/v2\/categories?post=309426"},{"taxonomy":"post_tag","embeddable":true,"href":"https:\/\/www.europesays.com\/fr\/wp-json\/wp\/v2\/tags?post=309426"}],"curies":[{"name":"wp","href":"https:\/\/api.w.org\/{rel}","templated":true}]}}