{"id":309427,"date":"2025-08-10T12:50:18","date_gmt":"2025-08-10T12:50:18","guid":{"rendered":"https:\/\/www.europesays.com\/fr\/309427\/"},"modified":"2025-08-10T12:50:18","modified_gmt":"2025-08-10T12:50:18","slug":"apres-cent-jours-a-la-tete-de-lallemagne-friedrich-merz-toujours-sur-sa-ligne-de-crete-lexpress","status":"publish","type":"post","link":"https:\/\/www.europesays.com\/fr\/309427\/","title":{"rendered":"Apr\u00e8s cent jours \u00e0 la t\u00eate de l&rsquo;Allemagne, Friedrich Merz toujours sur sa ligne de cr\u00eate \u2013 L&rsquo;Express"},"content":{"rendered":"<p class=\"paragraph article-body-paragraph article__item   article-body-paragraph--first \">\u00ab\u00a0Germany is back\u00a0\u00bb, telle \u00e9tait la promesse de <a href=\"https:\/\/www.lexpress.fr\/monde\/berlin-suspend-les-exportations-des-armes-quisrael-pourrait-utiliser-a-gaza-AQPJB33AJNDVPL3VTALWASF23A\/\" target=\"_self\" rel=\"nofollow noopener\" title=\"https:\/\/www.lexpress.fr\/monde\/berlin-suspend-les-exportations-des-armes-quisrael-pourrait-utiliser-a-gaza-AQPJB33AJNDVPL3VTALWASF23A\/\">Friedrich Merz<\/a> en devenant chancelier. Mais pr\u00e8s de cent jours apr\u00e8s avoir ramen\u00e9 les conservateurs au pouvoir en <a href=\"https:\/\/www.lexpress.fr\/monde\/europe\/secouee-par-la-guerre-en-ukraine-larmee-allemande-peine-a-se-transformer-AMUDLABFHJASNAIHTX4L5IXAWM\/\" target=\"_self\" rel=\"nofollow noopener\" title=\"https:\/\/www.lexpress.fr\/monde\/europe\/secouee-par-la-guerre-en-ukraine-larmee-allemande-peine-a-se-transformer-AMUDLABFHJASNAIHTX4L5IXAWM\/\">Allemagne<\/a>, il n&rsquo;a jamais \u00e9t\u00e9 aussi impopulaire. N\u00e9anmoins, \u00ab\u00a0il est \u00e9vident que la situation \u00e9conomique et migratoire, les deux objectifs centraux du gouvernement, s&rsquo;am\u00e9liorent\u00a0\u00bb, constate Wolfgang Schroeder, politologue de l&rsquo;universit\u00e9 de Cassel.<\/p>\n<p class=\"paragraph article-body-paragraph article__item   \">Un bilan des cent premiers jours du gouvernement qui ne satisfait plus que 29% des Allemands, le pire score depuis son entr\u00e9e en fonction, selon un sondage de la t\u00e9l\u00e9vision publique ARD publi\u00e9 jeudi.<\/p>\n<p>Tour de vis migratoire \u00a0<\/p>\n<p class=\"paragraph article-body-paragraph article__item   \">Apr\u00e8s une campagne l\u00e9gislative domin\u00e9e par l&rsquo;immigration, le gouvernement Merz a encore donn\u00e9 un tour de vis \u00e0 sa politique migratoire, tournant un peu plus le dos \u00e0 la politique d&rsquo;accueil g\u00e9n\u00e9reuse d&rsquo;Angela Merkel en 2015.<\/p>\n<p><strong class=\"article-body-link-list__item text-gray-800 article-body-link-list__item--one-item\">LIRE AUSSI : <a class=\"article-body-link-list__item-link\" href=\"https:\/\/www.lexpress.fr\/monde\/europe\/friedrich-merz-elu-chancelier-mais-tiendra-t-il-pourquoi-il-va-sentir-le-souffle-de-lafd-dans-sa-4ZH64U4JEVD2VJ734YZNZJEJ4E\/\" target=\"_blank\" rel=\"noreferrer nofollow noopener\">Friedrich Merz \u00e9lu chancelier, mais tiendra-t-il ? Pourquoi il va sentir le souffle de l&rsquo;AfD dans sa nuque<\/a><\/strong><\/p>\n<p class=\"paragraph article-body-paragraph article__item   \">Outre des expulsions d&rsquo;\u00e9trangers en hausse, dont celles de 81 criminels vers l&rsquo;Afghanistan et de 40 personnes vers l&rsquo;Irak, le gouvernement a d\u00e9cid\u00e9 le refoulement des demandeurs d&rsquo;asile aux fronti\u00e8res. Il a aussi modifi\u00e9 la l\u00e9gislation afin de limiter le regroupement familial pour certaines cat\u00e9gories de r\u00e9fugi\u00e9s, et d&rsquo;allonger les d\u00e9lais d&rsquo;acc\u00e8s \u00e0 la nationalit\u00e9 allemande. M. Merz esp\u00e8re ainsi \u00ab\u00a0regagner la confiance\u00a0\u00bb des \u00e9lecteurs s\u00e9duits par l&rsquo;extr\u00eame droite.<\/p>\n<p>Economie: toujours des vents contraires<\/p>\n<p class=\"paragraph article-body-paragraph article__item   \">Apr\u00e8s deux ann\u00e9es de r\u00e9cession, li\u00e9es notamment \u00e0 l&rsquo;invasion de l&rsquo;Ukraine par la Russie et la hausse des co\u00fbts de l&rsquo;\u00e9nergie qui a suivi, la premi\u00e8re \u00e9conomie europ\u00e9enne esp\u00e9rait redresser la t\u00eate cette ann\u00e9e. En amont de sa prise de fonction, Friedrich Merz a obtenu un fonds de 500 milliards d&rsquo;euros pour moderniser les infrastructures sur douze ans, ainsi que l&rsquo;assouplissement des r\u00e8gles strictes sur la dette pour financer les efforts de d\u00e9fense. Son pari: relancer durablement la croissance allemande en stimulant les investissements strat\u00e9giques.<\/p>\n<p><strong class=\"article-body-link-list__item text-gray-800 article-body-link-list__item--one-item\">LIRE AUSSI : <a class=\"article-body-link-list__item-link\" href=\"https:\/\/www.lexpress.fr\/monde\/europe\/il-peut-dire-non-a-donald-trump-friedrich-merz-lanti-merkel-qui-se-reve-en-leader-de-leurope-DUS3J2YPHZGKTI5TATTSU3PL6E\/\" target=\"_blank\" rel=\"noreferrer nofollow noopener\">\u00ab\u00a0Il peut dire non \u00e0 Trump\u00a0\u00bb : Friedrich Merz, \u00ab\u00a0l&rsquo;anti-Merkel\u00a0\u00bb qui se r\u00eave en leader de l&rsquo;Europe<\/a><\/strong><\/p>\n<p class=\"paragraph article-body-paragraph article__item   \">Mais au deuxi\u00e8me trimestre, le produit int\u00e9rieur brut allemand a recul\u00e9 de 0,1%, apr\u00e8s une hausse de 0,3% au premier. Pour l&rsquo;ensemble de 2025, le FMI table sur une quasi-stagnation (+0,1%). Les droits de douane de 15% impos\u00e9s par les Etats-Unis aux produits europ\u00e9ens depuis jeudi devraient causer des \u00ab\u00a0dommages importants\u00a0\u00bb \u00e0 l&rsquo;\u00e9conomie allemande, d\u00e9pendante de ses exportations, a reconnu Friedrich Merz.<\/p>\n<p>Stature internationale retrouv\u00e9e<\/p>\n<p class=\"paragraph article-body-paragraph article__item   \">Comme il l&rsquo;avait promis, Friedrich Merz s&rsquo;implique davantage que son pr\u00e9d\u00e9cesseur Olaf Scholz dans les affaires \u00e9trang\u00e8res.\u00a0\u00ab\u00a0Il parle tr\u00e8s bien anglais, il a une prestance d&rsquo;homme d&rsquo;\u00c9tat. Il semble vraiment prendre plaisir\u00a0\u00bb sur la sc\u00e8ne internationale, souligne la politologue Ursula M\u00fcnch de l&rsquo;universit\u00e9 de Tutzing.<\/p>\n<p class=\"paragraph article-body-paragraph article__item   \">En plus du renforcement des liens en Europe, notamment \u00ab\u00a0avec la France, la Grande-Bretagne et la Pologne\u00a0\u00bb, le nouveau chancelier \u00ab\u00a0veille \u00e9galement \u00e0 \u00e9tablir des relations acceptables, en tout cas fonctionnelles, avec le pr\u00e9sident am\u00e9ricain\u00a0\u00bb Donald Trump \u00e0 qui il a rendu visite en juin, rench\u00e9rit Uwe Jun, son confr\u00e8re de l&rsquo;universit\u00e9 de Tr\u00e8ves.<\/p>\n<\/p>\n<p class=\"paragraph article-body-paragraph article__item   \">La mont\u00e9e en puissance continue des efforts de d\u00e9fense, une exigence de M. Trump, vise \u00e0 doter l&rsquo;Allemagne de \u00ab\u00a0l&rsquo;arm\u00e9e conventionnelle la plus puissante d&rsquo;Europe\u00a0\u00bb, un tournant dans un pays profond\u00e9ment pacifiste depuis les horreurs du nazisme.<\/p>\n<p class=\"paragraph article-body-paragraph article__item   \">Sous sa houlette, l&rsquo;Allemagne a aussi amorc\u00e9 un changement de cap vis-\u00e0-vis d&rsquo;Isra\u00ebl, dont elle \u00e9tait jusqu&rsquo;ici l&rsquo;un des plus fid\u00e8les soutiens, en annon\u00e7ant vendredi suspendre les exportations d&rsquo;armes que ce pays pourrait utiliser \u00e0 Gaza. En revanche, sur l&rsquo;Ukraine, Friedrich Merz a finalement maintenu le cap de son pr\u00e9d\u00e9cesseur Olaf Scholz: Berlin rechigne toujours \u00e0 fournir \u00e0 Kiev des Taurus, des missiles de croisi\u00e8re d&rsquo;une port\u00e9e de plus de 500 kilom\u00e8tres.<\/p>\n<p>Couac<\/p>\n<p class=\"paragraph article-body-paragraph article__item   \">Une premi\u00e8re fissure est apparue au d\u00e9but de l&rsquo;\u00e9t\u00e9 entre alli\u00e9s conservateurs et sociaux-d\u00e9mocrates, incapables de s&rsquo;accorder sur une r\u00e9duction du prix de l&rsquo;\u00e9nergie pour les particuliers. Quelques jours plus tard, un d\u00e9saccord a \u00e9clat\u00e9 au grand jour \u00e0 propos de la nomination de trois juges \u00e0 la Cour constitutionnelle de Karlsruhe.\u00a0<\/p>\n<p><strong class=\"article-body-link-list__item text-gray-800 article-body-link-list__item--one-item\">LIRE AUSSI : <a class=\"article-body-link-list__item-link\" href=\"https:\/\/www.lexpress.fr\/monde\/europe\/allemagne-le-plan-de-friedrich-merz-pour-faire-de-son-armee-la-plus-puissante-deurope-ULR5VYCHMZDBTLVIOFJGUDK3XQ\/\" target=\"_blank\" rel=\"noreferrer nofollow noopener\">Allemagne : le plan de Friedrich Merz pour faire de son arm\u00e9e la plus puissante d\u2019Europe<\/a><\/strong><\/p>\n<p class=\"paragraph article-body-paragraph article__item   \">Un nombre non n\u00e9gligeable de d\u00e9put\u00e9s conservateurs ont rejet\u00e9 l&rsquo;une des candidates, soutenue par les sociaux-d\u00e9mocrates, pour ses positions qu&rsquo;ils jugent trop lib\u00e9rales sur l&rsquo;avortement ou le port du voile. Comme son \u00e9chec au premier tour de sa propre \u00e9lection d\u00e9but mai, ce couac a mis en lumi\u00e8re la ligne de cr\u00eate sur laquelle \u00e9volue Friedrich Merz.<\/p>\n<p class=\"paragraph article-body-paragraph article__item    article__text__endpicto\">Avec seulement douze si\u00e8ges de plus que la majorit\u00e9 requise au Bundestag, la coalition poss\u00e8de une faible marge de manoeuvre. Or, les sujets conflictuels, dont le budget 2026 et les r\u00e9formes de l&rsquo;allocation citoyenne et du <a href=\"https:\/\/www.lexpress.fr\/monde\/europe\/friedrich-merz-a-t-il-trompe-les-electeurs-la-fin-du-frein-a-la-dette-vue-par-les-medias-allemands-XOZ4DDLOBJBT3GJAKIKN6LR6UU\/\" target=\"_self\" rel=\"nofollow noopener\" title=\"https:\/\/www.lexpress.fr\/monde\/europe\/friedrich-merz-a-t-il-trompe-les-electeurs-la-fin-du-frein-a-la-dette-vue-par-les-medias-allemands-XOZ4DDLOBJBT3GJAKIKN6LR6UU\/\">frein \u00e0 l&rsquo;endettement<\/a>, l&rsquo;attendent \u00e0 la rentr\u00e9e.<\/p>\n","protected":false},"excerpt":{"rendered":"\u00ab\u00a0Germany is back\u00a0\u00bb, telle \u00e9tait la promesse de Friedrich Merz en devenant chancelier. Mais pr\u00e8s de cent jours&hellip;\n","protected":false},"author":2,"featured_media":309428,"comment_status":"","ping_status":"","sticky":false,"template":"","format":"standard","meta":{"footnotes":""},"categories":[1586],"tags":[11,1777,674,1011,27,74,12,25],"class_list":{"0":"post-309427","1":"post","2":"type-post","3":"status-publish","4":"format-standard","5":"has-post-thumbnail","7":"category-europe","8":"tag-actualites","9":"tag-eu","10":"tag-europe","11":"tag-fr","12":"tag-france","13":"tag-monde","14":"tag-news","15":"tag-republique-francaise"},"share_on_mastodon":{"url":"https:\/\/pubeurope.com\/@fr\/115004560147688728","error":""},"_links":{"self":[{"href":"https:\/\/www.europesays.com\/fr\/wp-json\/wp\/v2\/posts\/309427","targetHints":{"allow":["GET"]}}],"collection":[{"href":"https:\/\/www.europesays.com\/fr\/wp-json\/wp\/v2\/posts"}],"about":[{"href":"https:\/\/www.europesays.com\/fr\/wp-json\/wp\/v2\/types\/post"}],"author":[{"embeddable":true,"href":"https:\/\/www.europesays.com\/fr\/wp-json\/wp\/v2\/users\/2"}],"replies":[{"embeddable":true,"href":"https:\/\/www.europesays.com\/fr\/wp-json\/wp\/v2\/comments?post=309427"}],"version-history":[{"count":0,"href":"https:\/\/www.europesays.com\/fr\/wp-json\/wp\/v2\/posts\/309427\/revisions"}],"wp:featuredmedia":[{"embeddable":true,"href":"https:\/\/www.europesays.com\/fr\/wp-json\/wp\/v2\/media\/309428"}],"wp:attachment":[{"href":"https:\/\/www.europesays.com\/fr\/wp-json\/wp\/v2\/media?parent=309427"}],"wp:term":[{"taxonomy":"category","embeddable":true,"href":"https:\/\/www.europesays.com\/fr\/wp-json\/wp\/v2\/categories?post=309427"},{"taxonomy":"post_tag","embeddable":true,"href":"https:\/\/www.europesays.com\/fr\/wp-json\/wp\/v2\/tags?post=309427"}],"curies":[{"name":"wp","href":"https:\/\/api.w.org\/{rel}","templated":true}]}}