{"id":309434,"date":"2025-08-10T12:54:11","date_gmt":"2025-08-10T12:54:11","guid":{"rendered":"https:\/\/www.europesays.com\/fr\/309434\/"},"modified":"2025-08-10T12:54:11","modified_gmt":"2025-08-10T12:54:11","slug":"cyclisme-transfert-uno-x-mobility-recrute-encore-en-france-chez-arkea-bb-hotels","status":"publish","type":"post","link":"https:\/\/www.europesays.com\/fr\/309434\/","title":{"rendered":"Cyclisme. Transfert &#8211; Uno-X Mobility recrute encore en France&#8230; chez Ark\u00e9a\u2013B&#038;B Hotels"},"content":{"rendered":"<p>Apr\u00e8s\u00a0<strong><a href=\"https:\/\/www.cyclismactu.net\/..\/news-transfert-route-un-coureur-de-groupama-fdj-en-partance-vers-uno-x-mobility-89489.html\" target=\"_blank\" rel=\"nofollow noopener\">Sven Erik Bystr\u00f8m<\/a><\/strong>\u00a0de la <strong>Groupama-FDJ<\/strong>, c&rsquo;est au tour de\u00a0<strong>Martin Tj\u00f8tta<\/strong> d&rsquo;<strong>Ark\u00e9a\u2013B&amp;B Hotels <\/strong>!\u00a0<strong><a href=\"https:\/\/www.unoxteam.com\/news\/martin-tjtta-joins-uno-x-mobility-cycling\" target=\"_blank\" rel=\"nofollow noopener\">Uno-X Mobility<\/a><\/strong>\u00a0poursuit son mercato dans les \u00e9quipes fran\u00e7aises en annon\u00e7ant ce dimanche 10 ao\u00fbt la signature du jeune Norv\u00e9gien de 24 ans pour les trois prochaines saisons, soit jusqu&rsquo;en 2028. Pass\u00e9 professionnel cette ann\u00e9e avec la formation bretonne apr\u00e8s avoir \u00e9volu\u00e9 en France depuis 2022 (une ann\u00e9e dans la Conti et deux au sein du club fran\u00e7ais Bourg-en-Bresse Ain Cyclisme),\u00a0<strong>Tj\u00f8tta<\/strong>\u00a0va donc retrouver une structure scandinave d\u00e8s l&rsquo;an prochain apr\u00e8s avoir fait ses gammes en Juniors (B\u00e6rum OCK Junior) et en Espoirs (Ringerike SK) dans son pays. Plut\u00f4t typ\u00e9 grimpeur,\u00a0il a notamment particip\u00e9 au <strong>Tour d&rsquo;Italie<\/strong> et au <strong>Tour de Suisse<\/strong>\u00a0en 2025, et vient tout juste de signer son premier r\u00e9sultat probant samedi en terminant 6e de la 3e \u00e9tape de l\u2019<strong><a href=\"https:\/\/www.cyclismactu.net\/..\/news-arctic-race-of-norway-route-tom-pidcock-3e-etape-corbin-strong-solide-leader-89531.html\" target=\"_blank\" rel=\"nofollow noopener\">Arctic Race of Norway<\/a><\/strong>, au sommet de la mont\u00e9e de\u00a0Malselv o\u00f9 <strong>Tom Pidcock<\/strong> a triomph\u00e9.<\/p>\n<p>Vid\u00e9o &#8211; Martin Tj\u00f8tta brille actuellement sur l\u2019Arctic Race 2025 Lire la suite de l&rsquo;article&#13;<\/p>\n<p>\u00a0<\/p>\n<p>&#13;<br \/>\n\u00ab\u00a0Rejoindre une \u00e9quipe scandinave avec des amis avec qui j&rsquo;ai grandi en comp\u00e9tition&#8230;\u00a0\u00bb&#13;<\/p>\n<p>Le directeur g\u00e9n\u00e9ral <strong>Thor Hushovd<\/strong> estime que <strong>Tj\u00f8tta<\/strong> est pr\u00eat \u00e0 franchir une nouvelle \u00e9tape dans sa carri\u00e8re : \u00ab\u00a0Martin est un coureur qui m\u00e9rite qu&rsquo;on investisse en lui. Apr\u00e8s deux saisons chez Ark\u00e9a, je suis convaincu qu&rsquo;il peut devenir un grimpeur performant avec nous. Gr\u00e2ce \u00e0 l&rsquo;environnement de performance que nous construisons chez Uno-X, je suis convaincu que Martin peut faire de grands progr\u00e8s\u00a0\u00bb.<\/p>\n<p>&#13;<\/p>\n<p>Maintenant pr\u00eat \u00e0 revenir dans une \u00e9quipe scandinave, <strong>Tj\u00f8tta<\/strong> se r\u00e9jouit de cette d\u00e9cision : \u00ab\u00a0Je suis heureux de rejoindre Uno-X Mobility. J&rsquo;ai beaucoup de respect pour l&rsquo;\u00e9quipe performance de l&rsquo;\u00e9quipe, et je pense qu&rsquo;elle peut me faire passer au niveau sup\u00e9rieur. Rejoindre une \u00e9quipe scandinave avec des amis avec qui j&rsquo;ai grandi en comp\u00e9tition sera \u00e9galement formidable.\u00a0\u00bb<\/p>\n","protected":false},"excerpt":{"rendered":"Apr\u00e8s\u00a0Sven Erik Bystr\u00f8m\u00a0de la Groupama-FDJ, c&rsquo;est au tour de\u00a0Martin Tj\u00f8tta d&rsquo;Ark\u00e9a\u2013B&amp;B Hotels !\u00a0Uno-X Mobility\u00a0poursuit son mercato dans les&hellip;\n","protected":false},"author":2,"featured_media":309435,"comment_status":"","ping_status":"","sticky":false,"template":"","format":"standard","meta":{"footnotes":""},"categories":[4],"tags":[11,207,211,1011,27,12,25,209,210,969,212,208,213],"class_list":{"0":"post-309434","1":"post","2":"type-post","3":"status-publish","4":"format-standard","5":"has-post-thumbnail","7":"category-france","8":"tag-actualites","9":"tag-cyclisme","10":"tag-ffc","11":"tag-fr","12":"tag-france","13":"tag-news","14":"tag-republique-francaise","15":"tag-route","16":"tag-tour-de-france","17":"tag-transfert","18":"tag-uci","19":"tag-velo","20":"tag-world-tour"},"share_on_mastodon":{"url":"https:\/\/pubeurope.com\/@fr\/115004575760371803","error":""},"_links":{"self":[{"href":"https:\/\/www.europesays.com\/fr\/wp-json\/wp\/v2\/posts\/309434","targetHints":{"allow":["GET"]}}],"collection":[{"href":"https:\/\/www.europesays.com\/fr\/wp-json\/wp\/v2\/posts"}],"about":[{"href":"https:\/\/www.europesays.com\/fr\/wp-json\/wp\/v2\/types\/post"}],"author":[{"embeddable":true,"href":"https:\/\/www.europesays.com\/fr\/wp-json\/wp\/v2\/users\/2"}],"replies":[{"embeddable":true,"href":"https:\/\/www.europesays.com\/fr\/wp-json\/wp\/v2\/comments?post=309434"}],"version-history":[{"count":0,"href":"https:\/\/www.europesays.com\/fr\/wp-json\/wp\/v2\/posts\/309434\/revisions"}],"wp:featuredmedia":[{"embeddable":true,"href":"https:\/\/www.europesays.com\/fr\/wp-json\/wp\/v2\/media\/309435"}],"wp:attachment":[{"href":"https:\/\/www.europesays.com\/fr\/wp-json\/wp\/v2\/media?parent=309434"}],"wp:term":[{"taxonomy":"category","embeddable":true,"href":"https:\/\/www.europesays.com\/fr\/wp-json\/wp\/v2\/categories?post=309434"},{"taxonomy":"post_tag","embeddable":true,"href":"https:\/\/www.europesays.com\/fr\/wp-json\/wp\/v2\/tags?post=309434"}],"curies":[{"name":"wp","href":"https:\/\/api.w.org\/{rel}","templated":true}]}}