{"id":309436,"date":"2025-08-10T12:56:09","date_gmt":"2025-08-10T12:56:09","guid":{"rendered":"https:\/\/www.europesays.com\/fr\/309436\/"},"modified":"2025-08-10T12:56:09","modified_gmt":"2025-08-10T12:56:09","slug":"championnat-dafrique-de-volleyball-u20-dames-le-senegal-en-demi-finale-ce-dimanche-face-au-cameroun","status":"publish","type":"post","link":"https:\/\/www.europesays.com\/fr\/309436\/","title":{"rendered":"Championnat d\u2019Afrique de Volleyball U20 Dames : Le S\u00e9n\u00e9gal en demi-finale ce dimanche face au Cameroun !"},"content":{"rendered":"<p class=\"p1\">L\u2019\u00e9quipe nationale U20 Dames s\u2019est qualifi\u00e9e pour les demi-finales du Championnat d\u2019Afrique de la cat\u00e9gorie o\u00f9 elle affrontera le Cameroun.<\/p>\n<p class=\"p1\">Le dernier carr\u00e9 du Championnat d\u2019Afrique de Volleyball U20 Dames est connu. Dans cette comp\u00e9tition o\u00f9 il n\u2019y avait qu\u2019une poule unique de six \u00e9quipes, le S\u00e9n\u00e9gal a r\u00e9ussi \u00e0 figurer dans les quatre meilleurs au classement (4e avec 6 points) pour se hisser en demi-finale.<\/p>\n<p class=\"p1\">Les co\u00e9quipi\u00e8res de Dieynaba Thiam auront ainsi sur le chemin de la finale, le pays h\u00f4te le Cameroun qui a termin\u00e9 leader du groupe avec 12 points. Cette rencontre aura lieu ce dimanche \u00e0 18h apr\u00e8s l\u2019autre demi-finale qui opposera le Kenya \u00e0 l\u2019\u00c9gypte tenante du titre.<\/p>\n<p class=\"p1\">Wiwsport.com<\/p>\n","protected":false},"excerpt":{"rendered":"L\u2019\u00e9quipe nationale U20 Dames s\u2019est qualifi\u00e9e pour les demi-finales du Championnat d\u2019Afrique de la cat\u00e9gorie o\u00f9 elle affrontera&hellip;\n","protected":false},"author":2,"featured_media":309437,"comment_status":"","ping_status":"","sticky":false,"template":"","format":"standard","meta":{"footnotes":""},"categories":[1417],"tags":[1011,27,60,1470,1469],"class_list":{"0":"post-309436","1":"post","2":"type-post","3":"status-publish","4":"format-standard","5":"has-post-thumbnail","7":"category-volley","8":"tag-fr","9":"tag-france","10":"tag-sports","11":"tag-volley","12":"tag-volleyball"},"share_on_mastodon":{"url":"https:\/\/pubeurope.com\/@fr\/115004583734645782","error":""},"_links":{"self":[{"href":"https:\/\/www.europesays.com\/fr\/wp-json\/wp\/v2\/posts\/309436","targetHints":{"allow":["GET"]}}],"collection":[{"href":"https:\/\/www.europesays.com\/fr\/wp-json\/wp\/v2\/posts"}],"about":[{"href":"https:\/\/www.europesays.com\/fr\/wp-json\/wp\/v2\/types\/post"}],"author":[{"embeddable":true,"href":"https:\/\/www.europesays.com\/fr\/wp-json\/wp\/v2\/users\/2"}],"replies":[{"embeddable":true,"href":"https:\/\/www.europesays.com\/fr\/wp-json\/wp\/v2\/comments?post=309436"}],"version-history":[{"count":0,"href":"https:\/\/www.europesays.com\/fr\/wp-json\/wp\/v2\/posts\/309436\/revisions"}],"wp:featuredmedia":[{"embeddable":true,"href":"https:\/\/www.europesays.com\/fr\/wp-json\/wp\/v2\/media\/309437"}],"wp:attachment":[{"href":"https:\/\/www.europesays.com\/fr\/wp-json\/wp\/v2\/media?parent=309436"}],"wp:term":[{"taxonomy":"category","embeddable":true,"href":"https:\/\/www.europesays.com\/fr\/wp-json\/wp\/v2\/categories?post=309436"},{"taxonomy":"post_tag","embeddable":true,"href":"https:\/\/www.europesays.com\/fr\/wp-json\/wp\/v2\/tags?post=309436"}],"curies":[{"name":"wp","href":"https:\/\/api.w.org\/{rel}","templated":true}]}}