{"id":309453,"date":"2025-08-10T13:06:11","date_gmt":"2025-08-10T13:06:11","guid":{"rendered":"https:\/\/www.europesays.com\/fr\/309453\/"},"modified":"2025-08-10T13:06:11","modified_gmt":"2025-08-10T13:06:11","slug":"pres-de-vendome-ils-ecrivent-un-livre-sur-lhistoire-du-village-de-lignieres","status":"publish","type":"post","link":"https:\/\/www.europesays.com\/fr\/309453\/","title":{"rendered":"Pr\u00e8s de Vend\u00f4me, ils \u00e9crivent un livre sur l\u2019histoire du village de Ligni\u00e8res"},"content":{"rendered":"<p>C\u2019est parfois dans les petits villages que l\u2019on trouve l\u2019histoire la plus riche. Jean-Pierre Mahaudeau, <a target=\"_blank\" href=\"https:\/\/www.lanouvellerepublique.fr\/loir-et-cher\/commune\/lignieres\/parole-d-ancien-maire-jean-pierre-mahaudeau-ancien-maire-de-lignieres\" rel=\"noopener\">ancien maire de Ligni\u00e8res<\/a>, avait d\u00e9j\u00e0 bien en t\u00eate cette id\u00e9e quand il s\u2019est lanc\u00e9, il y a trois ans, dans l\u2019\u00e9criture d\u2019un livre retra\u00e7ant l\u2019histoire du village, du n\u00e9olithique \u00e0 la fin du 19e\u00a0si\u00e8cle. Un ouvrage, intitul\u00e9 Ligni\u00e8res, de la nostalgie \u00e0 la transmission, qui rev\u00eat une dimension sentimentale ind\u00e9niable pour son auteur. \u00ab \u00c7a fait trente ans que je parle de faire un livre sur l\u2019histoire de Ligni\u00e8res, confie celui qui est n\u00e9 dans la commune qui compte aujourd\u2019hui 400 habitants. C\u2019&#8230; <\/p>\n<p>    Cet article a \u00e9t\u00e9 tronqu\u00e9. Abonnez-vous pour lire l&rsquo;article complet sur notre site.<\/p>\n<p style=\"margin: 0 !important; padding: 0 !important; font-size: 12px !important;\">Cet article a \u00e9t\u00e9 tronqu\u00e9. Abonnez-vous pour lire l&rsquo;article complet.<\/p>\n<p>    <a href=\"https:\/\/www.lanouvellerepublique.fr\/abonnements\" style=\"display: inline-block; margin-top: 5px !important; padding: 6px 12px !important; background: #cb1c27; color: white; text-decoration: none; border-radius: 4px; font-size: 12px !important;\" target=\"_blank\" rel=\"noopener\"><br \/>\n      S&rsquo;abonner<br \/>\n    <\/a><\/p>\n","protected":false},"excerpt":{"rendered":"C\u2019est parfois dans les petits villages que l\u2019on trouve l\u2019histoire la plus riche. Jean-Pierre Mahaudeau, ancien maire de&hellip;\n","protected":false},"author":2,"featured_media":309454,"comment_status":"","ping_status":"","sticky":false,"template":"","format":"standard","meta":{"footnotes":""},"categories":[1357],"tags":[1392,1379,58,59,1011,27,44920,1380,4368,1393,2551,11829,4369],"class_list":{"0":"post-309453","1":"post","2":"type-post","3":"status-publish","4":"format-standard","5":"has-post-thumbnail","7":"category-livres","8":"tag-a-la-une-local","9":"tag-books","10":"tag-divertissement","11":"tag-entertainment","12":"tag-fr","13":"tag-france","14":"tag-lignieres","15":"tag-livres","16":"tag-loir-et-cher","17":"tag-loisirs","18":"tag-patrimoine","19":"tag-territoires-vendomois","20":"tag-vendome"},"share_on_mastodon":{"url":"https:\/\/pubeurope.com\/@fr\/115004623025242808","error":""},"_links":{"self":[{"href":"https:\/\/www.europesays.com\/fr\/wp-json\/wp\/v2\/posts\/309453","targetHints":{"allow":["GET"]}}],"collection":[{"href":"https:\/\/www.europesays.com\/fr\/wp-json\/wp\/v2\/posts"}],"about":[{"href":"https:\/\/www.europesays.com\/fr\/wp-json\/wp\/v2\/types\/post"}],"author":[{"embeddable":true,"href":"https:\/\/www.europesays.com\/fr\/wp-json\/wp\/v2\/users\/2"}],"replies":[{"embeddable":true,"href":"https:\/\/www.europesays.com\/fr\/wp-json\/wp\/v2\/comments?post=309453"}],"version-history":[{"count":0,"href":"https:\/\/www.europesays.com\/fr\/wp-json\/wp\/v2\/posts\/309453\/revisions"}],"wp:featuredmedia":[{"embeddable":true,"href":"https:\/\/www.europesays.com\/fr\/wp-json\/wp\/v2\/media\/309454"}],"wp:attachment":[{"href":"https:\/\/www.europesays.com\/fr\/wp-json\/wp\/v2\/media?parent=309453"}],"wp:term":[{"taxonomy":"category","embeddable":true,"href":"https:\/\/www.europesays.com\/fr\/wp-json\/wp\/v2\/categories?post=309453"},{"taxonomy":"post_tag","embeddable":true,"href":"https:\/\/www.europesays.com\/fr\/wp-json\/wp\/v2\/tags?post=309453"}],"curies":[{"name":"wp","href":"https:\/\/api.w.org\/{rel}","templated":true}]}}