{"id":309455,"date":"2025-08-10T13:07:12","date_gmt":"2025-08-10T13:07:12","guid":{"rendered":"https:\/\/www.europesays.com\/fr\/309455\/"},"modified":"2025-08-10T13:07:12","modified_gmt":"2025-08-10T13:07:12","slug":"karine-le-marchand-un-humoriste-completement-nu-a-son-domicile-vacances-pimentees-pour-lanimatrice-de-lamour-est-dans-le-pre","status":"publish","type":"post","link":"https:\/\/www.europesays.com\/fr\/309455\/","title":{"rendered":"Karine Le Marchand : un humoriste compl\u00e8tement nu \u00e0 son domicile, vacances piment\u00e9es pour l\u2019animatrice de \u00ab\u00a0L\u2019amour est dans le pr\u00e9\u00a0\u00bb"},"content":{"rendered":"<p>En pleine <strong>pause estivale dans sa demeure dans le sud de la France<\/strong>, Karine Le Marchand semble bien d\u00e9cid\u00e9e \u00e0 faire le plein de soleil et de rires. L\u2019animatrice de <strong>L\u2019amour est dans le pr\u00e9<\/strong> a partag\u00e9 une s\u00e9rie de <strong>stories totalement d\u00e9jant\u00e9es<\/strong>.<\/p>\n<p>Accompagn\u00e9e de ses amis, ses <strong>vacances s&rsquo;annoncent hautes en couleur<\/strong>, et le moins que l\u2019on puisse dire, c\u2019est que la <strong>bonne humeur est au rendez-vous<\/strong> !<\/p>\n<p>Karine Le Marchand partage une partie de ses vacances d\u00e9jant\u00e9es<\/p>\n<p>Dans une premi\u00e8re vid\u00e9o, on retrouve <strong><a href=\"https:\/\/www.public.fr\/karine-le-marchand-sa-fille-alya-en-garde-a-vue-laurent-petitguillaume-fait-des-revelations\" target=\"_blank\" rel=\"noopener\">Laurent Petitguillaume<\/a><\/strong>, concentr\u00e9 dans une chambre. Quand Karine Le Marchand lui demande ce qu\u2019il fait, il r\u00e9pond avec s\u00e9rieux qu\u2019il est en pleine<strong> r\u00e9p\u00e9tition d&rsquo;une chor\u00e9graphie<\/strong>. Mais ce n\u2019est que la premi\u00e8re partie avant l\u2019arriv\u00e9e de la v\u00e9ritable sc\u00e8ne culte\u2026<\/p>\n<p>Car quelques pas plus loin, dans le couloir, <a href=\"https:\/\/www.public.fr\/alya-la-fille-de-karine-le-marchand-a-decroche-un-job-en-or\" target=\"_blank\" rel=\"noopener\">Karine Le Marchand <\/a><strong>croise l&rsquo;humoriste Jean Fi<\/strong>. Et l\u00e0, surprise : l\u2019artiste est <strong>compl\u00e8tement nu<\/strong>. L\u2019animatrice de L&rsquo;amour est dans le pr\u00e9 ne manque pas de <strong>filmer la sc\u00e8ne<\/strong>, captant ses fesses au passage avant qu\u2019il ne se retourne en se prot\u00e9geant ses parties intimes. Il chante \u00ab <strong>C\u2019est les vacances chez Le Marchand<\/strong> \u00bb sur un rythme entra\u00eenant, avant d&rsquo;expliquer qu\u2019il va vite se changer.<\/p>\n<p>Karine Le Marchand explique la suite du programme avec ses sous-entendus habituels : \u00ab Je vous emm\u00e8ne tirer. Alors, quand je vous dis, on va tirer, <strong>on va tirer avec des arme<\/strong>s, on ne va pas se faire tirer \u00bb. Les yeux \u00e9carquill\u00e9s, Jean Fi s\u2019inqui\u00e8te : \u00ab On va tirer sur qui ? (\u2026) \u00e0 balles r\u00e9elles ? \u00bb, avant de conclure avec humour : \u00ab J\u2019esp\u00e8re qu\u2019il n\u2019y aura pas de balles perdues \u00bb.<\/p>\n<p><img loading=\"lazy\" decoding=\"async\" width=\"491\" height=\"877\" src=\"data:image\/svg+xml,%3Csvg%20xmlns=\" http:=\"\" alt=\"Karine Le Marchand : un humoriste compl\u00e8tement nu \u00e0 son domicile, vacances piment\u00e9es pour l\u2019animatrice de &quot;L\u2019amour est dans le pr\u00e9&quot;\" data-lazy- data-lazy- data-lazy-src=\"https:\/\/www.europesays.com\/fr\/wp-content\/uploads\/2025\/08\/jean-fi-story-instagramkarine.le_.marchand.jpg\"\/><\/p>\n<p>story instagram@karine.le.marchand<\/p>\n<p>Karine Le Marchand profite du sud de la France avant le retour<\/p>\n<p>Dans une autre story, l\u2019humoriste donne rendez-vous le <strong>jeudi 14 ao\u00fbt<\/strong> \u00e0 21 h au Comedy Clud de <strong>Marseille<\/strong>, Le Vig\u2019s, pour un spectacle et surtout pour <strong>c\u00e9l\u00e9brer l\u2019anniversaire de Karine Le Marchand<\/strong>, qui soufflera ses bougies le lendemain. La joyeuse troupe s\u2019est ensuite retrouv\u00e9e au <strong>Shooting Club de Provence<\/strong> pour une session de tir pas comme les autres. Munis de <strong>balles bios<\/strong>, sans m\u00e9taux lourds ni mercure : \u00ab \u00c7a pr\u00e9serve la sant\u00e9 du tireur et l\u2019environnement \u00bb. Les stories suivantes montrent ensuite l\u2019animatrice <strong>en pleine action<\/strong>, concentr\u00e9e <strong>derri\u00e8re son arme<\/strong>.<\/p>\n<p>L\u2019ambiance continue dans une ambiance bon enfant avec <strong>danses dans la piscine, chats, cahier de vacances<\/strong>. Une pause bien m\u00e9rit\u00e9e avant la reprise de <a href=\"https:\/\/www.public.fr\/karine-le-marchand-sous-le-charme-dun-agriculteur-de-lamour-est-dans-le-pre\" target=\"_blank\" rel=\"noopener\">L&rsquo;amour est dans le pr\u00e9 <\/a>le<strong> lundi 25 ao\u00fbt 2025 chaque lundi \u00e0 21h10 sur M6<\/strong>.<\/p>\n<p><img loading=\"lazy\" decoding=\"async\" width=\"486\" height=\"871\" src=\"data:image\/svg+xml,%3Csvg%20xmlns=\" http:=\"\" alt=\"Karine Le Marchand : un humoriste compl\u00e8tement nu \u00e0 son domicile, vacances piment\u00e9es pour l\u2019animatrice de &quot;L\u2019amour est dans le pr\u00e9&quot;\" data-lazy- data-lazy- data-lazy-src=\"https:\/\/www.europesays.com\/fr\/wp-content\/uploads\/2025\/08\/story-instagralkarine.le_.marchand.jpg\"\/><\/p>\n<p>story instagram@karine.le.marchand<\/p>\n<p>      Mentionn\u00e9s dans cet article<\/p>\n<p>      Sur le m\u00eame sujet<\/p>\n","protected":false},"excerpt":{"rendered":"En pleine pause estivale dans sa demeure dans le sud de la France, Karine Le Marchand semble bien&hellip;\n","protected":false},"author":2,"featured_media":309456,"comment_status":"","ping_status":"","sticky":false,"template":"","format":"standard","meta":{"footnotes":""},"categories":[1356],"tags":[58,59,1011,27,5413,9307,252,1364],"class_list":{"0":"post-309455","1":"post","2":"type-post","3":"status-publish","4":"format-standard","5":"has-post-thumbnail","7":"category-television","8":"tag-divertissement","9":"tag-entertainment","10":"tag-fr","11":"tag-france","12":"tag-karine-le-marchand","13":"tag-lamour-est-dans-le-pre","14":"tag-television","15":"tag-tv"},"share_on_mastodon":{"url":"https:\/\/pubeurope.com\/@fr\/115004627022215509","error":""},"_links":{"self":[{"href":"https:\/\/www.europesays.com\/fr\/wp-json\/wp\/v2\/posts\/309455","targetHints":{"allow":["GET"]}}],"collection":[{"href":"https:\/\/www.europesays.com\/fr\/wp-json\/wp\/v2\/posts"}],"about":[{"href":"https:\/\/www.europesays.com\/fr\/wp-json\/wp\/v2\/types\/post"}],"author":[{"embeddable":true,"href":"https:\/\/www.europesays.com\/fr\/wp-json\/wp\/v2\/users\/2"}],"replies":[{"embeddable":true,"href":"https:\/\/www.europesays.com\/fr\/wp-json\/wp\/v2\/comments?post=309455"}],"version-history":[{"count":0,"href":"https:\/\/www.europesays.com\/fr\/wp-json\/wp\/v2\/posts\/309455\/revisions"}],"wp:featuredmedia":[{"embeddable":true,"href":"https:\/\/www.europesays.com\/fr\/wp-json\/wp\/v2\/media\/309456"}],"wp:attachment":[{"href":"https:\/\/www.europesays.com\/fr\/wp-json\/wp\/v2\/media?parent=309455"}],"wp:term":[{"taxonomy":"category","embeddable":true,"href":"https:\/\/www.europesays.com\/fr\/wp-json\/wp\/v2\/categories?post=309455"},{"taxonomy":"post_tag","embeddable":true,"href":"https:\/\/www.europesays.com\/fr\/wp-json\/wp\/v2\/tags?post=309455"}],"curies":[{"name":"wp","href":"https:\/\/api.w.org\/{rel}","templated":true}]}}