{"id":309457,"date":"2025-08-10T13:08:09","date_gmt":"2025-08-10T13:08:09","guid":{"rendered":"https:\/\/www.europesays.com\/fr\/309457\/"},"modified":"2025-08-10T13:08:09","modified_gmt":"2025-08-10T13:08:09","slug":"la-main-qui-sapproche-du-genou","status":"publish","type":"post","link":"https:\/\/www.europesays.com\/fr\/309457\/","title":{"rendered":"La main qui s&rsquo;approche du genou&#8230;"},"content":{"rendered":"<p>\n                Elodie Fr\u00e9g\u00e9 a v\u00e9cu une rencontre traumatisante avec un homme au comportement d\u00e9plac\u00e9, dans une voiture. La chanteuse de 43\u00a0ans a racont\u00e9, dans le podcast de Laurent Baffie, comment elle avait r\u00e9ussi \u00e0 se sortir de cette situation choquante\u2026            <\/p>\n<p>Elodie Fr\u00e9g\u00e9 a imm\u00e9diatement gagn\u00e9 en notori\u00e9t\u00e9 en 2003, apr\u00e8s avoir remport\u00e9 la troisi\u00e8me saison de la Star Academy.\u00a0Mais \u00e0 ses d\u00e9buts, cette native de la Ni\u00e8vre a \u00e9t\u00e9 confront\u00e9e \u00e0 des situations d\u00e9licates. Invit\u00e9e au micro du podcast de <a href=\"https:\/\/www.journaldesfemmes.fr\/people\/personnalites\/3172498-laurent-baffie-age-vie-privee-chirurgie-que-devient-il\/\" title=\"Laurent Baffie\" rel=\"nofollow noopener\" target=\"_blank\">Laurent Baffie<\/a>, Coloscopie, la chanteuse de 43 ans s&rsquo;est souvenue d&rsquo;une rencontre qui l&rsquo;avait particuli\u00e8rement choqu\u00e9e\u2026<\/p>\n<p>Elodie Fr\u00e9g\u00e9, \u00ab\u00a0d\u00e9go\u00fbt\u00e9e\u00a0\u00bb par un producteur :\u00a0\u00ab\u00a0La main qui s&rsquo;approche du genou\u2026\u00a0\u00bb<\/p>\n<p>Avant de participer \u00e0 la Star Academy, Elodie Fr\u00e9g\u00e9 a essay\u00e9 de d\u00e9crocher d&rsquo;autres opportunit\u00e9s pour se faire conna\u00eetre dans le monde de la musique.\u00a0\u00ab\u00a0J&rsquo;avais un rendez-vous avec un pseudo producteur.\u00a0J&rsquo;allais sur un site qui s&rsquo;appelait Casting.fr parce que je voulais absolument essayer de faire partie d&rsquo;un groupe. Je voulais faire \u00e7a\u00a0\u00bb, a-t-elle d&rsquo;abord expliqu\u00e9 \u00e0 Laurent Baffie.<\/p>\n<p>Mais le rendez-vous a rapidement pris une tournure inqui\u00e9tante.\u00a0\u00ab\u00a0Le mec \u00e9tait dans une voiture, un peu de bourge, et moi j&rsquo;\u00e9tais une plouquette.\u00a0A un moment donn\u00e9, il me dit,\u00a0avec la main qui s&rsquo;approche un peu du genou\u00a0: &lsquo;Tu sais, pour faire partie de ce m\u00e9tier, il va falloir faire des concessions'\u00a0\u00bb, s&rsquo;est-elle rem\u00e9mor\u00e9e.<\/p>\n<p>Outr\u00e9e, Elodie Fr\u00e9g\u00e9 a rapidement compris ces sous-entendus d\u00e9plac\u00e9s et a donc profit\u00e9 d&rsquo;une occasion pour s&rsquo;\u00e9clipser : \u00ab\u00a0Je suis sortie de la voiture au feu rouge et je n&rsquo;ai plus jamais revu le mec, je ne me souviendrais m\u00eame pas de son nom.\u00a0Et je me suis dit : &lsquo;Wow&rsquo;. \u00a0\u00c7a m&rsquo;a un peu d\u00e9gout\u00e9e\u00a0\u00bb.<\/p>\n<p>Elodie Fr\u00e9g\u00e9, \u00ab\u00a0choqu\u00e9e\u00a0\u00bb \u00e0 la Star Academy : \u00ab\u00a0Je ne sais pas pourquoi j&rsquo;ai accept\u00e9\u00a0\u00bb<\/p>\n<p>Apr\u00e8s sa victoire \u00e0 la Star Academy, l&rsquo;interpr\u00e8te du titre\u00a0La Ceinture\u00a0a \u00e9galement \u00e9t\u00e9 confront\u00e9e au sexisme, encore plus pr\u00e9gnant \u00e0 ses d\u00e9buts :\u00a0\u00ab\u00a0L&rsquo;\u00e9poque \u00e0 laquelle j&rsquo;ai commenc\u00e9 \u00e0 faire de la musique et de la com\u00e9die \u00e9tait une \u00e9poque pendant laquelle tout le monde se permettait tout, en tout cas le patriarcat et la toute puissance masculine\u00a0\u00bb.<\/p>\n<p>M\u00eame durant son aventure au ch\u00e2teau de Dammarie-Les-Lys, Elodie Fr\u00e9g\u00e9 a subi des situations humiliantes voire misogynes. Dans le livre Tout pour la musique, de Chlo\u00e9 Tibaud, la chanteuse s&rsquo;est par exemple souvenue d&rsquo;une \u00ab\u00a0exp\u00e9rience\u00a0\u00bb qui l&rsquo;a\u00a0\u00ab\u00a0vraiment choqu\u00e9e\u00a0\u00bb durant un prime de l&rsquo;\u00e9mission : \u00ab\u00a0Je ne sais pas pourquoi j&rsquo;ai accept\u00e9. Je devais chanter &lsquo;Sans contrefa\u00e7on&rsquo; de <a href=\"https:\/\/www.journaldesfemmes.fr\/people\/personnalites\/2741989-mylene-farmer-age-homme-mari-amour-couple-vie\/\" title=\"Myl\u00e8ne Gautier\" rel=\"nofollow noopener\" target=\"_blank\">Myl\u00e8ne Farmer<\/a> et, \u00e0 ton avis, pendant que je disais : &lsquo;Je suis un gar\u00e7on&rsquo;,\u00a0qu&rsquo;est-ce qu&rsquo;ils avaient imagin\u00e9 pour ce projet\u00a0? Je dois porter des sous-v\u00eatements affriolants, un corset pigeonnant des collants, des jarretelles et des hauts talons\u00a0\u00bb.<\/p>\n","protected":false},"excerpt":{"rendered":"Elodie Fr\u00e9g\u00e9 a v\u00e9cu une rencontre traumatisante avec un homme au comportement d\u00e9plac\u00e9, dans une voiture. La chanteuse&hellip;\n","protected":false},"author":2,"featured_media":309458,"comment_status":"","ping_status":"","sticky":false,"template":"","format":"standard","meta":{"footnotes":""},"categories":[1355],"tags":[58,59,1011,27,1361,873],"class_list":{"0":"post-309457","1":"post","2":"type-post","3":"status-publish","4":"format-standard","5":"has-post-thumbnail","7":"category-musique","8":"tag-divertissement","9":"tag-entertainment","10":"tag-fr","11":"tag-france","12":"tag-music","13":"tag-musique"},"share_on_mastodon":{"url":"https:\/\/pubeurope.com\/@fr\/115004630865730149","error":""},"_links":{"self":[{"href":"https:\/\/www.europesays.com\/fr\/wp-json\/wp\/v2\/posts\/309457","targetHints":{"allow":["GET"]}}],"collection":[{"href":"https:\/\/www.europesays.com\/fr\/wp-json\/wp\/v2\/posts"}],"about":[{"href":"https:\/\/www.europesays.com\/fr\/wp-json\/wp\/v2\/types\/post"}],"author":[{"embeddable":true,"href":"https:\/\/www.europesays.com\/fr\/wp-json\/wp\/v2\/users\/2"}],"replies":[{"embeddable":true,"href":"https:\/\/www.europesays.com\/fr\/wp-json\/wp\/v2\/comments?post=309457"}],"version-history":[{"count":0,"href":"https:\/\/www.europesays.com\/fr\/wp-json\/wp\/v2\/posts\/309457\/revisions"}],"wp:featuredmedia":[{"embeddable":true,"href":"https:\/\/www.europesays.com\/fr\/wp-json\/wp\/v2\/media\/309458"}],"wp:attachment":[{"href":"https:\/\/www.europesays.com\/fr\/wp-json\/wp\/v2\/media?parent=309457"}],"wp:term":[{"taxonomy":"category","embeddable":true,"href":"https:\/\/www.europesays.com\/fr\/wp-json\/wp\/v2\/categories?post=309457"},{"taxonomy":"post_tag","embeddable":true,"href":"https:\/\/www.europesays.com\/fr\/wp-json\/wp\/v2\/tags?post=309457"}],"curies":[{"name":"wp","href":"https:\/\/api.w.org\/{rel}","templated":true}]}}