{"id":309471,"date":"2025-08-10T13:15:11","date_gmt":"2025-08-10T13:15:11","guid":{"rendered":"https:\/\/www.europesays.com\/fr\/309471\/"},"modified":"2025-08-10T13:15:11","modified_gmt":"2025-08-10T13:15:11","slug":"benyamin-netanyahou-va-tenir-deux-conferences-de-presse-dimanche","status":"publish","type":"post","link":"https:\/\/www.europesays.com\/fr\/309471\/","title":{"rendered":"Benyamin N\u00e9tanyahou va tenir deux conf\u00e9rences de presse dimanche"},"content":{"rendered":"<p>   La d\u00e9fense civile fait \u00e9tat d\u2019au moins 18\u00a0personnes tu\u00e9es samedi par des tirs et bombardements isra\u00e9liens             <\/p>\n<p class=\"post__live-container--answer-text post__space-node\">Le porte-parole de la d\u00e9fense civile de la bande de Gaza, Mahmoud Bassal, a fait \u00e9tat d\u2019au moins 18\u00a0personnes tu\u00e9es samedi dans des bombardements ou des tirs isra\u00e9liens, dont des civils qui attendaient des distributions d\u2019aide alimentaire.<\/p>\n<p class=\"post__live-container--answer-text post__space-node\">Au moins six corps, dont celui d\u2019un enfant, ont \u00e9t\u00e9 transf\u00e9r\u00e9s \u00e0 l\u2019h\u00f4pital Al-Awda dans le camp de r\u00e9fugi\u00e9s de Nousseirat (Centre) ainsi que 30\u00a0bless\u00e9s, a d\u00e9clar\u00e9 \u00e0 l\u2019Agence France-Presse M.\u00a0Bassal. Les victimes ont \u00e9t\u00e9 vis\u00e9es par des tirs isra\u00e9liens lors de rassemblements de civils pr\u00e8s du point de distribution d\u2019aide de la Gaza Humanitarian Foundation<strong>\u00a0<\/strong>dans le centre de la bande de Gaza, a rapport\u00e9 le porte-parole, faisant \u00e9tat d\u2019autres victimes dans des frappes isra\u00e9liennes sur d\u2019autres secteurs dans le centre du territoire.<\/p>\n<p class=\"post__live-container--answer-text post__space-node\">Deux autres personnes, dont une femme, ont \u00e9t\u00e9 abattues par les forces isra\u00e9liennes pr\u00e8s d\u2019un autre centre d\u2019aide au nord-ouest de Rafah (Sud), toujours selon la m\u00eame source. Egalement dans le sud, une frappe de drone pr\u00e8s de Khan Youn\u00e8s a entra\u00een\u00e9 la mort de trois personnes et de plusieurs bless\u00e9s, a ajout\u00e9 M.\u00a0Bassal. Une femme a, par ailleurs, \u00e9t\u00e9 tu\u00e9e \u00e7 la suite d\u2019une frappe a\u00e9rienne \u00ab\u00a0qui a cibl\u00e9 un appartement en face de l\u2019h\u00f4pital Al-Khair\u00a0\u00bb \u00e0 Khan Youn\u00e8s, selon le porte-parole de la d\u00e9fense civile.<\/p>\n<p class=\"post__live-container--answer-text post__space-node\">Un jeune homme a \u00e9galement \u00e9t\u00e9 tu\u00e9 par un missile tir\u00e9 par un drone isra\u00e9lien, qui a vis\u00e9 un groupe de civils pr\u00e8s de l\u2019\u00e9cole Abu Helou, qui abrite des personnes d\u00e9plac\u00e9es dans le camp de r\u00e9fugi\u00e9s d\u2019Al-Boureij\u00a0(Centre), selon M.\u00a0Bassal. L\u2019arm\u00e9e isra\u00e9lienne n\u2019a pas comment\u00e9 ces informations.<\/p>\n","protected":false},"excerpt":{"rendered":"La d\u00e9fense civile fait \u00e9tat d\u2019au moins 18\u00a0personnes tu\u00e9es samedi par des tirs et bombardements isra\u00e9liens Le porte-parole&hellip;\n","protected":false},"author":2,"featured_media":309472,"comment_status":"","ping_status":"","sticky":false,"template":"","format":"standard","meta":{"footnotes":""},"categories":[5],"tags":[11,1011,27,14,12,28],"class_list":{"0":"post-309471","1":"post","2":"type-post","3":"status-publish","4":"format-standard","5":"has-post-thumbnail","7":"category-international","8":"tag-actualites","9":"tag-fr","10":"tag-france","11":"tag-international","12":"tag-news","13":"tag-world"},"share_on_mastodon":{"url":"https:\/\/pubeurope.com\/@fr\/115004658382866106","error":""},"_links":{"self":[{"href":"https:\/\/www.europesays.com\/fr\/wp-json\/wp\/v2\/posts\/309471","targetHints":{"allow":["GET"]}}],"collection":[{"href":"https:\/\/www.europesays.com\/fr\/wp-json\/wp\/v2\/posts"}],"about":[{"href":"https:\/\/www.europesays.com\/fr\/wp-json\/wp\/v2\/types\/post"}],"author":[{"embeddable":true,"href":"https:\/\/www.europesays.com\/fr\/wp-json\/wp\/v2\/users\/2"}],"replies":[{"embeddable":true,"href":"https:\/\/www.europesays.com\/fr\/wp-json\/wp\/v2\/comments?post=309471"}],"version-history":[{"count":0,"href":"https:\/\/www.europesays.com\/fr\/wp-json\/wp\/v2\/posts\/309471\/revisions"}],"wp:featuredmedia":[{"embeddable":true,"href":"https:\/\/www.europesays.com\/fr\/wp-json\/wp\/v2\/media\/309472"}],"wp:attachment":[{"href":"https:\/\/www.europesays.com\/fr\/wp-json\/wp\/v2\/media?parent=309471"}],"wp:term":[{"taxonomy":"category","embeddable":true,"href":"https:\/\/www.europesays.com\/fr\/wp-json\/wp\/v2\/categories?post=309471"},{"taxonomy":"post_tag","embeddable":true,"href":"https:\/\/www.europesays.com\/fr\/wp-json\/wp\/v2\/tags?post=309471"}],"curies":[{"name":"wp","href":"https:\/\/api.w.org\/{rel}","templated":true}]}}