{"id":309476,"date":"2025-08-10T13:18:28","date_gmt":"2025-08-10T13:18:28","guid":{"rendered":"https:\/\/www.europesays.com\/fr\/309476\/"},"modified":"2025-08-10T13:18:28","modified_gmt":"2025-08-10T13:18:28","slug":"saint-just-saint-rambert-on-aura-tout-vu-a-redecouvrir-au-family","status":"publish","type":"post","link":"https:\/\/www.europesays.com\/fr\/309476\/","title":{"rendered":"Saint-Just-Saint-Rambert. On aura tout vu\u00a0! \u00e0\u00a0red\u00e9couvrir au Family"},"content":{"rendered":"<p>Lundi 11\u00a0ao\u00fbt, le cin\u00e9ma Family diffusera le film On aura tout vu\u00a0!.<\/p>\n<p>Deux s\u00e9ances sont pr\u00e9vues, une \u00e0 16 heures et une \u00e0 20 h 45.<\/p>\n<p>Ce film est une com\u00e9die r\u00e9alis\u00e9e par Georges Lautner, sortie en 1976.<\/p>\n<p>Ces s\u00e9ances sont propos\u00e9es dans le cadre du cycle \u2018\u2018L\u2019humour \u00e0 la plage\u2019\u2019 du programme Cin\u00e9Collection, organis\u00e9 par le Groupement r\u00e9gional d\u2019actions cin\u00e9matographiques (Grac).<\/p>\n<p>C\u2019est l\u2019occasion de voir ou revoir cette com\u00e9die r\u00e9unissant Jean-Pierre Marielle et Pierre Richard au cin\u00e9ma.<\/p>\n<p class=\"note\">Lundi 11\u00a0ao\u00fbt \u00e0 16 heures et 20\u00a0h\u00a045 au Family Cin\u00e9ma. Site\u00a0: family-cinema.com<\/p>\n","protected":false},"excerpt":{"rendered":"Lundi 11\u00a0ao\u00fbt, le cin\u00e9ma Family diffusera le film On aura tout vu\u00a0!. Deux s\u00e9ances sont pr\u00e9vues, une \u00e0&hellip;\n","protected":false},"author":2,"featured_media":30227,"comment_status":"","ping_status":"","sticky":false,"template":"","format":"standard","meta":{"footnotes":""},"categories":[9653],"tags":[1111,11,2430,650,1687,7359,1777,674,1011,27,12,25,4001,20524,20525],"class_list":{"0":"post-309476","1":"post","2":"type-post","3":"status-publish","4":"format-standard","5":"has-post-thumbnail","7":"category-saint-etienne","8":"tag-actu","9":"tag-actualites","10":"tag-auvergne-rhone-alpes","11":"tag-cinema","12":"tag-culture-loisirs","13":"tag-edition-loire-centre","14":"tag-eu","15":"tag-europe","16":"tag-fr","17":"tag-france","18":"tag-news","19":"tag-republique-francaise","20":"tag-saint-etienne","21":"tag-saint-just-saint-rambert","22":"tag-saint-just-saint-rambert-ville"},"share_on_mastodon":{"url":"https:\/\/pubeurope.com\/@fr\/115004670258921492","error":""},"_links":{"self":[{"href":"https:\/\/www.europesays.com\/fr\/wp-json\/wp\/v2\/posts\/309476","targetHints":{"allow":["GET"]}}],"collection":[{"href":"https:\/\/www.europesays.com\/fr\/wp-json\/wp\/v2\/posts"}],"about":[{"href":"https:\/\/www.europesays.com\/fr\/wp-json\/wp\/v2\/types\/post"}],"author":[{"embeddable":true,"href":"https:\/\/www.europesays.com\/fr\/wp-json\/wp\/v2\/users\/2"}],"replies":[{"embeddable":true,"href":"https:\/\/www.europesays.com\/fr\/wp-json\/wp\/v2\/comments?post=309476"}],"version-history":[{"count":0,"href":"https:\/\/www.europesays.com\/fr\/wp-json\/wp\/v2\/posts\/309476\/revisions"}],"wp:featuredmedia":[{"embeddable":true,"href":"https:\/\/www.europesays.com\/fr\/wp-json\/wp\/v2\/media\/30227"}],"wp:attachment":[{"href":"https:\/\/www.europesays.com\/fr\/wp-json\/wp\/v2\/media?parent=309476"}],"wp:term":[{"taxonomy":"category","embeddable":true,"href":"https:\/\/www.europesays.com\/fr\/wp-json\/wp\/v2\/categories?post=309476"},{"taxonomy":"post_tag","embeddable":true,"href":"https:\/\/www.europesays.com\/fr\/wp-json\/wp\/v2\/tags?post=309476"}],"curies":[{"name":"wp","href":"https:\/\/api.w.org\/{rel}","templated":true}]}}