{"id":309483,"date":"2025-08-10T13:25:17","date_gmt":"2025-08-10T13:25:17","guid":{"rendered":"https:\/\/www.europesays.com\/fr\/309483\/"},"modified":"2025-08-10T13:25:17","modified_gmt":"2025-08-10T13:25:17","slug":"ce-que-lon-sait-de-son-hospitalisation-secrete","status":"publish","type":"post","link":"https:\/\/www.europesays.com\/fr\/309483\/","title":{"rendered":"ce que l\u2019on sait de son hospitalisation secr\u00e8te"},"content":{"rendered":"<p>                                        <img decoding=\"async\" src=\"https:\/\/www.europesays.com\/fr\/wp-content\/uploads\/2025\/08\/bfbf8106a471fea710f60259c02bf78e22f0332000885a655540643819191463.jpg\" alt=\"GALA VIDEO - Jean-Claude Van Damme, 64 ans, op\u00e9r\u00e9 \u00e0 Montpellier\u00a0: ce que l\u2019on sait de son hospitalisation secr\u00e8te\" class=\"a11y-hidden\"\/><\/p>\n<p class=\"fig-standfirst\">Jean-Claude Van Damme a r\u00e9cemment \u00e9t\u00e9 hospitalis\u00e9 dans la r\u00e9gion de Montpellier. Samedi 9 ao\u00fbt 2025, Midi Libre est revenu sur son s\u00e9jour de plusieurs jours dans une clinique priv\u00e9e. Voici ce que l\u2019on sait.<\/p>\n<p class=\"fig-paragraph\">Ce n\u2019est pas la perspective de vacances ensoleill\u00e9es qui a men\u00e9\u00a0<a href=\"https:\/\/www.gala.fr\/l_actu\/news_de_stars\/jean-claude-van-damme-une-plainte-deposee-pour-attentat-a-la-pudeur-contre-lacteur_492228\" target=\"_blank\" data-fig-type=\"Article\" rel=\"noopener nofollow\" data-gtm-custom-categorie=\"navigation\" data-gtm-custom-action=\"crossclick\" data-gtm-custom-label=\"Contextuel\" data-gtm-event=\"customEventSPE\" data-fig-domain=\"GALA\">Jean-Claude Van Damme<\/a>\u00a0jusqu\u2019\u00e0 la r\u00e9gion de Montpellier. L\u2019acteur s\u2019est r\u00e9cemment rendu dans l\u2019H\u00e9rault o\u00f9 il a pass\u00e9 un s\u00e9jour \u00e0 l\u2019h\u00f4pital. Il a \u00e9t\u00e9 pris en charge par\u00a0<a href=\"https:\/\/www.gala.fr\/l_actu\/news_de_stars\/renaud-hopitalise-le-chanteur-dans-un-etat-preoccupant_419575\" target=\"_blank\" data-fig-type=\"Article\" rel=\"noopener nofollow\" data-gtm-custom-categorie=\"navigation\" data-gtm-custom-action=\"crossclick\" data-gtm-custom-label=\"Contextuel\" data-gtm-event=\"customEventSPE\" data-fig-domain=\"GALA\">la clinique du Parc \u00e0 Castelnau-le-Lez<\/a>, o\u00f9 il a \u00e9t\u00e9 op\u00e9r\u00e9 du dos, a r\u00e9v\u00e9l\u00e9\u00a0<a href=\"https:\/\/www.midilibre.fr\/2025\/08\/09\/jean-claude-van-damme-a-montpellier-lacteur-a-subi-une-delicate-operation-a-la-clinique-du-parc-12868453.php\" target=\"_blank\" rel=\"sponsored noopener nofollow\" data-gtm-custom-categorie=\"navigation\" data-gtm-custom-action=\"crossclick\" data-gtm-custom-label=\"Contextuel\" data-gtm-event=\"customEventSPE\">Midi Libre<\/a>, samedi 9 ao\u00fbt 2025. \u00abNormalement je ne communique pas sur l\u2019identit\u00e9 de nos patients durant leur s\u00e9jour. Mais oui, je vous confirme qu\u2019il \u00e9tait chez nous pendant huit jours\u00bb, a d\u00e9clar\u00e9 le docteur Serge Constantin, \u00e0 la t\u00eate du groupe d\u2019hospitalisation priv\u00e9e auquel appartient cette clinique.<\/p>\n<p class=\"fig-paragraph\">Le m\u00e9decin en profite pour vanter, dans le quotidien, les qualit\u00e9s de son \u00e9tablissement\u00a0: \u00abNous avons une \u00e9quipe de quatre chirurgiens sp\u00e9cialis\u00e9s dans la colonne vert\u00e9brale.\u00bb De quoi s\u00e9duire le Belge, expert des arts martiaux, qui \u00abconna\u00eet la clinique du Parc pour y \u00eatre lui-m\u00eame pass\u00e9\u00bb. Sans pr\u00e9ciser les d\u00e9tails de l\u2019op\u00e9ration subie par Jean-Claude Van\u00a0Damme, les journalistes pr\u00e9cisent qu\u2019elle se serait bien pass\u00e9e. Depuis, l\u2019acteur, qui vit entre Hong Kong et\u00a0<a href=\"https:\/\/www.gala.fr\/l_actu\/news_de_stars\/jean-claude_van_damne_vend_sa_maison_pour_10_millions_de_dollars_346222\" target=\"_blank\" data-fig-type=\"Article\" rel=\"noopener nofollow\" data-gtm-custom-categorie=\"navigation\" data-gtm-custom-action=\"crossclick\" data-gtm-custom-label=\"Contextuel\" data-gtm-event=\"customEventSPE\" data-fig-domain=\"GALA\">Los Angeles<\/a>, se repose dans un h\u00f4tel de la r\u00e9gion.<\/p>\n<p>    <a href=\"#slideshow-header\"><\/p>\n<p class=\"fig-slideshow__title\">\n                    PHOTOS &#8211; In\u00e8s et Jean-Claude Van Damme, Jenifer et Alban Bartoli&#8230; Ces personnalit\u00e9s ont le m\u00eame nom mais ont-elles un lien de parent\u00e9\u00a0?\n                <\/p>\n<p>    <\/a><\/p>\n<p>                                    <a class=\"fig-a11y-skip a11y-hidden\" href=\"#fig-a11y-skip-main-inarticle\"><br \/>\n        Passer la publicit\u00e9<br \/>\n    <\/a><\/p>\n<p>Jean-Claude Van Damme\u00a0: ces lourdes accusations qu\u2019il juge \u00ab\u00a0absurdes\u00a0\u00bb<\/p>\n<p class=\"fig-paragraph\">En 2022, Jean-Claude Van\u00a0Damme annon\u00e7ait\u00a0<a href=\"https:\/\/www.gala.fr\/l_actu\/news_de_stars\/jean-claude-van-damme-prend-sa-retraite-je-veux-profiter-de-ma-vie-et-de-ma-famille_487167\" target=\"_blank\" data-fig-type=\"Article\" rel=\"noopener nofollow\" data-gtm-custom-categorie=\"navigation\" data-gtm-custom-action=\"crossclick\" data-gtm-custom-label=\"Contextuel\" data-gtm-event=\"customEventSPE\" data-fig-domain=\"GALA\">prendre sa retraite<\/a>, afin de \u00abprofiter de [sa] vie et de [sa] famille, car la vie passe vite\u00bb. Il s\u2019est alors fait plus discret dans les m\u00e9dias, avant qu\u2019une enqu\u00eate ne soit ouverte, le 9 avril dernier. La star de Bloodsport est\u00a0<a href=\"https:\/\/www.gala.fr\/l_actu\/news_de_stars\/jean-claude-van-damme-vise-par-de-lourdes-accusations-il-replique-c-est-grotesque-20250410\" target=\"_blank\" data-fig-type=\"Article\" rel=\"noopener nofollow\" data-gtm-custom-categorie=\"navigation\" data-gtm-custom-action=\"crossclick\" data-gtm-custom-label=\"Contextuel\" data-gtm-event=\"customEventSPE\" data-fig-domain=\"GALA\">accus\u00e9e d\u2019avoir profit\u00e9 de la compagnie de cinq femmes<\/a>\u00a0\u00aboffertes\u00bb par \u00abplusieurs Roumains [qui] font actuellement l\u2019objet d\u2019une enqu\u00eate pour constitution d\u2019un groupe criminel et prox\u00e9n\u00e9tisme\u00bb, en 2015 \u00e0 Cannes, a pr\u00e9cis\u00e9 l\u2019avocat d\u2019une des victimes pr\u00e9sum\u00e9es.<\/p>\n<p class=\"fig-paragraph\">\u00abIl ressort tr\u00e8s clairement des t\u00e9moignages que Jean-Claude Van\u00a0Damme savait que ces personnes \u00e9taient exploit\u00e9es\u00bb, a-t-il aussi affirm\u00e9, repris par le m\u00e9dia\u00a0<a href=\"https:\/\/www.antena3.ro\/actualitate\/jean-claude-van-damme-are-plangere-penala-la-diicot-e-acuzat-ca-ar-fi-facut-sex-cu-romance-traficate-de-reteaua-lui-morel-bolea-741280.html\" target=\"_blank\" rel=\"sponsored noopener nofollow\" data-gtm-custom-categorie=\"navigation\" data-gtm-custom-action=\"crossclick\" data-gtm-custom-label=\"Contextuel\" data-gtm-event=\"customEventSPE\">Antena 3<\/a>\u00a0et par\u00a0<a href=\"https:\/\/www.lefigaro.fr\/culture\/jean-claude-van-damme-accuse-d-avoir-eu-des-relations-sexuelles-avec-cinq-femmes-roumaines-exploitees-20250408\" target=\"_blank\" data-fig-type=\"Article\" rel=\"noopener nofollow\" data-gtm-custom-categorie=\"navigation\" data-gtm-custom-action=\"crossclick\" data-gtm-custom-label=\"Contextuel\" data-gtm-event=\"customEventSPE\" data-fig-domain=\"LEFIGARO\">Le Figaro<\/a> . De son c\u00f4t\u00e9, l\u2019agent de l\u2019acteur, Patrick Goavec, l\u2019a d\u00e9fendu dans un communiqu\u00e9\u00a0: \u00abLes faits rapport\u00e9s sont \u00e0 la fois grotesques et inexistants. M. Van Damme ne souhaite pas commenter ou alimenter cette rumeur, qui est aussi absurde qu\u2019infond\u00e9e.\u00bb Affaire \u00e0 suivre.<\/p>\n<p class=\"fig-paragraph\">Article \u00e9crit en collaboration avec 6Medias.<\/p>\n","protected":false},"excerpt":{"rendered":"Jean-Claude Van Damme a r\u00e9cemment \u00e9t\u00e9 hospitalis\u00e9 dans la r\u00e9gion de Montpellier. Samedi 9 ao\u00fbt 2025, Midi Libre&hellip;\n","protected":false},"author":2,"featured_media":309484,"comment_status":"","ping_status":"","sticky":false,"template":"","format":"standard","meta":{"footnotes":""},"categories":[9599],"tags":[253,1111,11,18604,1777,674,1011,27,16448,1403,2208,12,2680,25,9456,71],"class_list":{"0":"post-309483","1":"post","2":"type-post","3":"status-publish","4":"format-standard","5":"has-post-thumbnail","7":"category-montpellier","8":"tag-acteur","9":"tag-actu","10":"tag-actualites","11":"tag-chirurgie","12":"tag-eu","13":"tag-europe","14":"tag-fr","15":"tag-france","16":"tag-hospitalisation","17":"tag-jean-claude-van-damme","18":"tag-montpellier","19":"tag-news","20":"tag-occitanie","21":"tag-republique-francaise","22":"tag-revelations","23":"tag-sante"},"share_on_mastodon":{"url":"https:\/\/pubeurope.com\/@fr\/115004697711695102","error":""},"_links":{"self":[{"href":"https:\/\/www.europesays.com\/fr\/wp-json\/wp\/v2\/posts\/309483","targetHints":{"allow":["GET"]}}],"collection":[{"href":"https:\/\/www.europesays.com\/fr\/wp-json\/wp\/v2\/posts"}],"about":[{"href":"https:\/\/www.europesays.com\/fr\/wp-json\/wp\/v2\/types\/post"}],"author":[{"embeddable":true,"href":"https:\/\/www.europesays.com\/fr\/wp-json\/wp\/v2\/users\/2"}],"replies":[{"embeddable":true,"href":"https:\/\/www.europesays.com\/fr\/wp-json\/wp\/v2\/comments?post=309483"}],"version-history":[{"count":0,"href":"https:\/\/www.europesays.com\/fr\/wp-json\/wp\/v2\/posts\/309483\/revisions"}],"wp:featuredmedia":[{"embeddable":true,"href":"https:\/\/www.europesays.com\/fr\/wp-json\/wp\/v2\/media\/309484"}],"wp:attachment":[{"href":"https:\/\/www.europesays.com\/fr\/wp-json\/wp\/v2\/media?parent=309483"}],"wp:term":[{"taxonomy":"category","embeddable":true,"href":"https:\/\/www.europesays.com\/fr\/wp-json\/wp\/v2\/categories?post=309483"},{"taxonomy":"post_tag","embeddable":true,"href":"https:\/\/www.europesays.com\/fr\/wp-json\/wp\/v2\/tags?post=309483"}],"curies":[{"name":"wp","href":"https:\/\/api.w.org\/{rel}","templated":true}]}}