{"id":309485,"date":"2025-08-10T13:27:09","date_gmt":"2025-08-10T13:27:09","guid":{"rendered":"https:\/\/www.europesays.com\/fr\/309485\/"},"modified":"2025-08-10T13:27:09","modified_gmt":"2025-08-10T13:27:09","slug":"fin-dun-resto-mythique-commercant-accuse-de-viol-tremies-le-recap-de-lactu-de-la-semaine-a-rouen","status":"publish","type":"post","link":"https:\/\/www.europesays.com\/fr\/309485\/","title":{"rendered":"Fin d&rsquo;un resto mythique, commer\u00e7ant accus\u00e9 de viol, tr\u00e9mies&#8230; Le r\u00e9cap&rsquo; de l&rsquo;actu de la semaine \u00e0 Rouen"},"content":{"rendered":"<p>            Par<br \/>\n        <strong><br \/>\n            <a href=\"https:\/\/actu.fr\/auteur\/fmass\" title=\"Consulter tous les articles de Fabien Massin\" target=\"_blank\" rel=\"noopener\">Fabien Massin<\/a><br \/>\n        <\/strong><\/p>\n<p>        Publi\u00e9 le<\/p>\n<p>            10 ao\u00fbt 2025 \u00e0 15h20        <\/p>\n<p>C\u2019est les vacances, vous \u00eates peut-\u00eatre loin de <a href=\"https:\/\/actu.fr\/normandie\/rouen_76540\" target=\"_blank\" rel=\"noopener\">Rouen (Seine-Maritime)<\/a> ou alors vous \u00eates tout juste de retour dans la<a href=\"https:\/\/actu.fr\/societe\/la-question-pas-bete-est-veritable-ville-cent-clochers-normandie_21315416.html\" target=\"_blank\" rel=\"noopener\"> ville aux cents clochers<\/a>. Dans ce cas c\u2019est l\u2019heure de se mettre \u00e0 la page de l\u2019actu avec le<strong> r\u00e9cap\u2019 hebdomadaire des \u00e9v\u00e9nements et choses \u00e0 savoir<\/strong> en cette premi\u00e8re quinzaine d\u2019ao\u00fbt 2025.\u00a0<\/p>\n<p>Les infos de la semaine \u00e0 Rouen\u00a0<\/p>\n<p class=\"expresso-item wall-content\"><a title=\"Lire l&#039;article\" href=\"https:\/\/actu.fr\/normandie\/rouen_76540\/au-chu-de-rouen-decouvrez-le-centre-ou-naissent-les-traitements-de-demain_62982705.html\" target=\"_blank\" rel=\"noopener\"><strong>Au CHU de Rouen, d\u00e9couvrez le centre o\u00f9 naissent les traitements de demain<\/strong><\/a><br \/>Le Centre d\u2019investigation clinique de Rouen m\u00e8ne des exp\u00e9rimentations cliniques encadr\u00e9es avec des volontaires sains et des patients. Il travaille en lien direct avec le CHU.<\/p>\n<p class=\"expresso-item wall-content\"><a title=\"Lire l&#039;article\" href=\"https:\/\/actu.fr\/normandie\/rouen_76540\/ce-restaurant-mythique-de-rouen-ferme-ses-portes-un-couple-est-venu-tous-les-vendredis-pendant-30-ans_63000000.html\" target=\"_blank\" rel=\"noopener\"><strong>Ce restaurant mythique de Rouen ferme ses portes : \u00ab\u00a0Un couple est venu tous les vendredis pendant 30 ans \u00bb<\/strong><\/a><br \/>C\u2019\u00e9tait l\u2019un des repaires pour les amateurs de cuisine exotique \u00e0 Rouen. Un restaurant bien connu de l\u2019hypercentre ferme ses portes apr\u00e8s 30 ans d\u2019activit\u00e9.<\/p>\n<p class=\"expresso-item wall-content\"><a title=\"Lire l&#039;article\" href=\"https:\/\/actu.fr\/normandie\/rouen_76540\/un-bus-innovant-devait-parcourir-rouen-mais-reste-au-placard-pourquoi_62999927.html\" target=\"_blank\" rel=\"noopener\"><strong>Un bus innovant doit parcourir Rouen mais reste au placard : jusqu\u2019\u00e0 quand ?<\/strong><\/a><br \/>La M\u00e9tropole de Rouen (Seine-Maritime) va exp\u00e9rimenter un bus \u00e0 induction, syst\u00e8me qui permet aux bus \u00e9lectriques de recharger leurs batteries en roulant. Explications.<\/p>\n<p class=\"expresso-item wall-content\"><a title=\"Lire l&#039;article\" href=\"https:\/\/actu.fr\/normandie\/rouen_76540\/accuse-de-viol-sur-une-ado-a-rouen-ce-que-l-on-sait-du-commercant-place-en-detention-provisoire_63016768.html\" target=\"_blank\" rel=\"noopener\"><strong>Accus\u00e9 de viol sur une ado \u00e0 Rouen : ce que l\u2019on sait du commer\u00e7ant plac\u00e9 en d\u00e9tention provisoire<\/strong><\/a><br \/>On en sait plus sur le commer\u00e7ant du centre-ville de Rouen accus\u00e9 de viol sur une adolescente. Il vient d\u2019\u00eatre plac\u00e9 en d\u00e9tention provisoire en attente de son jugement.<\/p>\n<p class=\"expresso-item wall-content\"><a title=\"Lire l&#039;article\" href=\"https:\/\/actu.fr\/normandie\/rouen_76540\/comment-le-jardin-des-plantes-de-rouen-s-adapte-au-changement-climatique_62903319.html\" target=\"_blank\" rel=\"noopener\"><strong>Comment le Jardin des Plantes de Rouen s\u2019adapte au changement climatique<\/strong><\/a><br \/>Le Jardin des Plantes de Rouen innove, depuis quelques ann\u00e9es, pour limiter les d\u00e9g\u00e2ts du r\u00e9chauffement climatique sur les esp\u00e8ces du jardin botanique et du verger conservatoire.<\/p>\n<p>Bon \u00e0 savoir \u00e0 Rouen<\/p>\n<p class=\"expresso-item wall-content\"><a title=\"Lire l&#039;article\" href=\"https:\/\/actu.fr\/normandie\/rouen_76540\/passee-chez-cyril-lignac-claire-propose-ses-patisseries-aux-fleurs-a-rouen_62945810.html\" target=\"_blank\" rel=\"noopener\"><strong>Pass\u00e9e chez Cyril Lignac, Claire propose ses p\u00e2tisseries aux fleurs \u00e0 Rouen<\/strong><\/a><br \/>La place des Carmes \u00e0 Rouen (Seine-Maritime) accueille un nouveau commerce : Fleurs Sucr\u00e9es, une enseigne sp\u00e9cialis\u00e9e dans les p\u00e2tisseries. Pr\u00e9sentation.<\/p>\n<p class=\"expresso-item wall-content\"><a title=\"Lire l&#039;article\" href=\"https:\/\/actu.fr\/normandie\/rouen_76540\/la-metropole-de-rouen-alerte-sur-une-nouvelle-pratique-suspecte-mefiez-vous_63013489.html\" target=\"_blank\" rel=\"noopener\"><strong>La M\u00e9tropole de Rouen alerte sur une nouvelle pratique suspecte : m\u00e9fiez-vous !<\/strong><\/a><br \/>En ao\u00fbt 2025, la M\u00e9tropole de Rouen a tenu \u00e0 lancer une alerte sur une nouvelle pratique suspecte, et appelle donc \u00e0 la plus grande vigilance.<\/p>\n<p class=\"expresso-item wall-content\"><a title=\"Lire l&#039;article\" href=\"https:\/\/actu.fr\/normandie\/rouen_76540\/les-redoutables-tremies-de-rouen-frappent-peu-cet-ete-et-il-y-a-une-bonne-raison-a-cela_62999676.html\" target=\"_blank\" rel=\"noopener\"><strong>Les redoutables tr\u00e9mies de Rouen frappent peu cet \u00e9t\u00e9 et il y a de bonnes raisons \u00e0 cela<\/strong><\/a><br \/>Les journalistes de la r\u00e9daction de 76actu ont constat\u00e9 en 2025 une diminution des accidents de tr\u00e9mies depuis le d\u00e9but de l\u2019\u00e9t\u00e9, une saison pourtant propice.<\/p>\n<p class=\"expresso-item wall-content\"><a title=\"Lire l&#039;article\" href=\"https:\/\/actu.fr\/normandie\/rouen_76540\/cet-illustrateur-realise-une-incroyable-carte-de-rouen-c-est-une-declaration-de-sympathie_63015826.html\" target=\"_blank\" rel=\"noopener\"><strong>Cet illustrateur r\u00e9alise une incroyable carte de Rouen : \u00ab C\u2019est une d\u00e9claration de sympathie \u00bb<\/strong><\/a><br \/>Emmanuel Lemaire, illustrateur \u00e0 Rouen, s\u2019est attaqu\u00e9 \u00e0 un nouveau projet : r\u00e9aliser une carte de la ville, \u00e0 sa mani\u00e8re. Le r\u00e9sultat est aussi personnel que surprenant.<\/p>\n<p class=\"expresso-item wall-content\"><a title=\"Lire l&#039;article\" href=\"https:\/\/actu.fr\/normandie\/rouen_76540\/bar-prefere-des-rouennais-2025-les-votes-sont-ouverts-a-vous-de-jouer_62623521.html\" target=\"_blank\" rel=\"noopener\"><strong>Bar pr\u00e9f\u00e9r\u00e9 des Rouennais 2025 : vous pouvez encore voter pour votre favori parmi 51 candidats !<\/strong><\/a><br \/>Vous n\u2019avez pas encore particip\u00e9 au concours du Bar pr\u00e9f\u00e9r\u00e9 des Rouennais 2025 ? Il est toujours possible de voter ! Cette ann\u00e9e, 51 \u00e9tablissements de Rouen sont candidats.<\/p>\n<p>Suivez l\u2019actualit\u00e9 de Rouen sur notre <a href=\"https:\/\/www.whatsapp.com\/channel\/0029VaKfnf99hXF2ddApFB1D\" target=\"_blank\" rel=\"noopener\">cha\u00eene WhatsApp<\/a> et sur notre <a href=\"https:\/\/www.tiktok.com\/@76actu.fr?lang=fr\" target=\"_blank\" rel=\"noopener\">compte TikTok<\/a><\/p>\n<p class=\" wall-content\">Suivez toute l\u2019actualit\u00e9 de vos villes et m\u00e9dias favoris en vous inscrivant \u00e0 <a href=\"https:\/\/moncompte.actu.fr\" title=\"D\u00e9couvez Mon Actu\" rel=\"nofollow noopener\" data-trk=\"{&quot;cta&quot;:{&quot;action&quot;:&quot;https:\\\/\\\/moncompte.actu.fr&quot;,&quot;category&quot;:&quot;mon compte&quot;,&quot;from&quot;:&quot;article footer&quot;,&quot;name&quot;:&quot;Mon actu&quot;,&quot;type&quot;:&quot;cta&quot;}}\" target=\"_blank\">Mon Actu<\/a>.<\/p>\n<p>                    <script async src=\"\/\/www.tiktok.com\/embed.js\"><\/script><\/p>\n","protected":false},"excerpt":{"rendered":"Par Fabien Massin Publi\u00e9 le 10 ao\u00fbt 2025 \u00e0 15h20 C\u2019est les vacances, vous \u00eates peut-\u00eatre loin de&hellip;\n","protected":false},"author":2,"featured_media":309486,"comment_status":"","ping_status":"","sticky":false,"template":"","format":"standard","meta":{"footnotes":""},"categories":[9587],"tags":[1111,11,9086,9682,1777,674,1011,27,12,5161,25,9590,104,30767],"class_list":{"0":"post-309485","1":"post","2":"type-post","3":"status-publish","4":"format-standard","5":"has-post-thumbnail","7":"category-rouen","8":"tag-actu","9":"tag-actualites","10":"tag-bon-plan-a-rouen","11":"tag-chu-rouen","12":"tag-eu","13":"tag-europe","14":"tag-fr","15":"tag-france","16":"tag-news","17":"tag-normandie","18":"tag-republique-francaise","19":"tag-rouen","20":"tag-societe","21":"tag-tremies"},"share_on_mastodon":{"url":"https:\/\/pubeurope.com\/@fr\/115004705487195414","error":""},"_links":{"self":[{"href":"https:\/\/www.europesays.com\/fr\/wp-json\/wp\/v2\/posts\/309485","targetHints":{"allow":["GET"]}}],"collection":[{"href":"https:\/\/www.europesays.com\/fr\/wp-json\/wp\/v2\/posts"}],"about":[{"href":"https:\/\/www.europesays.com\/fr\/wp-json\/wp\/v2\/types\/post"}],"author":[{"embeddable":true,"href":"https:\/\/www.europesays.com\/fr\/wp-json\/wp\/v2\/users\/2"}],"replies":[{"embeddable":true,"href":"https:\/\/www.europesays.com\/fr\/wp-json\/wp\/v2\/comments?post=309485"}],"version-history":[{"count":0,"href":"https:\/\/www.europesays.com\/fr\/wp-json\/wp\/v2\/posts\/309485\/revisions"}],"wp:featuredmedia":[{"embeddable":true,"href":"https:\/\/www.europesays.com\/fr\/wp-json\/wp\/v2\/media\/309486"}],"wp:attachment":[{"href":"https:\/\/www.europesays.com\/fr\/wp-json\/wp\/v2\/media?parent=309485"}],"wp:term":[{"taxonomy":"category","embeddable":true,"href":"https:\/\/www.europesays.com\/fr\/wp-json\/wp\/v2\/categories?post=309485"},{"taxonomy":"post_tag","embeddable":true,"href":"https:\/\/www.europesays.com\/fr\/wp-json\/wp\/v2\/tags?post=309485"}],"curies":[{"name":"wp","href":"https:\/\/api.w.org\/{rel}","templated":true}]}}