{"id":309495,"date":"2025-08-10T13:37:17","date_gmt":"2025-08-10T13:37:17","guid":{"rendered":"https:\/\/www.europesays.com\/fr\/309495\/"},"modified":"2025-08-10T13:37:17","modified_gmt":"2025-08-10T13:37:17","slug":"vigilance-orange-canicule-la-france-passera-de-42-departements-concernes-ce-dimanche-a-46-lundi-34c-attendus-dans-les-alpes-maritimes-et-37c-dans-le-var","status":"publish","type":"post","link":"https:\/\/www.europesays.com\/fr\/309495\/","title":{"rendered":"Vigilance orange \u00ab\u00a0canicule\u00a0\u00bb: la France passera de 42 d\u00e9partements concern\u00e9s ce dimanche \u00e0 46 lundi, 34\u00b0C attendus dans les Alpes-Maritimes et 37\u00b0C dans le Var"},"content":{"rendered":"<p>Plus de la moiti\u00e9 de l&rsquo;Hexagone, avec <strong>46 d\u00e9partements centraux et de la partie Sud<\/strong>, sera plac\u00e9e en vigilance orange canicule lundi, a annonc\u00e9 M\u00e9t\u00e9o-France dimanche matin dans un bulletin actualis\u00e9.<\/p>\n<p><strong>\u00ab\u00a0La vague de chaleur (&#8230;) se poursuit et s&rsquo;\u00e9tend.<\/strong> Le pic est attendu entre lundi et mardi. Elle devrait durer jusqu&rsquo;en fin de semaine prochaine\u00a0\u00bb, a \u00e9crit l&rsquo;institut dans une mise \u00e0 jour vers 6h15.<\/p>\n<p>La Sa\u00f4ne-et-Loire et le Jura s&rsquo;\u00e9taient <strong>ajout\u00e9s samedi soir aux 40\u00a0d\u00e9partements\u00a0plac\u00e9s en vigilance orange<\/strong> \u00e0 partir de ce dimanche midi, et l&rsquo;alerte \u00ab\u00a0est encore susceptible d&rsquo;\u00eatre \u00e9tendue en fonction de l&rsquo;\u00e9volution des temp\u00e9ratures\u00a0\u00bb, indique l&rsquo;\u00e9tablissement public.<\/p>\n<p>Le thermom\u00e8tre devrait ainsi grimper \u00ab\u00a0fr\u00e9quemment\u00a0\u00bb jusqu&rsquo;\u00e0 40\u00b0C, voire les \u00ab\u00a0d\u00e9passer\u00a0\u00bb <strong>dans l&rsquo;H\u00e9rault, le Var et le sud des d\u00e9partements de l&rsquo;Ard\u00e8che et de la Dr\u00f4me<\/strong>, a-t-il pr\u00e9venu.<\/p>\n<p>Au plus chaud de la journ\u00e9e, <strong>42\u00b0C sont \u00e9galement attendus \u00e0 N\u00eemes et 40\u00b0C \u00e0 Perpignan<\/strong>, avec des pointes \u00e0 38\u00b0C \u00e0 Bordeaux et Toulouse dans l&rsquo;apr\u00e8s-midi.<\/p>\n<p>\u00ab\u00a0Le pic est attendu entre lundi et mardi\u00a0\u00bb pour cette canicule, <strong>qui \u00ab\u00a0devrait durer jusqu&rsquo;en fin de semaine prochaine\u00a0\u00bb<\/strong>, a \u00e9crit M\u00e9t\u00e9o-France.<\/p>\n<p>Apr\u00e8s une premi\u00e8re vague de chaleur cette ann\u00e9e du 19 juin au 4 juillet, <strong>c&rsquo;est la 51\u00e8me enregistr\u00e9e en France depuis 1947<\/strong>.<\/p>\n<p>                                Quelles temp\u00e9ratures ce dimanche dans les Alpes-Maritimes et le Var?<\/p>\n<p>Dans les Alpes-Maritimes, il devrait faire ce dimanche <strong>entre 32\u00b0C le matin et 34\u00b0C l&rsquo;apr\u00e8s-midi<\/strong>.\u00a0<\/p>\n<p>Dans le Var, les temp\u00e9ratures minimales seront <strong>elles aussi de l&rsquo;ordre de 32\u00b0C partout ce matin<\/strong>, avant d&rsquo;atteindre <strong>jusqu&rsquo;\u00e0 37\u00b0C dans l&rsquo;apr\u00e8s-midi<\/strong>, notamment dans le centre du d\u00e9partement.<\/p>\n<p>Cet \u00e9pisode, qui n\u00e9cessite \u00ab\u00a0une vigilance particuli\u00e8re notamment pour les personnes sensibles ou expos\u00e9es\u00a0\u00bb, a soulign\u00e9 M\u00e9t\u00e9o-France.<\/p>\n<p>Prenez dont les pr\u00e9cautions d&rsquo;usage pour <strong>vous prot\u00e9ger, autant que faire se peut, de la chaleur et du soleil<\/strong>.<\/p>\n<p>            Le point sur le feu de l&rsquo;Aude<\/p>\n<p>Dans l&rsquo;Aude, <strong>le feu gigantesque qui a parcouru au cours de la semaine 16.000 hectares<\/strong>, dont 13.000 ont br\u00fbl\u00e9 selon la s\u00e9curit\u00e9 civile, ne devrait pas \u00eatre \u00ab\u00a0ma\u00eetris\u00e9\u00a0\u00bb avant dimanche soir, en raison de conditions m\u00e9t\u00e9o \u00ab\u00a0se rapprochant de celles du jour de d\u00e9part de l&rsquo;incendie\u00a0\u00bb, ont pr\u00e9venu les pompiers, <strong>avec un vent sec et chaud soufflant \u00e0 50 km\/h<\/strong>.<\/p>\n<p>De son c\u00f4t\u00e9, la SNCF a <strong>supprim\u00e9 plusieurs allers-retours sur les lignes Intercit\u00e9s Bordeaux-Marseille, Paris-Limoges-Toulouse et Paris-Clermont<\/strong>, craignant des \u00ab\u00a0pannes potentielles de climatisation\u00a0\u00bb sur ses wagons les plus anciens.<\/p>\n","protected":false},"excerpt":{"rendered":"Plus de la moiti\u00e9 de l&rsquo;Hexagone, avec 46 d\u00e9partements centraux et de la partie Sud, sera plac\u00e9e en&hellip;\n","protected":false},"author":2,"featured_media":230055,"comment_status":"","ping_status":"","sticky":false,"template":"","format":"standard","meta":{"footnotes":""},"categories":[2819],"tags":[1111,11,1777,674,1011,27,2487,12,2401,882,25],"class_list":{"0":"post-309495","1":"post","2":"type-post","3":"status-publish","4":"format-standard","5":"has-post-thumbnail","7":"category-nice","8":"tag-actu","9":"tag-actualites","10":"tag-eu","11":"tag-europe","12":"tag-fr","13":"tag-france","14":"tag-meteo","15":"tag-news","16":"tag-nice","17":"tag-provence-alpes-cote-dazur","18":"tag-republique-francaise"},"share_on_mastodon":{"url":"https:\/\/pubeurope.com\/@fr\/115004744822004320","error":""},"_links":{"self":[{"href":"https:\/\/www.europesays.com\/fr\/wp-json\/wp\/v2\/posts\/309495","targetHints":{"allow":["GET"]}}],"collection":[{"href":"https:\/\/www.europesays.com\/fr\/wp-json\/wp\/v2\/posts"}],"about":[{"href":"https:\/\/www.europesays.com\/fr\/wp-json\/wp\/v2\/types\/post"}],"author":[{"embeddable":true,"href":"https:\/\/www.europesays.com\/fr\/wp-json\/wp\/v2\/users\/2"}],"replies":[{"embeddable":true,"href":"https:\/\/www.europesays.com\/fr\/wp-json\/wp\/v2\/comments?post=309495"}],"version-history":[{"count":0,"href":"https:\/\/www.europesays.com\/fr\/wp-json\/wp\/v2\/posts\/309495\/revisions"}],"wp:featuredmedia":[{"embeddable":true,"href":"https:\/\/www.europesays.com\/fr\/wp-json\/wp\/v2\/media\/230055"}],"wp:attachment":[{"href":"https:\/\/www.europesays.com\/fr\/wp-json\/wp\/v2\/media?parent=309495"}],"wp:term":[{"taxonomy":"category","embeddable":true,"href":"https:\/\/www.europesays.com\/fr\/wp-json\/wp\/v2\/categories?post=309495"},{"taxonomy":"post_tag","embeddable":true,"href":"https:\/\/www.europesays.com\/fr\/wp-json\/wp\/v2\/tags?post=309495"}],"curies":[{"name":"wp","href":"https:\/\/api.w.org\/{rel}","templated":true}]}}