{"id":309497,"date":"2025-08-10T13:42:11","date_gmt":"2025-08-10T13:42:11","guid":{"rendered":"https:\/\/www.europesays.com\/fr\/309497\/"},"modified":"2025-08-10T13:42:11","modified_gmt":"2025-08-10T13:42:11","slug":"les-policiers-interviennent-a-temps-a-bordeaux","status":"publish","type":"post","link":"https:\/\/www.europesays.com\/fr\/309497\/","title":{"rendered":"les policiers interviennent \u00e0 temps \u00e0 Bordeaux"},"content":{"rendered":"<p>            Par<br \/>\n        <strong><br \/>\n            <a href=\"https:\/\/actu.fr\/auteur\/redaction-bordeaux\" title=\"Consulter tous les articles de R\u00e9daction Bordeaux\" rel=\"nofollow noopener\" target=\"_blank\">R\u00e9daction Bordeaux<\/a><br \/>\n        <\/strong><\/p>\n<p>        Publi\u00e9 le<\/p>\n<p>            10 ao\u00fbt 2025 \u00e0 15h20        <\/p>\n<p>Un <strong>projet d\u2019assassinat en famille<\/strong> a \u00e9t\u00e9 stopp\u00e9 \u00e0 Bordeaux. D\u2019apr\u00e8s les informations de nos confr\u00e8res de <a href=\"https:\/\/rmc.bfmtv.com\/actualites\/police-justice\/faits-divers\/info-rmc-a-bordeaux-une-femme-comptait-tuer-son-ancien-compagnon-avec-la-complicite-de-son-fils_AV-202508090085.html\" rel=\"nofollow noopener\" target=\"_blank\">RMC<\/a>, confirm\u00e9es par le <a href=\"https:\/\/actu.fr\/nouvelle-aquitaine\/bordeaux_33063\/apres-le-documentaire-sur-bertrand-cantat-le-parquet-de-bordeaux-rouvre-l-enquete-sur-la-mort-de-son-ex-femme_62952038.html\" rel=\"nofollow noopener\" target=\"_blank\">parquet<\/a> de Bordeaux, trois personnes ont \u00e9t\u00e9 arr\u00eat\u00e9es le mardi 5\u00a0ao\u00fbt 2025.<\/p>\n<p class=\" wall-content\">Il s\u2019agit d\u2019une femme de 50\u00a0ans, son nouveau compagnon et son fils. Cette quinquag\u00e9naire avait comme ambition de <strong>tuer son ex-mari<\/strong>. Elle comptait sur la complicit\u00e9 de son fils de 26\u00a0ans pour arriver \u00e0 ses fins.<\/p>\n<p>D\u00e9nonc\u00e9e par sa propre fille<\/p>\n<p class=\" wall-content\">Toujours d\u2019apr\u00e8s RMC, le dimanche 3\u00a0ao\u00fbt, une fille s\u2019est point\u00e9e au commissariat de Bordeaux. Elle explique aux policiers que <strong>sa propre m\u00e8re<\/strong> pr\u00e9voit d\u2019organiser une tentative d\u2019assassinat sur son ex-mari car ce dernier lui r\u00e9clamerait de l\u2019argent depuis leur s\u00e9paration.<\/p>\n<p class=\" wall-content\">Deux jours plus tard, les suspects sont arr\u00eat\u00e9s \u00e0 l\u2019aide du Raid, \u00e0 proximit\u00e9 du domicile de la cible. Les trois individus ont \u00e9t\u00e9 <strong>mis en examen<\/strong> et plac\u00e9s en <strong>d\u00e9tention provisoire.<\/strong><\/p>\n<p class=\" wall-content\">Suivez toute l\u2019actualit\u00e9 de vos villes et m\u00e9dias favoris en vous inscrivant \u00e0 <a href=\"https:\/\/moncompte.actu.fr\" title=\"D\u00e9couvez Mon Actu\" rel=\"nofollow noopener\" data-trk=\"{&quot;cta&quot;:{&quot;action&quot;:&quot;https:\\\/\\\/moncompte.actu.fr&quot;,&quot;category&quot;:&quot;mon compte&quot;,&quot;from&quot;:&quot;article footer&quot;,&quot;name&quot;:&quot;Mon actu&quot;,&quot;type&quot;:&quot;cta&quot;}}\" target=\"_blank\">Mon Actu<\/a>.<\/p>\n","protected":false},"excerpt":{"rendered":"Par R\u00e9daction Bordeaux Publi\u00e9 le 10 ao\u00fbt 2025 \u00e0 15h20 Un projet d\u2019assassinat en famille a \u00e9t\u00e9 stopp\u00e9&hellip;\n","protected":false},"author":2,"featured_media":309498,"comment_status":"","ping_status":"","sticky":false,"template":"","format":"standard","meta":{"footnotes":""},"categories":[2817],"tags":[1111,11,1997,1777,674,118,1011,27,12,2219,1072,25],"class_list":{"0":"post-309497","1":"post","2":"type-post","3":"status-publish","4":"format-standard","5":"has-post-thumbnail","7":"category-bordeaux","8":"tag-actu","9":"tag-actualites","10":"tag-bordeaux","11":"tag-eu","12":"tag-europe","13":"tag-faits-divers","14":"tag-fr","15":"tag-france","16":"tag-news","17":"tag-nouvelle-aquitaine","18":"tag-police","19":"tag-republique-francaise"},"share_on_mastodon":{"url":"https:\/\/pubeurope.com\/@fr\/115004764546674320","error":""},"_links":{"self":[{"href":"https:\/\/www.europesays.com\/fr\/wp-json\/wp\/v2\/posts\/309497","targetHints":{"allow":["GET"]}}],"collection":[{"href":"https:\/\/www.europesays.com\/fr\/wp-json\/wp\/v2\/posts"}],"about":[{"href":"https:\/\/www.europesays.com\/fr\/wp-json\/wp\/v2\/types\/post"}],"author":[{"embeddable":true,"href":"https:\/\/www.europesays.com\/fr\/wp-json\/wp\/v2\/users\/2"}],"replies":[{"embeddable":true,"href":"https:\/\/www.europesays.com\/fr\/wp-json\/wp\/v2\/comments?post=309497"}],"version-history":[{"count":0,"href":"https:\/\/www.europesays.com\/fr\/wp-json\/wp\/v2\/posts\/309497\/revisions"}],"wp:featuredmedia":[{"embeddable":true,"href":"https:\/\/www.europesays.com\/fr\/wp-json\/wp\/v2\/media\/309498"}],"wp:attachment":[{"href":"https:\/\/www.europesays.com\/fr\/wp-json\/wp\/v2\/media?parent=309497"}],"wp:term":[{"taxonomy":"category","embeddable":true,"href":"https:\/\/www.europesays.com\/fr\/wp-json\/wp\/v2\/categories?post=309497"},{"taxonomy":"post_tag","embeddable":true,"href":"https:\/\/www.europesays.com\/fr\/wp-json\/wp\/v2\/tags?post=309497"}],"curies":[{"name":"wp","href":"https:\/\/api.w.org\/{rel}","templated":true}]}}