{"id":309507,"date":"2025-08-10T13:49:11","date_gmt":"2025-08-10T13:49:11","guid":{"rendered":"https:\/\/www.europesays.com\/fr\/309507\/"},"modified":"2025-08-10T13:49:11","modified_gmt":"2025-08-10T13:49:11","slug":"une-course-poursuite-depuis-bellecour-se-termine-sur-la7","status":"publish","type":"post","link":"https:\/\/www.europesays.com\/fr\/309507\/","title":{"rendered":"une course-poursuite depuis Bellecour se termine sur l\u2019A7"},"content":{"rendered":"<p>                            <img loading=\"lazy\" width=\"1200\" height=\"750\" class=\"attachment-article size-article wp-post-image lazyload\" alt=\"\" decoding=\"async\" src=\"https:\/\/www.europesays.com\/fr\/wp-content\/uploads\/2025\/04\/AFP__20230420__HL_FSCHEIBER_2040609__v1__HighRes__FranceSocietyLawPolice-e1725526637212.jpg\" data-eio-rwidth=\"1200\" data-eio-rheight=\"750\"\/><\/p>\n<p>Image d\u2019illustration policiers de la BAC. (Photo Frederic Scheiber \/ Hans Lucas \/ Hans Lucas via AFP)<\/p>\n<p class=\"content\" style=\"font-size:1.2em;font-weight:700\">Trois hommes ont \u00e9t\u00e9 interpell\u00e9s \u00e0 l\u2019aube, ce dimanche 10 ao\u00fbt, apr\u00e8s avoir tent\u00e9 d\u2019\u00e9chapper \u00e0 la police depuis la place Bellecour jusqu\u2019\u00e0 l\u2019autoroute A7.<\/p>\n<p>Vers 5 heures du matin ce dimanche, une voiture immatricul\u00e9e en Suisse a grill\u00e9 un feu rouge, attirant l\u2019attention de la BAC (Brigade anti-criminalit\u00e9). En refusant de s\u2019arr\u00eater, le conducteur a percut\u00e9 le v\u00e9hicule des policiers, d\u00e9clenchant une course-poursuite jusqu\u2019au niveau du mus\u00e9e des Confluences, a appris <a href=\"https:\/\/c.leprogres.fr\/faits-divers-justice\/2025\/08\/10\/la-course-poursuite-depuis-la-place-bellecour-se-termine-sur-l-autoroute-a7-trois-interpellations?at_content=link&amp;at_term=leprogreslyon&amp;at_campaign=Twitter&amp;at_medium=Social&amp;at_source=nonli\" target=\"_blank\" rel=\"noreferrer noopener\">Le Progr\u00e8s<\/a>.<\/p>\n<p>Les deux v\u00e9hicules se sont alors immobilis\u00e9s sur l\u2019autoroute, bloquant bri\u00e8vement la circulation. Les trois occupants ont \u00e9t\u00e9 plac\u00e9s en garde \u00e0 vue. L\u2019enqu\u00eate devra d\u00e9terminer les raisons du refus d\u2019obtemp\u00e9rer.<\/p>\n","protected":false},"excerpt":{"rendered":"Image d\u2019illustration policiers de la BAC. (Photo Frederic Scheiber \/ Hans Lucas \/ Hans Lucas via AFP) Trois&hellip;\n","protected":false},"author":2,"featured_media":12705,"comment_status":"","ping_status":"","sticky":false,"template":"","format":"standard","meta":{"footnotes":""},"categories":[1889],"tags":[1111,11,6955,2430,1777,674,118,1011,27,2428,12,25],"class_list":{"0":"post-309507","1":"post","2":"type-post","3":"status-publish","4":"format-standard","5":"has-post-thumbnail","7":"category-lyon","8":"tag-actu","9":"tag-actualites","10":"tag-autoroute","11":"tag-auvergne-rhone-alpes","12":"tag-eu","13":"tag-europe","14":"tag-faits-divers","15":"tag-fr","16":"tag-france","17":"tag-lyon","18":"tag-news","19":"tag-republique-francaise"},"share_on_mastodon":{"url":"https:\/\/pubeurope.com\/@fr\/115004792079057759","error":""},"_links":{"self":[{"href":"https:\/\/www.europesays.com\/fr\/wp-json\/wp\/v2\/posts\/309507","targetHints":{"allow":["GET"]}}],"collection":[{"href":"https:\/\/www.europesays.com\/fr\/wp-json\/wp\/v2\/posts"}],"about":[{"href":"https:\/\/www.europesays.com\/fr\/wp-json\/wp\/v2\/types\/post"}],"author":[{"embeddable":true,"href":"https:\/\/www.europesays.com\/fr\/wp-json\/wp\/v2\/users\/2"}],"replies":[{"embeddable":true,"href":"https:\/\/www.europesays.com\/fr\/wp-json\/wp\/v2\/comments?post=309507"}],"version-history":[{"count":0,"href":"https:\/\/www.europesays.com\/fr\/wp-json\/wp\/v2\/posts\/309507\/revisions"}],"wp:featuredmedia":[{"embeddable":true,"href":"https:\/\/www.europesays.com\/fr\/wp-json\/wp\/v2\/media\/12705"}],"wp:attachment":[{"href":"https:\/\/www.europesays.com\/fr\/wp-json\/wp\/v2\/media?parent=309507"}],"wp:term":[{"taxonomy":"category","embeddable":true,"href":"https:\/\/www.europesays.com\/fr\/wp-json\/wp\/v2\/categories?post=309507"},{"taxonomy":"post_tag","embeddable":true,"href":"https:\/\/www.europesays.com\/fr\/wp-json\/wp\/v2\/tags?post=309507"}],"curies":[{"name":"wp","href":"https:\/\/api.w.org\/{rel}","templated":true}]}}